{"id":2962,"date":"2026-03-26T10:13:06","date_gmt":"2026-03-26T10:13:06","guid":{"rendered":"https:\/\/iafgh.cat\/?p=2962"},"modified":"2026-03-26T10:13:06","modified_gmt":"2026-03-26T10:13:06","slug":"ha-mort-a-barcelona-el-23-de-marc-del-2026","status":"publish","type":"post","link":"https:\/\/iafgh.cat\/?p=2962","title":{"rendered":"Ha mort a Barcelona el 23 de mar\u00e7 del 2026"},"content":{"rendered":"\n<p>La Instituci\u00f3 Armand de Fluvi\u00e0 de Genealogia i Her\u00e0ldica, expressa el seu m\u00e9s sentit condol per la mort de l\u2019Il\u00b7lustr\u00edssim Senyor Don Francesc de Sert i Welsch, comte de Sert.<\/p>\n\n\n\n<p>La seva traject\u00f2ria i el seu comprom\u00eds amb les tradicions nobili\u00e0ries i culturals del pa\u00eds deixen una empremta profunda que perdurar\u00e0 en la mem\u00f2ria de tots aquells que el van con\u00e8ixer i apreciar.<\/p>\n\n\n\n<p>Volem fer una menci\u00f3 especial al vincle d\u2019amistat sincer i profund que el va unir durant tants anys amb Armand de Fluvi\u00e0, president destacat de la nostra instituci\u00f3, amb qui compart\u00ed interessos, ideals i una estima comuna per la genealogia i la hist\u00f2ria.<\/p>\n\n\n\n<p>Ens unim al dolor de la seva esposa, fam\u00edlia i \u00e9ssers estimats en aquests moments dif\u00edcils, i els fem arribar el nostre escalf i consideraci\u00f3 m\u00e9s afectuosa.<\/p>\n\n\n\n<p>Descansi en pau.<\/p>\n\n\n\n<p>Barcelona, 25 de mar\u00e7 del 2026<\/p>\n\n\n\n<p><\/p>\n\n\n\n<p><strong>Comtat de Sert<\/strong><br>Originaris de Moi\u00e0, el Comtat de Sert \u00e9s un t\u00edtol nobiliari creat el 28 de novembre de 1904 pel rei Alfons XIII a favor de l\u2019enginyer industrial Francesc Sert i Badia. Francesc Sert i Badia (1863-1919) fou el primer comte de Sert, casat amb Jenara L\u00f3pez y D\u00edaz de Quijano.<\/p>\n\n\n\n<p><em>Armes: d\u2019argent, 2 faixes de gules.<\/em><em><\/em><\/p>\n\n\n\n<p>El seu fill, Francesc Sert i L\u00f3pez (1894-1975), fou el segon comte de Sert.<\/p>\n\n\n\n<p>Antoni de Sert i L\u00f3pez (1905), fou el tercer comte de Sert, germ\u00e0 del segon comte, es cas\u00e0 amb Ana Welsch i Witte.<\/p>\n\n\n\n<p>El seu fill, Francesc de Sert i Welsch (1940-2026), fou el quart comte de Sert, casat amb Maria del Mar Arn\u00fas i de Urruela.<\/p>\n\n\n\n<p>Don Francesc de Sert i Welsch (RCS 30.7.1979), Cavaller del Reial Cos de la Noblesa de Catalunya i del Reial Estament Militar del Principat de Girona.<\/p>\n\n\n\n<p><em>(Fotografia: Armand de Fluvi\u00e0 (+), Francesc de Sert (+) i Pedro Moreno-Meyerhoff. Cicle de confer<\/em>\u00e8<em>ncies a l\u2019Ateneu Barcelon\u00e8s).<\/em><\/p>\n\n\n\n<p><\/p>\n","protected":false},"excerpt":{"rendered":"<p>La Instituci\u00f3 Armand de Fluvi\u00e0 de Genealogia i Her\u00e0ldica, expressa el seu m\u00e9s sentit condol per la mort de l\u2019Il\u00b7lustr\u00edssim Senyor Don Francesc de Sert i Welsch, comte de Sert. La seva traject\u00f2ria i el seu comprom\u00eds amb les tradicions nobili\u00e0ries i culturals del pa\u00eds deixen una empremta profunda que perdurar\u00e0 en la mem\u00f2ria de &#8230;<\/p>\n<p><a href=\"https:\/\/iafgh.cat\/?p=2962\" class=\"more-link\">More <span class=\"meta-nav\">&rarr;<\/span><\/a><\/p>\n","protected":false},"author":1,"featured_media":2963,"comment_status":"closed","ping_status":"closed","sticky":false,"template":"","format":"standard","meta":{"footnotes":""},"categories":[1],"tags":[],"class_list":["post-2962","post","type-post","status-publish","format-standard","has-post-thumbnail","hentry","category-general"],"_links":{"self":[{"href":"https:\/\/iafgh.cat\/index.php?rest_route=\/wp\/v2\/posts\/2962","targetHints":{"allow":["GET"]}}],"collection":[{"href":"https:\/\/iafgh.cat\/index.php?rest_route=\/wp\/v2\/posts"}],"about":[{"href":"https:\/\/iafgh.cat\/index.php?rest_route=\/wp\/v2\/types\/post"}],"author":[{"embeddable":true,"href":"https:\/\/iafgh.cat\/index.php?rest_route=\/wp\/v2\/users\/1"}],"replies":[{"embeddable":true,"href":"https:\/\/iafgh.cat\/index.php?rest_route=%2Fwp%2Fv2%2Fcomments&post=2962"}],"version-history":[{"count":1,"href":"https:\/\/iafgh.cat\/index.php?rest_route=\/wp\/v2\/posts\/2962\/revisions"}],"predecessor-version":[{"id":2964,"href":"https:\/\/iafgh.cat\/index.php?rest_route=\/wp\/v2\/posts\/2962\/revisions\/2964"}],"wp:featuredmedia":[{"embeddable":true,"href":"https:\/\/iafgh.cat\/index.php?rest_route=\/wp\/v2\/media\/2963"}],"wp:attachment":[{"href":"https:\/\/iafgh.cat\/index.php?rest_route=%2Fwp%2Fv2%2Fmedia&parent=2962"}],"wp:term":[{"taxonomy":"category","embeddable":true,"href":"https:\/\/iafgh.cat\/index.php?rest_route=%2Fwp%2Fv2%2Fcategories&post=2962"},{"taxonomy":"post_tag","embeddable":true,"href":"https:\/\/iafgh.cat\/index.php?rest_route=%2Fwp%2Fv2%2Ftags&post=2962"}],"curies":[{"name":"wp","href":"https:\/\/api.w.org\/{rel}","templated":true}]}}