{"id":2958,"date":"2026-03-24T15:46:37","date_gmt":"2026-03-24T15:46:37","guid":{"rendered":"https:\/\/iafgh.cat\/?p=2958"},"modified":"2026-04-24T19:54:33","modified_gmt":"2026-04-24T19:54:33","slug":"ii-simposi-armand-de-fluvia","status":"publish","type":"post","link":"https:\/\/iafgh.cat\/?p=2958","title":{"rendered":"II Simposi Armand de Fluvi\u00e0"},"content":{"rendered":"\n<p>La <strong>Societat Catalana d\u2019Estudis Hist\u00f2rics <\/strong>i la I<strong>nstituci\u00f3 Armand de Fluvi\u00e0 de Genealogia i Her\u00e0ldica <\/strong>us conviden al <strong>II Simposi Armand de Fluvi\u00e0 de Genealogia i Her\u00e0ldica<\/strong>, que tindr\u00e0 lloc el 12 de maig, a la seu de l\u2019Institut d\u2019Estudis Catalans. A la Sala Pere i Joan Coromines \u2013 Institut d\u2019Estudis Catalans \u2013 carrer del Carme, 47, Barcelona. (Entrada lliure).<\/p>\n\n\n\n<p><em>Armand de Fluvi\u00e0 i Escorsa (Barcelona, 1931-2024) fou president de la Instituci\u00f3 i una figura destacada en diversos \u00e0mbits de la cultura i la societat catalana. Un any m\u00e9s volem celebrar el segon aniversari del seu dec\u00e9s.<\/em><\/p>\n\n\n\n<p>Sou convidats a participar en el <strong>II Simposi Armand de Fluvi\u00e0<\/strong>. <\/p>\n\n\n\n<p><strong>17.00&nbsp; Presentaci\u00f3<\/strong><\/p>\n\n\n\n<p><strong>Dra. Merc\u00e8 Morales, <\/strong>presidenta de la Societat Catalana d\u2019Estudis Hist\u00f2rics<\/p>\n\n\n\n<p><strong>17.15 La noblesa catalana en els segles XV i XVI. <\/strong><strong>Dr. Santiago Llobet i Masachs<\/strong>, historiador i antrop\u00f2leg<\/p>\n\n\n\n<p><\/p>\n\n\n\n<p><strong>18.00 La dif\u00edcil her\u00e8ncia de Guifr\u00e9 el Pel\u00f3s. Tensions i equilibris entre els comtes de Barcelona i Cerdanya Besal\u00fa durant el segle X. <\/strong><strong>Dr<\/strong>. <strong>Xavier Costa i Badia<\/strong>, historiador, Universitat de Barcelona.<\/p>\n\n\n\n<p><\/p>\n\n\n\n<p><strong>18.45 Pausa<\/strong><\/p>\n\n\n\n<p><strong>19.00 La genealogia gen\u00e8tica: m\u00e9s enll\u00e0 del cromosoma Y. <\/strong><strong>Dr. Francesc Calafell i Maj\u00f3, <\/strong>bi\u00f2leg, Universitat Pompeu Fabra<\/p>\n\n\n\n<p><\/p>\n\n\n\n<p><strong>19.45 Cloenda <\/strong><strong>Dr. Gerard Mar\u00ed, <\/strong>president de la Instituci\u00f3 Armand de Fluvi\u00e0 de Genealogia i Her\u00e0ldica<\/p>\n\n\n\n<p><\/p>\n\n\n\n<p><em><strong>Enlla\u00e7 Zoom<\/strong><\/em>:<\/p>\n\n\n\n<p><a href=\"https:\/\/us02web.zoom.us\/j\/84481281511?pwd=b2MVjmDHXuAMu16npWAH1zbvbqmHKw.1\">https:\/\/us02web.zoom.us\/j\/84481281511?pwd=b2MVjmDHXuAMu16npWAH1zbvbqmHKw.1<\/a><\/p>\n\n\n\n<p><em><strong>CA<\/strong><\/em>: 4fs3nu<\/p>\n\n\n\n<figure class=\"wp-block-embed is-provider-youtube wp-block-embed-youtube\"><div class=\"wp-block-embed__wrapper\">\n<iframe loading=\"lazy\" title=\"La genealog\u00eda gen\u00e9tica: m\u00e1s all\u00e1 del cromosoma Y\" width=\"660\" height=\"371\" src=\"https:\/\/www.youtube.com\/embed\/OCb81ArtbKI?feature=oembed\" frameborder=\"0\" allow=\"accelerometer; autoplay; clipboard-write; encrypted-media; gyroscope; picture-in-picture; web-share\" referrerpolicy=\"strict-origin-when-cross-origin\" allowfullscreen><\/iframe>\n<\/div><\/figure>\n","protected":false},"excerpt":{"rendered":"<p>La Societat Catalana d\u2019Estudis Hist\u00f2rics i la Instituci\u00f3 Armand de Fluvi\u00e0 de Genealogia i Her\u00e0ldica us conviden al II Simposi Armand de Fluvi\u00e0 de Genealogia i Her\u00e0ldica, que tindr\u00e0 lloc el 12 de maig, a la seu de l\u2019Institut d\u2019Estudis Catalans. A la Sala Pere i Joan Coromines \u2013 Institut d\u2019Estudis Catalans \u2013 carrer del &#8230;<\/p>\n<p><a href=\"https:\/\/iafgh.cat\/?p=2958\" class=\"more-link\">More <span class=\"meta-nav\">&rarr;<\/span><\/a><\/p>\n","protected":false},"author":1,"featured_media":2959,"comment_status":"closed","ping_status":"closed","sticky":false,"template":"","format":"standard","meta":{"footnotes":""},"categories":[1],"tags":[],"class_list":["post-2958","post","type-post","status-publish","format-standard","has-post-thumbnail","hentry","category-general"],"_links":{"self":[{"href":"https:\/\/iafgh.cat\/index.php?rest_route=\/wp\/v2\/posts\/2958","targetHints":{"allow":["GET"]}}],"collection":[{"href":"https:\/\/iafgh.cat\/index.php?rest_route=\/wp\/v2\/posts"}],"about":[{"href":"https:\/\/iafgh.cat\/index.php?rest_route=\/wp\/v2\/types\/post"}],"author":[{"embeddable":true,"href":"https:\/\/iafgh.cat\/index.php?rest_route=\/wp\/v2\/users\/1"}],"replies":[{"embeddable":true,"href":"https:\/\/iafgh.cat\/index.php?rest_route=%2Fwp%2Fv2%2Fcomments&post=2958"}],"version-history":[{"count":6,"href":"https:\/\/iafgh.cat\/index.php?rest_route=\/wp\/v2\/posts\/2958\/revisions"}],"predecessor-version":[{"id":2981,"href":"https:\/\/iafgh.cat\/index.php?rest_route=\/wp\/v2\/posts\/2958\/revisions\/2981"}],"wp:featuredmedia":[{"embeddable":true,"href":"https:\/\/iafgh.cat\/index.php?rest_route=\/wp\/v2\/media\/2959"}],"wp:attachment":[{"href":"https:\/\/iafgh.cat\/index.php?rest_route=%2Fwp%2Fv2%2Fmedia&parent=2958"}],"wp:term":[{"taxonomy":"category","embeddable":true,"href":"https:\/\/iafgh.cat\/index.php?rest_route=%2Fwp%2Fv2%2Fcategories&post=2958"},{"taxonomy":"post_tag","embeddable":true,"href":"https:\/\/iafgh.cat\/index.php?rest_route=%2Fwp%2Fv2%2Ftags&post=2958"}],"curies":[{"name":"wp","href":"https:\/\/api.w.org\/{rel}","templated":true}]}}