{"id":2954,"date":"2026-03-13T10:14:27","date_gmt":"2026-03-13T10:14:27","guid":{"rendered":"https:\/\/iafgh.cat\/?p=2954"},"modified":"2026-04-24T19:58:01","modified_gmt":"2026-04-24T19:58:01","slug":"cicle-de-conferencies-en-linia-unam-mexic-iafgh-barcelona-2026-2","status":"publish","type":"post","link":"https:\/\/iafgh.cat\/?p=2954","title":{"rendered":"Cicle de confer\u00e8ncies en l\u00ednia, UNAM (M\u00e8xic) \u2013 IAFGH (Barcelona) 2026"},"content":{"rendered":"\n<figure class=\"wp-block-embed is-type-video is-provider-youtube wp-block-embed-youtube wp-embed-aspect-16-9 wp-has-aspect-ratio\"><div class=\"wp-block-embed__wrapper\">\n<iframe loading=\"lazy\" title=\"La genealog\u00eda gen\u00e9tica: m\u00e1s all\u00e1 del cromosoma Y\" width=\"660\" height=\"371\" src=\"https:\/\/www.youtube.com\/embed\/OCb81ArtbKI?feature=oembed\" frameborder=\"0\" allow=\"accelerometer; autoplay; clipboard-write; encrypted-media; gyroscope; picture-in-picture; web-share\" referrerpolicy=\"strict-origin-when-cross-origin\" allowfullscreen><\/iframe>\n<\/div><\/figure>\n\n\n\n<p>&#8211;<strong>Divendres 17 d&#8217;abril a les 18h<\/strong><\/p>\n\n\n\n<p>Dr. Francesc Calafell i Maj\u00f3, <\/p>\n\n\n\n<p>Universitat Pompeu Fabra i Institut de Biologia Evolutiva<\/p>\n\n\n\n<p><strong><em>La genealog\u00eda gen\u00e9tica: m\u00e1s all\u00e1 del cromosoma Y<\/em><\/strong><\/p>\n\n\n\n<p>Idioma: Castell\u00e0<\/p>\n\n\n\n<p><\/p>\n\n\n\n<p>El nostre genoma, que heretem, amb petites per\u00f2 crucials excepcions, del nostre pare i de la nostra mare, recapitula la nostra genealogia i, en teoria, podria permetre reconstruir el cam\u00ed geneal\u00f2gic que uneix dues persones. No obstant aix\u00f2, un dels camps on la genealogia gen\u00e8tica ha estat m\u00e9s fruct\u00edfera \u00e9s l\u2019estudi dels cognoms. En moltes cultures, el cognom segueix una her\u00e8ncia patrilineal, \u00e9s a dir, la mateixa que el cromosoma Y. Aix\u00ed, podem respondre preguntes com: \u00bfdavant d\u2019un conjunt de portadors d\u2019un cert cognom, tenen un avantpassat com\u00fa? O, si \u00e9s el cas, quina era l\u2019origen geogr\u00e0fic d\u2019aquest avantpassat com\u00fa? Quan va viure? Il\u00b7lustrarem aquesta q\u00fcesti\u00f3 amb l\u2019<strong>exemple dels cognoms Colom i Colombo<\/strong>.<\/p>\n\n\n\n<p>No obstant aix\u00f2, des d\u2019un punt de vista de recerca b\u00e0sica, \u00e9s m\u00e9s fruct\u00edfer no analitzar un cognom, sin\u00f3 tot un sistema de cognoms, i aleshores les preguntes que abordem s\u00f3n: \u00bfPer qu\u00e8 hi ha cognoms m\u00e9s freq\u00fcents que altres? \u00bfAmb quina freq\u00fc\u00e8ncia el cognom i el cromosoma Y s\u2019hereten de homes diferents? \u00bfPodem inferir el cognom a partir d\u2019una mostra biol\u00f2gica d\u2019origen desconegut, recollida, per exemple, en l\u2019escenari d\u2019un crim?<\/p>\n\n\n\n<p>Per\u00f2 el cromosoma Y \u00e9s una part petita del genoma, i la l\u00ednia paterna representa una fracci\u00f3 \u00ednfima dels nostres avantpassats. Veurem com es pot utilitzar tot el genoma per estimar el grau de parentiu entre dues persones, fet amb el qual moltes persones, especialment nens robats o fills de donants an\u00f2nims de g\u00e0metes, estan trobant la seva fam\u00edlia biol\u00f2gica o s\u2019estan resolent delictes.<\/p>\n\n\n\n<p><strong>Francesc Calafell (Manresa, 1966)<\/strong> es va llicenciar en Biologia a la Universitat de Barcelona el 1989, on tamb\u00e9 es va doctorar el 1995 sota la direcci\u00f3 de Jaume Bertranpetit. Va ser investigador postdoctoral a la Universitat de Tor\u00ed el 1995 i a la Universitat de Yale durant els anys 1996 i 1997. Va tornar a la Universitat de Barcelona i, posteriorment, a la Universitat Pompeu Fabra el 1998, on \u00e9s professor titular. Ha estat coautor de m\u00e9s de 200 articles, principalment sobre gen\u00e8tica de poblacions. De 2005 a 2008 i des del 2025 ha estat vicede\u00e0 de la Facultat de Ci\u00e8ncies de la Salut i la Vida de la UPF. El 2009 va rebre el Premi a la Doc\u00e8ncia Destacada del Consell Social de la UPF i el 2010 el Premi ICREA Acad\u00e8mia. Actualment est\u00e0 adscrit a l\u2019Institut de Biologia Evolutiva (CSIC-UPF) i presideix la C\u00e0tedra Eugin-UPF. S\u2019interessa sobretot per la diversitat gen\u00e8tica humana, que analitza des de tres perspectives diferents: a les poblacions, on intenta respondre preguntes relacionades amb la seva hist\u00f2ria; en la malaltia, on s\u2019interessa a aplicar un enfocament evolutiu per descriure el que es pot anomenar la hist\u00f2ria natural d\u2019una malaltia; i en els individus, en els quals ha treballat aspectes estad\u00edstics de la gen\u00e8tica forense. La seva recerca actual se centra en l\u2019estructura geogr\u00e0fica de la variaci\u00f3 gen\u00e8tica.<\/p>\n\n\n\n<p><\/p>\n","protected":false},"excerpt":{"rendered":"<p>&#8211;Divendres 17 d&#8217;abril a les 18h Dr. Francesc Calafell i Maj\u00f3, Universitat Pompeu Fabra i Institut de Biologia Evolutiva La genealog\u00eda gen\u00e9tica: m\u00e1s all\u00e1 del cromosoma Y Idioma: Castell\u00e0 El nostre genoma, que heretem, amb petites per\u00f2 crucials excepcions, del nostre pare i de la nostra mare, recapitula la nostra genealogia i, en teoria, podria &#8230;<\/p>\n<p><a href=\"https:\/\/iafgh.cat\/?p=2954\" class=\"more-link\">More <span class=\"meta-nav\">&rarr;<\/span><\/a><\/p>\n","protected":false},"author":1,"featured_media":2976,"comment_status":"closed","ping_status":"closed","sticky":false,"template":"","format":"standard","meta":{"footnotes":""},"categories":[1],"tags":[],"class_list":["post-2954","post","type-post","status-publish","format-standard","has-post-thumbnail","hentry","category-general"],"_links":{"self":[{"href":"https:\/\/iafgh.cat\/index.php?rest_route=\/wp\/v2\/posts\/2954","targetHints":{"allow":["GET"]}}],"collection":[{"href":"https:\/\/iafgh.cat\/index.php?rest_route=\/wp\/v2\/posts"}],"about":[{"href":"https:\/\/iafgh.cat\/index.php?rest_route=\/wp\/v2\/types\/post"}],"author":[{"embeddable":true,"href":"https:\/\/iafgh.cat\/index.php?rest_route=\/wp\/v2\/users\/1"}],"replies":[{"embeddable":true,"href":"https:\/\/iafgh.cat\/index.php?rest_route=%2Fwp%2Fv2%2Fcomments&post=2954"}],"version-history":[{"count":5,"href":"https:\/\/iafgh.cat\/index.php?rest_route=\/wp\/v2\/posts\/2954\/revisions"}],"predecessor-version":[{"id":2984,"href":"https:\/\/iafgh.cat\/index.php?rest_route=\/wp\/v2\/posts\/2954\/revisions\/2984"}],"wp:featuredmedia":[{"embeddable":true,"href":"https:\/\/iafgh.cat\/index.php?rest_route=\/wp\/v2\/media\/2976"}],"wp:attachment":[{"href":"https:\/\/iafgh.cat\/index.php?rest_route=%2Fwp%2Fv2%2Fmedia&parent=2954"}],"wp:term":[{"taxonomy":"category","embeddable":true,"href":"https:\/\/iafgh.cat\/index.php?rest_route=%2Fwp%2Fv2%2Fcategories&post=2954"},{"taxonomy":"post_tag","embeddable":true,"href":"https:\/\/iafgh.cat\/index.php?rest_route=%2Fwp%2Fv2%2Ftags&post=2954"}],"curies":[{"name":"wp","href":"https:\/\/api.w.org\/{rel}","templated":true}]}}