{"id":2921,"date":"2026-01-30T13:08:54","date_gmt":"2026-01-30T13:08:54","guid":{"rendered":"https:\/\/iafgh.cat\/?p=2921"},"modified":"2026-01-30T16:35:38","modified_gmt":"2026-01-30T16:35:38","slug":"nova-presentacio-de-llibre","status":"publish","type":"post","link":"https:\/\/iafgh.cat\/?p=2921","title":{"rendered":"Nova presentaci\u00f3 de llibres:"},"content":{"rendered":"\n<p><em>5 de febrer del 2026 a les 19:00 h<\/em><\/p>\n\n\n\n<p>Presentaci\u00f3 dels dos volums del llibre, &#8220;124 Genealogies de fam\u00edlies de Girona i el seu bisbat&#8221;, de Santiago de Llobet i Masachs<\/p>\n\n\n\n<p>Arxiu comarcal del Baix Empord\u00e0<\/p>\n\n\n\n<p>Carrer del Teatre Vell, 8<\/p>\n\n\n\n<p>17100 La Bisbal d\u2019Empord\u00e0<\/p>\n\n\n\n<figure class=\"wp-block-image size-large\"><a href=\"https:\/\/iafgh.cat\/wp-content\/uploads\/2026\/01\/314.jpg\"><img loading=\"lazy\" decoding=\"async\" width=\"1024\" height=\"785\" src=\"https:\/\/iafgh.cat\/wp-content\/uploads\/2026\/01\/314-1024x785.jpg\" alt=\"\" class=\"wp-image-2928\" srcset=\"https:\/\/iafgh.cat\/wp-content\/uploads\/2026\/01\/314-1024x785.jpg 1024w, https:\/\/iafgh.cat\/wp-content\/uploads\/2026\/01\/314-300x230.jpg 300w, https:\/\/iafgh.cat\/wp-content\/uploads\/2026\/01\/314-768x589.jpg 768w, https:\/\/iafgh.cat\/wp-content\/uploads\/2026\/01\/314-1536x1177.jpg 1536w, https:\/\/iafgh.cat\/wp-content\/uploads\/2026\/01\/314-280x215.jpg 280w, https:\/\/iafgh.cat\/wp-content\/uploads\/2026\/01\/314-660x506.jpg 660w, https:\/\/iafgh.cat\/wp-content\/uploads\/2026\/01\/314.jpg 1772w\" sizes=\"auto, (max-width: 1024px) 100vw, 1024px\" \/><\/a><\/figure>\n\n\n\n<figure class=\"wp-block-image size-large\"><a href=\"https:\/\/iafgh.cat\/wp-content\/uploads\/2026\/01\/325.jpg\"><img loading=\"lazy\" decoding=\"async\" width=\"1024\" height=\"785\" src=\"https:\/\/iafgh.cat\/wp-content\/uploads\/2026\/01\/325-1024x785.jpg\" alt=\"\" class=\"wp-image-2929\" srcset=\"https:\/\/iafgh.cat\/wp-content\/uploads\/2026\/01\/325-1024x785.jpg 1024w, https:\/\/iafgh.cat\/wp-content\/uploads\/2026\/01\/325-300x230.jpg 300w, https:\/\/iafgh.cat\/wp-content\/uploads\/2026\/01\/325-768x589.jpg 768w, https:\/\/iafgh.cat\/wp-content\/uploads\/2026\/01\/325-1536x1177.jpg 1536w, https:\/\/iafgh.cat\/wp-content\/uploads\/2026\/01\/325-280x215.jpg 280w, https:\/\/iafgh.cat\/wp-content\/uploads\/2026\/01\/325-660x506.jpg 660w, https:\/\/iafgh.cat\/wp-content\/uploads\/2026\/01\/325.jpg 1772w\" sizes=\"auto, (max-width: 1024px) 100vw, 1024px\" \/><\/a><\/figure>\n","protected":false},"excerpt":{"rendered":"<p>5 de febrer del 2026 a les 19:00 h Presentaci\u00f3 dels dos volums del llibre, &#8220;124 Genealogies de fam\u00edlies de Girona i el seu bisbat&#8221;, de Santiago de Llobet i Masachs Arxiu comarcal del Baix Empord\u00e0 Carrer del Teatre Vell, 8 17100 La Bisbal d\u2019Empord\u00e0<\/p>\n","protected":false},"author":1,"featured_media":2922,"comment_status":"closed","ping_status":"closed","sticky":false,"template":"","format":"standard","meta":{"footnotes":""},"categories":[1],"tags":[],"class_list":["post-2921","post","type-post","status-publish","format-standard","has-post-thumbnail","hentry","category-general"],"_links":{"self":[{"href":"https:\/\/iafgh.cat\/index.php?rest_route=\/wp\/v2\/posts\/2921","targetHints":{"allow":["GET"]}}],"collection":[{"href":"https:\/\/iafgh.cat\/index.php?rest_route=\/wp\/v2\/posts"}],"about":[{"href":"https:\/\/iafgh.cat\/index.php?rest_route=\/wp\/v2\/types\/post"}],"author":[{"embeddable":true,"href":"https:\/\/iafgh.cat\/index.php?rest_route=\/wp\/v2\/users\/1"}],"replies":[{"embeddable":true,"href":"https:\/\/iafgh.cat\/index.php?rest_route=%2Fwp%2Fv2%2Fcomments&post=2921"}],"version-history":[{"count":3,"href":"https:\/\/iafgh.cat\/index.php?rest_route=\/wp\/v2\/posts\/2921\/revisions"}],"predecessor-version":[{"id":2930,"href":"https:\/\/iafgh.cat\/index.php?rest_route=\/wp\/v2\/posts\/2921\/revisions\/2930"}],"wp:featuredmedia":[{"embeddable":true,"href":"https:\/\/iafgh.cat\/index.php?rest_route=\/wp\/v2\/media\/2922"}],"wp:attachment":[{"href":"https:\/\/iafgh.cat\/index.php?rest_route=%2Fwp%2Fv2%2Fmedia&parent=2921"}],"wp:term":[{"taxonomy":"category","embeddable":true,"href":"https:\/\/iafgh.cat\/index.php?rest_route=%2Fwp%2Fv2%2Fcategories&post=2921"},{"taxonomy":"post_tag","embeddable":true,"href":"https:\/\/iafgh.cat\/index.php?rest_route=%2Fwp%2Fv2%2Ftags&post=2921"}],"curies":[{"name":"wp","href":"https:\/\/api.w.org\/{rel}","templated":true}]}}