{"id":2904,"date":"2026-01-18T16:59:32","date_gmt":"2026-01-18T16:59:32","guid":{"rendered":"https:\/\/iafgh.cat\/?p=2904"},"modified":"2026-01-18T17:10:41","modified_gmt":"2026-01-18T17:10:41","slug":"dos-nous-simbols","status":"publish","type":"post","link":"https:\/\/iafgh.cat\/?p=2904","title":{"rendered":"Dos nous s\u00edmbols"},"content":{"rendered":"\n<p><strong>L&#8217;escut de la Nou de Gai\u00e0 i la bandera de la comarca de la Segarra<\/strong><\/p>\n\n\n\n<p>Al <em>Diari Oficial de la Generalitat de Catalunya <\/em>d&#8217;avui 16 de gener de 2026, s&#8217;hi han publicat les oficialitzacions de l&#8217;escut de la Nou de Gai\u00e0 (Tarragon\u00e8s) i de la bandera de la comarca de la Segarra. L&#8217;escut de la Nou de Gai\u00e0 t\u00e9 el blasonament seg\u00fcent: \u00abEscut caironat: d&#8217;or, una nou de gules posada en faixa acompanyada a la punta d&#8217;una faixa ondada d&#8217;atzur. Per timbre, una corona mural de poble\u00bb. El dibuix d&#8217;aquest blasonament \u00e9s el seg\u00fcent:<\/p>\n\n\n\n<figure class=\"wp-block-image size-full\"><a href=\"https:\/\/iafgh.cat\/wp-content\/uploads\/2026\/01\/Nou-de-Gaia.jpg\"><img loading=\"lazy\" decoding=\"async\" width=\"187\" height=\"265\" src=\"https:\/\/iafgh.cat\/wp-content\/uploads\/2026\/01\/Nou-de-Gaia.jpg\" alt=\"\" class=\"wp-image-2905\"\/><\/a><\/figure>\n\n\n\n<p>\u00c9s un escut parlant, ja que els elements que hi figuren fan refer\u00e8ncia al nom de la poblaci\u00f3: d&#8217;una banda, una nou i, de l&#8217;altra, una faixa ondada que representa el riu Gai\u00e0. \u00c9s l&#8217;\u00fanic escut municipal catal\u00e0 amb una nou, cosa que el fa clarament identificable.<\/p>\n\n\n\n<p>La bandera de la comarca de la Segarra t\u00e9 la descripci\u00f3 seg\u00fcent: \u00abBandera apa\u00efsada, de proporcions dos d&#8217;alt per tres de llarg, de color verd fosc, amb l&#8217;espiga esfullada d&#8217;ordi groga de l&#8217;escut posada en banda, d&#8217;al\u00e7\u00e0ria 2\/3 de la del drap i d&#8217;amplada 3\/4 de la llargada del mateix drap; tot el conjunt emmarcat per una bordura de trenta-sis peces quadrades, grogues i vermelles\u00bb. El dibuix d&#8217;aquesta descripci\u00f3 \u00e9s el seg\u00fcent:<\/p>\n\n\n\n<figure class=\"wp-block-image size-full\"><a href=\"https:\/\/iafgh.cat\/wp-content\/uploads\/2026\/01\/Nou-de-Gaia-bandera-1.jpg\"><img loading=\"lazy\" decoding=\"async\" width=\"240\" height=\"233\" src=\"https:\/\/iafgh.cat\/wp-content\/uploads\/2026\/01\/Nou-de-Gaia-bandera-1.jpg\" alt=\"\" class=\"wp-image-2908\"\/><\/a><\/figure>\n\n\n\n<p>La bandera del Consell Comarcal de la Segarra \u00e9s her\u00e0ldica, \u00e9s a dir, \u00e9s la simple transposici\u00f3 al drap de l&#8217;escut, com en la resta de consells comarcals que l&#8217;han oficialitzada.<\/p>\n\n\n\n<p>A la web <a href=\"http:\/\/www.heraldica.cat\">www.heraldica.cat<\/a> podeu trobar m\u00e9s informaci\u00f3 sobre l&#8217;escut de <a href=\"https:\/\/www.heraldica.cat\/heraldica-civica\/municipis\/tarragones\/la-nou-de-gaia\">la Nou de Gai\u00e0<\/a> i la bandera de <a href=\"https:\/\/www.heraldica.cat\/heraldica-civica\/consells-comarcals\/cc-segarra\">la Segarra<\/a>.&nbsp;<\/p>\n\n\n\n<p><strong>Josep M. Palau i Baduell<\/strong><\/p>\n\n\n\n<p><\/p>\n\n\n\n<p>(<em>A Catalunya hi ha<strong> <\/strong>947 municipis<\/em>)<\/p>\n\n\n\n<p><a href=\"https:\/\/drive.google.com\/file\/d\/1a_pIE7XiGSEwibOu-KD6TeFr73WcS674\/view\">https:\/\/drive.google.com\/file\/d\/1a_pIE7XiGSEwibOu-KD6TeFr73WcS674\/view<\/a><\/p>\n\n\n\n<p><\/p>\n","protected":false},"excerpt":{"rendered":"<p>L&#8217;escut de la Nou de Gai\u00e0 i la bandera de la comarca de la Segarra Al Diari Oficial de la Generalitat de Catalunya d&#8217;avui 16 de gener de 2026, s&#8217;hi han publicat les oficialitzacions de l&#8217;escut de la Nou de Gai\u00e0 (Tarragon\u00e8s) i de la bandera de la comarca de la Segarra. L&#8217;escut de la &#8230;<\/p>\n<p><a href=\"https:\/\/iafgh.cat\/?p=2904\" class=\"more-link\">More <span class=\"meta-nav\">&rarr;<\/span><\/a><\/p>\n","protected":false},"author":1,"featured_media":2911,"comment_status":"closed","ping_status":"closed","sticky":false,"template":"","format":"standard","meta":{"footnotes":""},"categories":[1],"tags":[],"class_list":["post-2904","post","type-post","status-publish","format-standard","has-post-thumbnail","hentry","category-general"],"_links":{"self":[{"href":"https:\/\/iafgh.cat\/index.php?rest_route=\/wp\/v2\/posts\/2904","targetHints":{"allow":["GET"]}}],"collection":[{"href":"https:\/\/iafgh.cat\/index.php?rest_route=\/wp\/v2\/posts"}],"about":[{"href":"https:\/\/iafgh.cat\/index.php?rest_route=\/wp\/v2\/types\/post"}],"author":[{"embeddable":true,"href":"https:\/\/iafgh.cat\/index.php?rest_route=\/wp\/v2\/users\/1"}],"replies":[{"embeddable":true,"href":"https:\/\/iafgh.cat\/index.php?rest_route=%2Fwp%2Fv2%2Fcomments&post=2904"}],"version-history":[{"count":3,"href":"https:\/\/iafgh.cat\/index.php?rest_route=\/wp\/v2\/posts\/2904\/revisions"}],"predecessor-version":[{"id":2913,"href":"https:\/\/iafgh.cat\/index.php?rest_route=\/wp\/v2\/posts\/2904\/revisions\/2913"}],"wp:featuredmedia":[{"embeddable":true,"href":"https:\/\/iafgh.cat\/index.php?rest_route=\/wp\/v2\/media\/2911"}],"wp:attachment":[{"href":"https:\/\/iafgh.cat\/index.php?rest_route=%2Fwp%2Fv2%2Fmedia&parent=2904"}],"wp:term":[{"taxonomy":"category","embeddable":true,"href":"https:\/\/iafgh.cat\/index.php?rest_route=%2Fwp%2Fv2%2Fcategories&post=2904"},{"taxonomy":"post_tag","embeddable":true,"href":"https:\/\/iafgh.cat\/index.php?rest_route=%2Fwp%2Fv2%2Ftags&post=2904"}],"curies":[{"name":"wp","href":"https:\/\/api.w.org\/{rel}","templated":true}]}}