{"id":2786,"date":"2025-10-30T16:10:04","date_gmt":"2025-10-30T16:10:04","guid":{"rendered":"https:\/\/iafgh.cat\/?p=2786"},"modified":"2025-11-03T16:11:45","modified_gmt":"2025-11-03T16:11:45","slug":"imatges-del-i-simposi-armand-de-fluvia-de-genealogia-i-heraldica","status":"publish","type":"post","link":"https:\/\/iafgh.cat\/?p=2786","title":{"rendered":"Imatges del I Simposi Armand de Fluvi\u00e0 de Genealogia i Her\u00e0ldica"},"content":{"rendered":"\n<p>El 15 d\u2019octubre de 2025, a l\u2019Institut d\u2019Estudis Catalans (Barcelona), se celebr\u00e0 el I Simposi Armand de Fluvi\u00e0 de Genealogia i Her\u00e0ldica, organitzat per la Societat Catalana d\u2019Estudis Hist\u00f2rics i la Instituci\u00f3 Armand de Fluvi\u00e0 i Escorsa, coincidint amb el primer aniversari del trasp\u00e0s d\u2019Armand de Fluvi\u00e0. L\u2019acte fou inaugurat per la Dra. Merc\u00e8 Morales, presidenta de la Societat Catalana d&#8217;Estudis Hist\u00f2rics, filial de l&#8217;Institut d&#8217;Estudis Catalans , i inclogu\u00e9 dues pon\u00e8ncies: <\/p>\n\n\n\n<p>Dr. Josep M. Palau, sobre Armand de Fluvi\u00e0 i l\u2019her\u00e0ldica i la vexil\u00b7lologia municipals a Catalunya <\/p>\n\n\n\n<figure class=\"wp-block-image size-large\"><a href=\"https:\/\/iafgh.cat\/wp-content\/uploads\/2025\/10\/20251015_174902-1-scaled.jpg\"><img loading=\"lazy\" decoding=\"async\" width=\"1024\" height=\"462\" src=\"https:\/\/iafgh.cat\/wp-content\/uploads\/2025\/10\/20251015_174902-1-1024x462.jpg\" alt=\"\" class=\"wp-image-2794\" srcset=\"https:\/\/iafgh.cat\/wp-content\/uploads\/2025\/10\/20251015_174902-1-1024x462.jpg 1024w, https:\/\/iafgh.cat\/wp-content\/uploads\/2025\/10\/20251015_174902-1-300x135.jpg 300w, https:\/\/iafgh.cat\/wp-content\/uploads\/2025\/10\/20251015_174902-1-768x346.jpg 768w, https:\/\/iafgh.cat\/wp-content\/uploads\/2025\/10\/20251015_174902-1-1536x692.jpg 1536w, https:\/\/iafgh.cat\/wp-content\/uploads\/2025\/10\/20251015_174902-1-2048x923.jpg 2048w, https:\/\/iafgh.cat\/wp-content\/uploads\/2025\/10\/20251015_174902-1-280x126.jpg 280w, https:\/\/iafgh.cat\/wp-content\/uploads\/2025\/10\/20251015_174902-1-660x297.jpg 660w\" sizes=\"auto, (max-width: 1024px) 100vw, 1024px\" \/><\/a><\/figure>\n\n\n\n<p>Dr. Josep Serrano Daura, amb la confer\u00e8ncia Armand de Fluvi\u00e0 i \u201cEl casamiento en casa\u201d <\/p>\n\n\n\n<figure class=\"wp-block-image size-large\"><a href=\"https:\/\/iafgh.cat\/wp-content\/uploads\/2025\/10\/20251015_182443-1-scaled.jpg\"><img loading=\"lazy\" decoding=\"async\" width=\"1024\" height=\"462\" src=\"https:\/\/iafgh.cat\/wp-content\/uploads\/2025\/10\/20251015_182443-1-1024x462.jpg\" alt=\"\" class=\"wp-image-2796\" srcset=\"https:\/\/iafgh.cat\/wp-content\/uploads\/2025\/10\/20251015_182443-1-1024x462.jpg 1024w, https:\/\/iafgh.cat\/wp-content\/uploads\/2025\/10\/20251015_182443-1-300x135.jpg 300w, https:\/\/iafgh.cat\/wp-content\/uploads\/2025\/10\/20251015_182443-1-768x346.jpg 768w, https:\/\/iafgh.cat\/wp-content\/uploads\/2025\/10\/20251015_182443-1-1536x692.jpg 1536w, https:\/\/iafgh.cat\/wp-content\/uploads\/2025\/10\/20251015_182443-1-2048x923.jpg 2048w, https:\/\/iafgh.cat\/wp-content\/uploads\/2025\/10\/20251015_182443-1-280x126.jpg 280w, https:\/\/iafgh.cat\/wp-content\/uploads\/2025\/10\/20251015_182443-1-660x297.jpg 660w\" sizes=\"auto, (max-width: 1024px) 100vw, 1024px\" \/><\/a><\/figure>\n\n\n\n<p>El simposi es tanc\u00e0 amb la clausura a c\u00e0rrec del Dr. Gerard Mar\u00ed, president de la Instituci\u00f3 Armand de Fluvi\u00e0 i Escorsa, com a homenatge a la figura i llegat d\u2019aquest destacat genealogista i heraldista catal\u00e0, que fou fundador i president de la nostra Instituci\u00f3.<\/p>\n\n\n\n<figure class=\"wp-block-image size-large\"><a href=\"https:\/\/iafgh.cat\/wp-content\/uploads\/2025\/10\/20251015_183557-1-scaled.jpg\"><img loading=\"lazy\" decoding=\"async\" width=\"1024\" height=\"462\" src=\"https:\/\/iafgh.cat\/wp-content\/uploads\/2025\/10\/20251015_183557-1-1024x462.jpg\" alt=\"\" class=\"wp-image-2797\" srcset=\"https:\/\/iafgh.cat\/wp-content\/uploads\/2025\/10\/20251015_183557-1-1024x462.jpg 1024w, https:\/\/iafgh.cat\/wp-content\/uploads\/2025\/10\/20251015_183557-1-300x135.jpg 300w, https:\/\/iafgh.cat\/wp-content\/uploads\/2025\/10\/20251015_183557-1-768x346.jpg 768w, https:\/\/iafgh.cat\/wp-content\/uploads\/2025\/10\/20251015_183557-1-1536x692.jpg 1536w, https:\/\/iafgh.cat\/wp-content\/uploads\/2025\/10\/20251015_183557-1-2048x923.jpg 2048w, https:\/\/iafgh.cat\/wp-content\/uploads\/2025\/10\/20251015_183557-1-280x126.jpg 280w, https:\/\/iafgh.cat\/wp-content\/uploads\/2025\/10\/20251015_183557-1-660x297.jpg 660w\" sizes=\"auto, (max-width: 1024px) 100vw, 1024px\" \/><\/a><\/figure>\n\n\n\n<p><strong><em>Imatges en v\u00eddeo<\/em><\/strong>:<\/p>\n\n\n\n<p><a href=\"https:\/\/youtu.be\/pLnKZuPfw2M\">https:\/\/youtu.be\/pLnKZuPfw2M<\/a><\/p>\n\n\n\n<p><\/p>\n","protected":false},"excerpt":{"rendered":"<p>El 15 d\u2019octubre de 2025, a l\u2019Institut d\u2019Estudis Catalans (Barcelona), se celebr\u00e0 el I Simposi Armand de Fluvi\u00e0 de Genealogia i Her\u00e0ldica, organitzat per la Societat Catalana d\u2019Estudis Hist\u00f2rics i la Instituci\u00f3 Armand de Fluvi\u00e0 i Escorsa, coincidint amb el primer aniversari del trasp\u00e0s d\u2019Armand de Fluvi\u00e0. L\u2019acte fou inaugurat per la Dra. Merc\u00e8 Morales, &#8230;<\/p>\n<p><a href=\"https:\/\/iafgh.cat\/?p=2786\" class=\"more-link\">More <span class=\"meta-nav\">&rarr;<\/span><\/a><\/p>\n","protected":false},"author":1,"featured_media":2789,"comment_status":"closed","ping_status":"closed","sticky":false,"template":"","format":"standard","meta":{"footnotes":""},"categories":[1],"tags":[],"class_list":["post-2786","post","type-post","status-publish","format-standard","has-post-thumbnail","hentry","category-general"],"_links":{"self":[{"href":"https:\/\/iafgh.cat\/index.php?rest_route=\/wp\/v2\/posts\/2786","targetHints":{"allow":["GET"]}}],"collection":[{"href":"https:\/\/iafgh.cat\/index.php?rest_route=\/wp\/v2\/posts"}],"about":[{"href":"https:\/\/iafgh.cat\/index.php?rest_route=\/wp\/v2\/types\/post"}],"author":[{"embeddable":true,"href":"https:\/\/iafgh.cat\/index.php?rest_route=\/wp\/v2\/users\/1"}],"replies":[{"embeddable":true,"href":"https:\/\/iafgh.cat\/index.php?rest_route=%2Fwp%2Fv2%2Fcomments&post=2786"}],"version-history":[{"count":7,"href":"https:\/\/iafgh.cat\/index.php?rest_route=\/wp\/v2\/posts\/2786\/revisions"}],"predecessor-version":[{"id":2813,"href":"https:\/\/iafgh.cat\/index.php?rest_route=\/wp\/v2\/posts\/2786\/revisions\/2813"}],"wp:featuredmedia":[{"embeddable":true,"href":"https:\/\/iafgh.cat\/index.php?rest_route=\/wp\/v2\/media\/2789"}],"wp:attachment":[{"href":"https:\/\/iafgh.cat\/index.php?rest_route=%2Fwp%2Fv2%2Fmedia&parent=2786"}],"wp:term":[{"taxonomy":"category","embeddable":true,"href":"https:\/\/iafgh.cat\/index.php?rest_route=%2Fwp%2Fv2%2Fcategories&post=2786"},{"taxonomy":"post_tag","embeddable":true,"href":"https:\/\/iafgh.cat\/index.php?rest_route=%2Fwp%2Fv2%2Ftags&post=2786"}],"curies":[{"name":"wp","href":"https:\/\/api.w.org\/{rel}","templated":true}]}}