{"id":2770,"date":"2025-10-12T21:23:55","date_gmt":"2025-10-12T21:23:55","guid":{"rendered":"https:\/\/iafgh.cat\/?p=2770"},"modified":"2025-10-19T21:31:50","modified_gmt":"2025-10-19T21:31:50","slug":"segon-volum-124-genealogies-de-families-de-girona-i-el-seu-bisbat-m-x","status":"publish","type":"post","link":"https:\/\/iafgh.cat\/?p=2770","title":{"rendered":"Segon volum: 124 Genealogies de fam\u00edlies de Girona i el seu bisbat (M\u2013X)"},"content":{"rendered":"\n<h3 class=\"wp-block-heading\"><strong>Nova publicaci\u00f3!<\/strong><\/h3>\n\n\n\n<p><strong>Volum 2: <em>124 Genealogies de fam\u00edlies de Girona i el seu bisbat (M\u2013X)<\/em><\/strong><br><strong>Autor: Dr. Santiago de Llobet i Masachs<\/strong><br><strong>PVP: 60,00 \u20ac<\/strong><\/p>\n\n\n\n<p>Ens complau anunciar la publicaci\u00f3 del <strong>segon volum<\/strong> de l\u2019obra monumental <em>124 genealogies de fam\u00edlies de Girona i el seu bisbat<\/em>, del doctor <strong>Santiago de Llobet i Masachs<\/strong>, reconegut genealogista, antrop\u00f2leg i membre actiu del nostre curs de genealogia.<\/p>\n\n\n\n<p>Aquest volum continua el fascinant recorregut iniciat amb el primer llibre, oferint una acurada recerca sobre els llinatges gironins i el seu context hist\u00f2ric i social. Amb un rigor acad\u00e8mic i una sensibilitat extraordin\u00e0ria, el Dr. de Llobet recull en aquestes p\u00e0gines <strong>m\u00e9s de trenta anys de recerca<\/strong>, posant a l\u2019abast del lector una eina indispensable per als estudiosos de la genealogia, la hist\u00f2ria local i el patrimoni familiar.<\/p>\n\n\n\n<p>Aquesta nova entrega inclou les genealogies de nombrosos llinatges destacats com <strong>els Maig, els Malagrida, els Marimon i Cor\u00e7\u00e0, els P\u00e8lach, Els Puigdemont, els Quintana, els Riera, els Sala, els Teixidor, el Verdaguer<\/strong>, entre molts altres, que conformen un mosaic ric i detallat de la hist\u00f2ria de les fam\u00edlies de les comarques gironines.<\/p>\n\n\n\n<p><strong>Segon volum:<\/strong>&nbsp;Els Maig, Els Malagrida, Els Manresa, Els Maranges, Els Marcill\u00f3, Els Marimon i Cor\u00e7\u00e0, Els Massa-Frasser, Els Matll\u00f3, Els Millars o Mill\u00e0s, Els Miralbell, Els Morat, Els Oms, CHB de Blanes, Els Oms, Drs. de Blanes, Els Pag\u00e8s, Els Par\u00e9s, Els Pastors, Els P\u00e8lach, Els Pijaume, Els Plana, Els Poch, Els Pou de la Palanca, Els Pouplana, Els Prat o Desprat, Els Prats-Falgons, Els Puig, Els Puigdemont, Els Pujades, Els Pujol de La Bisbal d\u2019Empord\u00e0, Els Pujol de Lloret de Mar, Els Quintana, Els Rami\u00f3, Els Reixach, Els Riera de Tossa de Mar, Els Riera de Vidreres, Els Rissec, Els Roca, Els Roure, Els Rovira, Els Rovirola-Ros, Els Sala de Girona, Els Sala de Lloret de Mar, Els Salam\u00f3, Els Sambola, Els Suardell, Els Taberner, Els Teixidor, Els Terrades, Els Thi\u00f3 Pasqual, Els Trinxeria, Els Valmanya, Els Veh\u00ed, Els Veray, Els Verdaguer i Prats i Verdaguer, Els Vidal de Llobatera, Els Vinyavella &#8211; Perpiny\u00e0, Els Xargay.<\/p>\n\n\n\n<p><strong>Primer volum<\/strong>: Genealogia dels Aixada, Albert\u00ed, Alb\u00f3, Alemany, Alr\u00e0, Aluart, Antonijoan de la Torre, Arnau, Arnau, Feliu, Carb\u00f3, Valls, Badia, Barraquer, Barril, Bayer, Berenguer, Bofill de Tordera, Bofill de Vila-rom\u00e0, Bou, Bruguera, Buch, Burgu\u00e8s, Cabrer, Cabrera, Calder\u00f3, Callic\u00f3, Jalmar, Villar, Camb\u00f3, Camps, Candi, Canet, Cantalosella, Capmany de Montpalau, Cella de Canet, Cobars\u00ed, Coll, Company\u00f3-Feliu-Palmada, Crous, Desbalbs o de Balbs, Deu i Mercader, Deulonder, Dom\u00e8nech, Durall, Esp\u00edgol, Estanyol, Estrabau, F\u00e0brega, Farners, Florit, Fonolleres, Font, Fontanella, Fornaca Roura, Frigola, Full\u00e0, Gelabert o Giribert, Ginesta, Giralt, Giron\u00e8s, Gros, Vilaplana i de Miquel, Guitart, G\u00fcit\u00f3 de Cass\u00e0, G\u00fcit\u00f3 de Romany\u00e0, Hereu-Riquer, Igl\u00e9sias, Llach, Llamb\u00ed, Llavari, Lliure o Salliure, Llobet.<\/p>\n\n\n\n<p>Com escriu <strong>Narc\u00eds de Puig i de Traver<\/strong> al pr\u00f2leg, <em>\u201cens hem de felicitar perqu\u00e8 tota aquesta tasca d\u2019investigaci\u00f3 vegi la llum i no quedi reclosa en la foscor d\u2019algun calaix.\u201d<\/em><\/p>\n\n\n\n<p><strong>Una lectura imprescindible per als amants de la hist\u00f2ria, la genealogia i el patrimoni familiar giron\u00ed.<\/strong><\/p>\n\n\n\n<p><a href=\"https:\/\/youtu.be\/3BIcTvAqQys\">https:\/\/youtu.be\/3BIcTvAqQys<\/a><\/p>\n\n\n\n<figure class=\"wp-block-embed is-type-video is-provider-youtube wp-block-embed-youtube wp-embed-aspect-16-9 wp-has-aspect-ratio\"><div class=\"wp-block-embed__wrapper\">\n<iframe loading=\"lazy\" title=\"124 genealogies de fam\u00edlies de Girona i el seu bisbat de Santiago de Llobet i Masachs\" width=\"660\" height=\"371\" src=\"https:\/\/www.youtube.com\/embed\/3BIcTvAqQys?feature=oembed\" frameborder=\"0\" allow=\"accelerometer; autoplay; clipboard-write; encrypted-media; gyroscope; picture-in-picture; web-share\" referrerpolicy=\"strict-origin-when-cross-origin\" allowfullscreen><\/iframe>\n<\/div><\/figure>\n","protected":false},"excerpt":{"rendered":"<p>Nova publicaci\u00f3! Volum 2: 124 Genealogies de fam\u00edlies de Girona i el seu bisbat (M\u2013X)Autor: Dr. Santiago de Llobet i MasachsPVP: 60,00 \u20ac Ens complau anunciar la publicaci\u00f3 del segon volum de l\u2019obra monumental 124 genealogies de fam\u00edlies de Girona i el seu bisbat, del doctor Santiago de Llobet i Masachs, reconegut genealogista, antrop\u00f2leg i &#8230;<\/p>\n<p><a href=\"https:\/\/iafgh.cat\/?p=2770\" class=\"more-link\">More <span class=\"meta-nav\">&rarr;<\/span><\/a><\/p>\n","protected":false},"author":1,"featured_media":2775,"comment_status":"closed","ping_status":"closed","sticky":false,"template":"","format":"standard","meta":{"footnotes":""},"categories":[1],"tags":[],"class_list":["post-2770","post","type-post","status-publish","format-standard","has-post-thumbnail","hentry","category-general"],"_links":{"self":[{"href":"https:\/\/iafgh.cat\/index.php?rest_route=\/wp\/v2\/posts\/2770","targetHints":{"allow":["GET"]}}],"collection":[{"href":"https:\/\/iafgh.cat\/index.php?rest_route=\/wp\/v2\/posts"}],"about":[{"href":"https:\/\/iafgh.cat\/index.php?rest_route=\/wp\/v2\/types\/post"}],"author":[{"embeddable":true,"href":"https:\/\/iafgh.cat\/index.php?rest_route=\/wp\/v2\/users\/1"}],"replies":[{"embeddable":true,"href":"https:\/\/iafgh.cat\/index.php?rest_route=%2Fwp%2Fv2%2Fcomments&post=2770"}],"version-history":[{"count":6,"href":"https:\/\/iafgh.cat\/index.php?rest_route=\/wp\/v2\/posts\/2770\/revisions"}],"predecessor-version":[{"id":2784,"href":"https:\/\/iafgh.cat\/index.php?rest_route=\/wp\/v2\/posts\/2770\/revisions\/2784"}],"wp:featuredmedia":[{"embeddable":true,"href":"https:\/\/iafgh.cat\/index.php?rest_route=\/wp\/v2\/media\/2775"}],"wp:attachment":[{"href":"https:\/\/iafgh.cat\/index.php?rest_route=%2Fwp%2Fv2%2Fmedia&parent=2770"}],"wp:term":[{"taxonomy":"category","embeddable":true,"href":"https:\/\/iafgh.cat\/index.php?rest_route=%2Fwp%2Fv2%2Fcategories&post=2770"},{"taxonomy":"post_tag","embeddable":true,"href":"https:\/\/iafgh.cat\/index.php?rest_route=%2Fwp%2Fv2%2Ftags&post=2770"}],"curies":[{"name":"wp","href":"https:\/\/api.w.org\/{rel}","templated":true}]}}