{"id":2761,"date":"2025-10-07T16:07:24","date_gmt":"2025-10-07T16:07:24","guid":{"rendered":"https:\/\/iafgh.cat\/?p=2761"},"modified":"2025-10-12T21:10:52","modified_gmt":"2025-10-12T21:10:52","slug":"conferencia-en-linia-branding-antes-del-branding-marcas-de-mercaderes-y-el-lenguaje-visual-de-la-confianza-economica-en-el-bajo-medievo-impartida-pel-prof-sari-yehuda-nassar","status":"publish","type":"post","link":"https:\/\/iafgh.cat\/?p=2761","title":{"rendered":"Confer\u00e8ncia en l\u00ednia: Branding antes del Branding: Marcas de mercaderes y el lenguaje visual de la confianza econ\u00f3mica en el Bajo Medievo, impartida pel prof. Sari Yehuda Nassar"},"content":{"rendered":"\n<p>Ens complau anunciar les confer\u00e8ncies del cicle IAFGH-UNAM, que tindran lloc aquest mes d\u2019octubre.<\/p>\n\n\n\n<p><strong>Data<\/strong>:&nbsp;<em>divendres 24 d\u2019octubre de 2025 a les 6 h de la tarda<\/em>.<\/p>\n\n\n\n<p><strong>T\u00edtol<\/strong>: Branding antes del Branding: Marcas de mercaderes y el lenguaje visual de la confianza econ\u00f3mica en el Bajo Medievo.<\/p>\n\n\n\n<p><strong>Resum:<\/strong> Aquest seminari explora com les marques de mercaders operaven com a instruments d\u2019identificaci\u00f3, reputaci\u00f3 i generaci\u00f3 de confian\u00e7a en l\u2019economia baix medieval. La seva an\u00e0lisi s\u2019emmarca en una perspectiva econ\u00f2mica i institucional.<\/p>\n\n\n\n<p><strong>Conferenciant:<\/strong> Prof. Dr. Sari Yehuda Nassar, Universitat de Barcelona, Departament d\u2019Hist\u00f2ria i Arqueologia, Secci\u00f3 d\u2019Hist\u00f2ria Medieval, Moderna, Paleografia i Diplom\u00e0tica.<\/p>\n\n\n\n<p><strong>Confer\u00e8ncia en l\u00ednia:<\/strong> <a href=\"https:\/\/www.youtube.com\/@paleografiaacatlan4450\">https:\/\/www.youtube.com\/@paleografiaacatlan4450<\/a><\/p>\n\n\n\n<p><\/p>\n","protected":false},"excerpt":{"rendered":"<p>Ens complau anunciar les confer\u00e8ncies del cicle IAFGH-UNAM, que tindran lloc aquest mes d\u2019octubre. Data:&nbsp;divendres 24 d\u2019octubre de 2025 a les 6 h de la tarda. T\u00edtol: Branding antes del Branding: Marcas de mercaderes y el lenguaje visual de la confianza econ\u00f3mica en el Bajo Medievo. Resum: Aquest seminari explora com les marques de mercaders &#8230;<\/p>\n<p><a href=\"https:\/\/iafgh.cat\/?p=2761\" class=\"more-link\">More <span class=\"meta-nav\">&rarr;<\/span><\/a><\/p>\n","protected":false},"author":1,"featured_media":2762,"comment_status":"closed","ping_status":"closed","sticky":false,"template":"","format":"standard","meta":{"footnotes":""},"categories":[1],"tags":[],"class_list":["post-2761","post","type-post","status-publish","format-standard","has-post-thumbnail","hentry","category-general"],"_links":{"self":[{"href":"https:\/\/iafgh.cat\/index.php?rest_route=\/wp\/v2\/posts\/2761","targetHints":{"allow":["GET"]}}],"collection":[{"href":"https:\/\/iafgh.cat\/index.php?rest_route=\/wp\/v2\/posts"}],"about":[{"href":"https:\/\/iafgh.cat\/index.php?rest_route=\/wp\/v2\/types\/post"}],"author":[{"embeddable":true,"href":"https:\/\/iafgh.cat\/index.php?rest_route=\/wp\/v2\/users\/1"}],"replies":[{"embeddable":true,"href":"https:\/\/iafgh.cat\/index.php?rest_route=%2Fwp%2Fv2%2Fcomments&post=2761"}],"version-history":[{"count":2,"href":"https:\/\/iafgh.cat\/index.php?rest_route=\/wp\/v2\/posts\/2761\/revisions"}],"predecessor-version":[{"id":2767,"href":"https:\/\/iafgh.cat\/index.php?rest_route=\/wp\/v2\/posts\/2761\/revisions\/2767"}],"wp:featuredmedia":[{"embeddable":true,"href":"https:\/\/iafgh.cat\/index.php?rest_route=\/wp\/v2\/media\/2762"}],"wp:attachment":[{"href":"https:\/\/iafgh.cat\/index.php?rest_route=%2Fwp%2Fv2%2Fmedia&parent=2761"}],"wp:term":[{"taxonomy":"category","embeddable":true,"href":"https:\/\/iafgh.cat\/index.php?rest_route=%2Fwp%2Fv2%2Fcategories&post=2761"},{"taxonomy":"post_tag","embeddable":true,"href":"https:\/\/iafgh.cat\/index.php?rest_route=%2Fwp%2Fv2%2Ftags&post=2761"}],"curies":[{"name":"wp","href":"https:\/\/api.w.org\/{rel}","templated":true}]}}