{"id":2753,"date":"2025-09-27T11:26:20","date_gmt":"2025-09-27T11:26:20","guid":{"rendered":"https:\/\/iafgh.cat\/?p=2753"},"modified":"2025-10-12T21:12:40","modified_gmt":"2025-10-12T21:12:40","slug":"conferencia-en-linia-el-papel-sellado-entre-la-fiscalidad-la-politica-y-la-representacion-del-poder-per-gerard-mari-i-brull","status":"publish","type":"post","link":"https:\/\/iafgh.cat\/?p=2753","title":{"rendered":"Confer\u00e8ncia en l\u00ednia: El papel sellado: entre la fiscalidad, la pol\u00edtica y la representaci\u00f3n del poder, per Gerard Mar\u00ed i Brull."},"content":{"rendered":"\n<p>Confer\u00e8ncies del cicle IAFGH-UNAM, que va tenir lloc el <em>divendres 10 d&#8217;octubre de 2025 a les 6 h de la tarda<\/em>.<\/p>\n\n\n\n<p>El Paper Timbrat (<em>Papel Sellado<\/em>, <em>papel del Sello<\/em>) \u00e9s un paper oficial obligatori creat per la Pragm\u00e0tica Reial de Felip IV l\u2019any 1636, que porta impr\u00e8s l\u2019escut reial i una inscripci\u00f3 especificant la tipologia, el preu i l\u2019any de validesa. En el seu origen va ser aplicat als territoris vinculats a la Corona de Castella, a excepci\u00f3 del Pa\u00eds Basc i dels regnes de Navarra i de Portugal. Als territoris de la Corona d\u2019Arag\u00f3 nom\u00e9s va ser aplicat de resultes de l\u2019evoluci\u00f3 b\u00e8l\u00b7lica de la guerra de Successi\u00f3 (1707 a l\u2019Arag\u00f3 i a Val\u00e8ncia, 1715 a Catalunya i 1718 a les Balears).<\/p>\n\n\n\n<p>\u00c9s un sistema for\u00e7a din\u00e0mic: v\u00e0lid nom\u00e9s durant l\u2019any pel qual va ser impr\u00e8s, que ha de canviar a cada any successiu, llevat de M\u00e8xic, que tenia una aplicaci\u00f3 per dos anys. En cas d\u2019escassetat o per canvis pol\u00edtics sobtats, el paper pot ser encara v\u00e0lid gr\u00e0cies al sistema de l&#8217;\u201chabilitaci\u00f3\u201d, consistent en la impressi\u00f3 (o tamb\u00e9 escrit a m\u00e0) d\u2019una breu nota autoritzant oficialment el seu \u00fas per un nou any o nou monarca. Per exemple, paper de 1813 pot ser oficialment utilizat amb l\u2019habilitaci\u00f3 &#8220;Valga para el a\u00f1o de mil ochocientos catorce&#8221;; un altre exemple pot ser el paper de 1808 pel regnat de Carles IV, que pot continuar sent utilitzat amb l\u2019afegit &#8220;VALGA PARA EL REYNADO DEL SE\u00d1OR DON FERNANDO VII&#8221;; i amb les abdicacions de Baiona, quan l\u2019autoritat es transmet al representant de la nova dinastia napole\u00f2nica, el Gran Duc de Berg, Mariscal Joaquim Murat, en tant que Lloctinent General, s\u2019hi afegeix &#8220;VALGA POR EL GOBIERNO DEL LUGAR-TENIENTE GENERAL DEL REYNO&#8221;,<\/p>\n\n\n\n<p>Ha estat objecte d\u2019inter\u00e8s dels estudiosos de l\u2019administraci\u00f3 i de la fiscalitat i dels col\u00b7leccionistes apassionats per la timbrologia, per\u00f2 se\u2019n desconeixen encara moltes coses: la manera d\u2019imprimir-lo i de distribuir-lo, especialment en per\u00edodes complexos del segle XIX; la cronologia de la implantaci\u00f3 en els territoris de la monarquia; el rebuig que va generar des dels seus inicis, especialment per l\u2019Esgl\u00e9sia i per algunes prov\u00edncies, com ara Cant\u00e0bria.<\/p>\n\n\n\n<p>Va ser un sistema emblem\u00e0tic molt \u00fatil per a poder de manifest el poder pol\u00edtic i els seus canvis, en tant que evidencia de l\u2019autoritat de l\u2019estat o de la dinastia regnant. La nostra intenci\u00f3 \u00e9s fer que es valori m\u00e9s en tant que font hist\u00f2rica i animar a una recerca m\u00e9s detallada.<\/p>\n\n\n\n<p><strong>Data<\/strong>: <em>divendres 10 d&#8217;octubre de 2025 a les 6 h de la tarda<\/em><\/p>\n\n\n\n<p><strong>Conferenciant<\/strong>: Prof. Dr. Gerard Mar\u00ed i Brull, Universitat de Barcelona, Departament d\u2019Hist\u00f2ria i Arqueologia, Secci\u00f3 d\u2019Hist\u00f2ria Medieval, Moderna, Paleografia i Diplom\u00e0tica. President de la IAFGH.<\/p>\n\n\n\n<p><\/p>\n\n\n\n<p><\/p>\n","protected":false},"excerpt":{"rendered":"<p>Confer\u00e8ncies del cicle IAFGH-UNAM, que va tenir lloc el divendres 10 d&#8217;octubre de 2025 a les 6 h de la tarda. El Paper Timbrat (Papel Sellado, papel del Sello) \u00e9s un paper oficial obligatori creat per la Pragm\u00e0tica Reial de Felip IV l\u2019any 1636, que porta impr\u00e8s l\u2019escut reial i una inscripci\u00f3 especificant la tipologia, &#8230;<\/p>\n<p><a href=\"https:\/\/iafgh.cat\/?p=2753\" class=\"more-link\">More <span class=\"meta-nav\">&rarr;<\/span><\/a><\/p>\n","protected":false},"author":1,"featured_media":2754,"comment_status":"closed","ping_status":"closed","sticky":false,"template":"","format":"standard","meta":{"footnotes":""},"categories":[1],"tags":[],"class_list":["post-2753","post","type-post","status-publish","format-standard","has-post-thumbnail","hentry","category-general"],"_links":{"self":[{"href":"https:\/\/iafgh.cat\/index.php?rest_route=\/wp\/v2\/posts\/2753","targetHints":{"allow":["GET"]}}],"collection":[{"href":"https:\/\/iafgh.cat\/index.php?rest_route=\/wp\/v2\/posts"}],"about":[{"href":"https:\/\/iafgh.cat\/index.php?rest_route=\/wp\/v2\/types\/post"}],"author":[{"embeddable":true,"href":"https:\/\/iafgh.cat\/index.php?rest_route=\/wp\/v2\/users\/1"}],"replies":[{"embeddable":true,"href":"https:\/\/iafgh.cat\/index.php?rest_route=%2Fwp%2Fv2%2Fcomments&post=2753"}],"version-history":[{"count":3,"href":"https:\/\/iafgh.cat\/index.php?rest_route=\/wp\/v2\/posts\/2753\/revisions"}],"predecessor-version":[{"id":2769,"href":"https:\/\/iafgh.cat\/index.php?rest_route=\/wp\/v2\/posts\/2753\/revisions\/2769"}],"wp:featuredmedia":[{"embeddable":true,"href":"https:\/\/iafgh.cat\/index.php?rest_route=\/wp\/v2\/media\/2754"}],"wp:attachment":[{"href":"https:\/\/iafgh.cat\/index.php?rest_route=%2Fwp%2Fv2%2Fmedia&parent=2753"}],"wp:term":[{"taxonomy":"category","embeddable":true,"href":"https:\/\/iafgh.cat\/index.php?rest_route=%2Fwp%2Fv2%2Fcategories&post=2753"},{"taxonomy":"post_tag","embeddable":true,"href":"https:\/\/iafgh.cat\/index.php?rest_route=%2Fwp%2Fv2%2Ftags&post=2753"}],"curies":[{"name":"wp","href":"https:\/\/api.w.org\/{rel}","templated":true}]}}