{"id":2703,"date":"2025-06-25T18:29:39","date_gmt":"2025-06-25T18:29:39","guid":{"rendered":"https:\/\/iafgh.cat\/?p=2703"},"modified":"2025-06-25T18:29:40","modified_gmt":"2025-06-25T18:29:40","slug":"francesc-albardaner-i-llorens-carta-oberta","status":"publish","type":"post","link":"https:\/\/iafgh.cat\/?p=2703","title":{"rendered":"Francesc Albardaner i Llorens &#8211; Carta Oberta"},"content":{"rendered":"\n<p><strong>CONSIDERACIONS SOBRE LA TEORIA DE SER CRIST\u00d2FOR COLOM VALENCI\u00c0 I CRIPTO-JUEU: CARTA OBERTA A TOTS ELS VALENCIANS.<\/strong><\/p>\n\n\n\n<p>Benvolguts amics valencians:<\/p>\n\n\n\n<p>Em trobo en la necessitat de donar-vos explicacions de la meva teoria sobre l\u2019origen de Crist\u00f3for Colom en la que afirmo que era valenci\u00e0 i cripto-jueu, alhora que \u201cgenov\u00e8s de naci\u00f3\u201d. En aquest tema cal prud\u00e8ncia, molta prud\u00e8ncia i deixar de banda patriotismes arrauxats, que poden desvirtuar el meu treball de recerca realitzat durant els darrers quaranta anys. A tall d\u2019exemple de qu\u00e9 \u00e9s all\u00f2 que jo no voldria que pass\u00e9s amb aquesta teoria a casa vostra, us parlar\u00e9 de dos antecedents ben notoris.<\/p>\n\n\n\n<p>LA TEORIA DE L\u2019ORIGEN CATAL\u00c0 DE COLOM DE LUIS ULLOA CISNEROS<\/p>\n\n\n\n<p>Per a sorpresa de tothom i molt especialment dels catalans, l\u2019historiador peru\u00e0 Luis Ulloa Cisneros va donar a con\u00e8ixer, a l\u2019any 1927, una seva nova teoria de l\u2019origen de Colom, tot afirmant que aquest fou catal\u00e0, alhora que desacreditava amb moltes i bones raons l\u2019origen genov\u00e8s del descobridor. En la enrarida societat catalana de la dictadura de Primo de Rivera, la not\u00edcia va ser acollida amb un entusiasme patri\u00f2tic extraordinari i Luis Ulloa va gaudir del suport de la intel\u00b7lectualitat catalana fins a la seva mort el febrer del 1936.<\/p>\n\n\n\n<p>Un cop estudiats els seus escrits, llibres i articles, cal admetre que Ulloa nom\u00e9s va fer una hip\u00f2tesi de treball, ja que no va aportar cap documentaci\u00f3 fefaent per demostrar les seves argumentacions. Ell deia que deixava en mans dels historiadors catalans la feina de trobar els documents necessaris que demostressin la seva teoria i que ubiquessin en una fam\u00edlia catalana al descobridor del Nou M\u00f3n. L\u2019any 1931, Ulloa assist\u00ed a diversos congressos de historiadors americanistes (Sevilla i Hamburg) i, per sorpresa seva, no va conv\u00e8ncer a ning\u00fa. Amb la guerra civil el tema va quedar oblidat i nom\u00e9s fa uns quaranta anys que a Catalunya van tornar a florir tot un reguitzell de diverses teories catalanes de l\u2019origen de Colom, quina m\u00e9s imaginativa que l\u2019altre. Aix\u00f2 s\u00ed, r\u00e0pidament els patriotes catalans m\u00e9s fan\u00e0tics varen donar suport a una de les teories m\u00e9s fantasioses i infundades, que afirmava que el descobridor fou Joan Colom i Bertran, un patrici catal\u00e0 real, que, per\u00f2 va morir abans del mes d\u2019agost de l\u2019any 1477. I malgrat aquesta ra\u00f3 definitiva sobre aquesta teoria, els seus partidaris continuen difonent-la com si res. El fanatismes patri\u00f2tics s\u00f3n grans enemics de la veritat hist\u00f2rica.<\/p>\n\n\n\n<p>Tots aquests desprop\u00f2sits han estat utilitzats pels historiadors espanyols anticatalans per sucar-hi pa i desacreditar aquestes teories i, de passada, embolicar la troca, tot anatematitzant el moviment independentista catal\u00e0, amb aquestes fal\u00b7l\u00e0cies hist\u00f2riques.<\/p>\n\n\n\n<p>LA SORTIDA DE PALS D\u2019EMPORD\u00c0 DEL PRIMER VIATGE DE DESCOBRIMENT D\u2019AM\u00c8RICA.<\/p>\n\n\n\n<p>Un cop s\u2019ha creat un mite hist\u00f2ric, com a resultat de la difusi\u00f3 d\u2019una fal\u00b7l\u00e0cia interessada, \u00e9s molt dif\u00edcil de desmuntar i retornar les aig\u00fces a la veritat raonada. Un cas com un cab\u00e0s ha estat tot el proc\u00e9s de construcci\u00f3 d\u2019un relat fictici, que deia que el primer viatge de descobriment del Nou M\u00f3n de Crist\u00f2for Colom va tenir el seu port de sortida al poble de Pals d\u2019Empord\u00e0 (Girona) i no el port de Palos de la Frontera (Huelva), malgrat tota l\u2019evidencia documental i hist\u00f2rica a favor d\u2019aquest segon poble.<\/p>\n\n\n\n<p>El proc\u00e9s de construcci\u00f3 d\u2019aquest engany va ser lent. Primer apareixen diversos articles a diaris i revistes, despr\u00e9s es fa un congr\u00e9s a Pals sobre el descobriment d\u2019Am\u00e8rica, en el que algun ponent defensa la nova teoria, tot denunciant la perf\u00eddia dels historiadors castellans que varen censurar aquesta \u201cveritat\u201d hist\u00f2rica a favor de Palos de la Frontera per castellanitzar el fet hist\u00f2ric. M\u00e9s endavant, veient l\u2019ajuntament de pals d\u2019Empord\u00e0, que aquesta fal\u00b7l\u00e0cia podia ser interessant des d\u2019un punt de vista tur\u00edstic, va comen\u00e7ar a organitzar a l\u2019estiu unes cavalcades hist\u00f2riques en honor dels almiralls catalans i va comen\u00e7ar&nbsp; un servei de visites guiades pel poble per explicar la nova teoria revolucionaria. Fins hi tot l\u2019ajuntament va estar a punt de destinar una sala de la casa de cultura \u201cCa La Pruna\u201d per dedicar-la a la difusi\u00f3 de aital teoria, amb el corresponent cap\u00edtol econ\u00f2mic en els pressupostos. A tot aix\u00f2 els restauradors hi varen veure una bona oportunitat per dinamitzar el seu negoci i es varen comen\u00e7ar a fer dinars i sopars americans amb productes procedents del Nou M\u00f3n. Com podeu veure un disbarat descomunal que s\u2019anava fent gran sobre una base falsa. I aix\u00f2 \u00e9s el que jo no voldria que pass\u00e9s a Val\u00e8ncia amb la meva teoria de l\u2019origen valenci\u00e0 de Colom.<\/p>\n\n\n\n<p>Un cop arribats a Pals a tots aquests excessos, va costar molt reconduir el tema, ja que a tota la poblaci\u00f3 li agradava agafar aquest protagonisme hist\u00f2ric en el descobriment del Nou M\u00f3n, tot i que intu\u00efen que era una falsedat hist\u00f2rica monumental. Per\u00f2, si fins i tot la Revista de Girona, publicada per la Diputaci\u00f3 de Girona, va dedicar un n\u00famero sencer a \u201cColom i Pals\u201d, que decantava la balan\u00e7a a favor de la estrafol\u00e0ria teoria. Com voleu que la gent de Pals no accept\u00e9s que alguna cosa de veritat hi havia en aquest mite? Sortosament, poc a poc, hi ha hagut un proc\u00e9s sensat d\u2019abandonament d\u2019aquest mite.<\/p>\n\n\n\n<p>LA MEVA TEORIA DE SER COLOM VALENCI\u00c0, CRIPTO-JUEU I \u201cGENOV\u00c8S DE NACI\u00d3\u201d<\/p>\n\n\n\n<p>Un cop estudiada tota la documentaci\u00f3 que he&nbsp; pogut sobre el personatge hist\u00f2ric de Crist\u00f2for Colom, molt especialment les anomalies que presenta la teor\u00eda del Crist\u00f2foro Colombo nascut a G\u00e8nova, m\u2019he vist for\u00e7at a considerar que la teoria ortodoxa genovesa \u00e9s un frau hist\u00f2ric perpetrat en el darrer ter\u00e7 del segle XVI amb la p\u00e8rfida intenci\u00f3, per part del Senat de G\u00e8nova, d\u2019apropiar-se dels b\u00e9ns i t\u00edtols de la fam\u00edlia Col\u00f3n un cop mort el darrer descendent directe del descobridor l\u2019any 1578. Soc conscient de la gravetat de l\u2019anterior afirmaci\u00f3, per\u00f2 n\u2019estic conven\u00e7ut. Puc estar equivocat, per\u00f2.<\/p>\n\n\n\n<p>Seguint el m\u00e8tode cient\u00edfic, quan una teoria presenta excessives anomalies, com jo considero que presenta la teoria ortodoxa del Colombo nascut a G\u00e8nova, cal enunciar una teoria alternativa, que s\u2019ajusti millor als fets coneguts d\u2019aquests personatge hist\u00f2ric. I per aquest motiu i gr\u00e0cies els darrers documents apareguts relatius a Crist\u00f2for Colom, hem crec autoritzar a proposar una <strong>nova hip\u00f2tesi de treball<\/strong>, una simple hip\u00f2tesi de treball, que en llenguatge corrent es podria qualificar com una suposici\u00f3, per\u00f2 que explica molt millor&nbsp; tots els fets del descobridor del Nou M\u00f3n.<\/p>\n\n\n\n<figure class=\"wp-block-image size-large\"><a href=\"https:\/\/iafgh.cat\/wp-content\/uploads\/2025\/04\/Portada_Colom22.jpg\"><img loading=\"lazy\" decoding=\"async\" width=\"712\" height=\"1024\" src=\"https:\/\/iafgh.cat\/wp-content\/uploads\/2025\/04\/Portada_Colom22-712x1024.jpg\" alt=\"\" class=\"wp-image-2651\" srcset=\"https:\/\/iafgh.cat\/wp-content\/uploads\/2025\/04\/Portada_Colom22-712x1024.jpg 712w, https:\/\/iafgh.cat\/wp-content\/uploads\/2025\/04\/Portada_Colom22-209x300.jpg 209w, https:\/\/iafgh.cat\/wp-content\/uploads\/2025\/04\/Portada_Colom22-768x1105.jpg 768w, https:\/\/iafgh.cat\/wp-content\/uploads\/2025\/04\/Portada_Colom22-1068x1536.jpg 1068w, https:\/\/iafgh.cat\/wp-content\/uploads\/2025\/04\/Portada_Colom22-1424x2048.jpg 1424w, https:\/\/iafgh.cat\/wp-content\/uploads\/2025\/04\/Portada_Colom22-280x403.jpg 280w, https:\/\/iafgh.cat\/wp-content\/uploads\/2025\/04\/Portada_Colom22-660x950.jpg 660w, https:\/\/iafgh.cat\/wp-content\/uploads\/2025\/04\/Portada_Colom22.jpg 1728w\" sizes=\"auto, (max-width: 712px) 100vw, 712px\" \/><\/a><\/figure>\n\n\n\n<p><a href=\"https:\/\/www.zonallibres.cat\/product-page\/crist%C3%B2for-colom-una-identitat-dual-jueu-convers-de-val%C3%A8ncia-i-genov%C3%A8s-de-naci\">https:\/\/www.zonallibres.cat\/product-page\/crist%C3%B2for-colom-una-identitat-dual-jueu-convers-de-val%C3%A8ncia-i-genov%C3%A8s-de-naci<\/a><\/p>\n\n\n\n<p>Hi ha un punt fonamental, com \u00e9s el fet de que tant el descobridor com el seu germ\u00e0 Bertomeu, es varen declarar com a genovesos de naci\u00f3 en diversos documents, uns aut\u00e8ntics i d\u2019altres falsos. Aix\u00f2 sempre ha anat a favor de la p\u00e0tria genovesa de Colom, entesa com el seu lloc de naixen\u00e7a. Per\u00f2 el total desconeixement de&nbsp; les lleng\u00fces l\u00edgur i toscana del descobridor fa pensar que la seva infantesa fou en un altre territori on es parlava la llengua catalana i la castellana. Si Colom hagu\u00e9s nascut a Val\u00e8ncia, per\u00f2 es declarava \u201cgenov\u00e8s de naci\u00f3\u201d, nom\u00e9s pot ser veritat en el cas de ser descendent d\u2019un pare genov\u00e8s. I en la societat valenciana de la segona meitat del segle XV hi va haver una molt important immigraci\u00f3 de genovesos, que casaren amb dones valencianes i que crearen un grup mixt genov\u00e8s-valenci\u00e0, que qued\u00e0 reflectit en l\u2019arxiconfraria dels genovesos de Val\u00e8ncia. \u00c9s possible, doncs, que tot i haver nascut a Val\u00e8ncia Colom es pod\u00e9s identificar com a \u201cgenov\u00e8s de naci\u00f3\u201d sense mentir.<\/p>\n\n\n\n<p>Per mi resulta evident que Crist\u00f2for Colom reb\u00e9 una educaci\u00f3 plenament jueva en la seva infantesa i, tot i que aparent\u00e0 uns costums cristians i cat\u00f2lics al llarg de tota la seva vida, en el seu interior pensava i creia com un jueu, fet que queda reflectit en els seus escrits on, insistentment, reclama la reconquesta de Terra Santa i la restauraci\u00f3 del Temple de Jerusalem. I una educaci\u00f3 d\u2019aquest tipus dif\u00edcilment podia haver-la rebut ni a G\u00e8nova, ni en tot el Genovesat, ja que no hi havia comunitats jueves en aquests territoris per haver estat expulsats els jueus des del segle XII.<\/p>\n\n\n\n<p>El coneixement profund de la societat valenciana del segle XV, on convivien moros, jueus i cristians, m\u2019ha fet considerar que \u00e9s el lloc ideal per ser el bressol del nostre personatge. En unes declaracions acusat\u00f2ries o difamat\u00f2ries contra els germans Colom, unes dones afirmaren a la illa de la Hispaniola, l\u2019any 1500, que Diego, el germ\u00e0 petit fou aprenent de teixidor de seda en el taller d\u2019una mestre seder musulm\u00e0. I aix\u00f2, dif\u00edcilment podia esdevenir-se a la ciutat de G\u00e8nova, si donem per v\u00e0lida aquesta afirmaci\u00f3.<\/p>\n\n\n\n<p>En resum, aquesta meva <strong>nova hip\u00f2tesi de treball<\/strong> no \u00e9s cap teoria hist\u00f2rica perfectament demostrada. El fet de que el resultat de les an\u00e0lisis de l\u2019ADN de Crist\u00f2for Colom i del seu fill Hernando digu\u00e9s que aquesta fam\u00edlia era jueva sefardita, avala el meu plantejament, per\u00f2 no \u00e9s cap demostraci\u00f3 definitiva. Caldran que apareguin molts m\u00e9s documents que acabin demostrant la seva viabilitat, o no. Per aix\u00f2 us demano a tots els valencians molta prud\u00e8ncia sobre aquest tema i no tingueu pressa a pujar a Colom als altars del pante\u00f3 patri\u00f2tic valenci\u00e0.<\/p>\n\n\n\n<p>Francesc Albardaner i Llorens<\/p>\n\n\n\n<p>Juny del 2025<\/p>\n\n\n\n<p><\/p>\n","protected":false},"excerpt":{"rendered":"<p>CONSIDERACIONS SOBRE LA TEORIA DE SER CRIST\u00d2FOR COLOM VALENCI\u00c0 I CRIPTO-JUEU: CARTA OBERTA A TOTS ELS VALENCIANS. Benvolguts amics valencians: Em trobo en la necessitat de donar-vos explicacions de la meva teoria sobre l\u2019origen de Crist\u00f3for Colom en la que afirmo que era valenci\u00e0 i cripto-jueu, alhora que \u201cgenov\u00e8s de naci\u00f3\u201d. En aquest tema cal &#8230;<\/p>\n<p><a href=\"https:\/\/iafgh.cat\/?p=2703\" class=\"more-link\">More <span class=\"meta-nav\">&rarr;<\/span><\/a><\/p>\n","protected":false},"author":1,"featured_media":2646,"comment_status":"closed","ping_status":"closed","sticky":false,"template":"","format":"standard","meta":{"footnotes":""},"categories":[1],"tags":[],"class_list":["post-2703","post","type-post","status-publish","format-standard","has-post-thumbnail","hentry","category-general"],"_links":{"self":[{"href":"https:\/\/iafgh.cat\/index.php?rest_route=\/wp\/v2\/posts\/2703","targetHints":{"allow":["GET"]}}],"collection":[{"href":"https:\/\/iafgh.cat\/index.php?rest_route=\/wp\/v2\/posts"}],"about":[{"href":"https:\/\/iafgh.cat\/index.php?rest_route=\/wp\/v2\/types\/post"}],"author":[{"embeddable":true,"href":"https:\/\/iafgh.cat\/index.php?rest_route=\/wp\/v2\/users\/1"}],"replies":[{"embeddable":true,"href":"https:\/\/iafgh.cat\/index.php?rest_route=%2Fwp%2Fv2%2Fcomments&post=2703"}],"version-history":[{"count":1,"href":"https:\/\/iafgh.cat\/index.php?rest_route=\/wp\/v2\/posts\/2703\/revisions"}],"predecessor-version":[{"id":2704,"href":"https:\/\/iafgh.cat\/index.php?rest_route=\/wp\/v2\/posts\/2703\/revisions\/2704"}],"wp:featuredmedia":[{"embeddable":true,"href":"https:\/\/iafgh.cat\/index.php?rest_route=\/wp\/v2\/media\/2646"}],"wp:attachment":[{"href":"https:\/\/iafgh.cat\/index.php?rest_route=%2Fwp%2Fv2%2Fmedia&parent=2703"}],"wp:term":[{"taxonomy":"category","embeddable":true,"href":"https:\/\/iafgh.cat\/index.php?rest_route=%2Fwp%2Fv2%2Fcategories&post=2703"},{"taxonomy":"post_tag","embeddable":true,"href":"https:\/\/iafgh.cat\/index.php?rest_route=%2Fwp%2Fv2%2Ftags&post=2703"}],"curies":[{"name":"wp","href":"https:\/\/api.w.org\/{rel}","templated":true}]}}