{"id":2687,"date":"2025-06-06T09:57:43","date_gmt":"2025-06-06T09:57:43","guid":{"rendered":"https:\/\/iafgh.cat\/?p=2687"},"modified":"2025-10-05T17:26:43","modified_gmt":"2025-10-05T17:26:43","slug":"i-simposi-armand-de-fluvia-de-genealogia-i-heraldica","status":"publish","type":"post","link":"https:\/\/iafgh.cat\/?p=2687","title":{"rendered":"I Simposi Armand de Fluvi\u00e0 de Genealogia i Her\u00e0ldica"},"content":{"rendered":"\n<p><strong>INVITACI\u00d3<\/strong>:<\/p>\n\n\n\n<p>Amb motiu del primer aniversari del trasp\u00e0s d\u2019<strong>Armand de Fluvi\u00e0<\/strong>, <br>la <strong>Societat Catalana d\u2019Estudis Hist\u00f2rics<\/strong> i la <strong>Instituci\u00f3 Armand de Fluvi\u00e0 i Escorsa de Genealogia i Her\u00e0ldica<\/strong> es complauen a convidar-vos a participar en el<\/p>\n\n\n\n<p><strong>I Simposi Armand de Fluvi\u00e0 de Genealogia i Her\u00e0ldica<\/strong><\/p>\n\n\n\n<p>que tindr\u00e0 lloc el <strong>15 d\u2019octubre de 2025<\/strong>,<br>a l&#8217;<strong>Institut d&#8217;Estudis Catalans<\/strong>, carrer del Carme 47<br>de Barcelona.<\/p>\n\n\n\n<p><strong>Programa:<\/strong><\/p>\n\n\n\n<p><strong>17:00<\/strong> \u2013 <em>Inauguraci\u00f3<\/em><br>Dra. Merc\u00e8 Morales, presidenta de la Societat Catalana d\u2019Estudis Hist\u00f2rics<\/p>\n\n\n\n<p><strong>17:15<\/strong> \u2013 <em>Armand de Fluvi\u00e0 i l\u2019her\u00e0ldica i la vexil\u00b7lologia municipals a Catalunya<\/em><br>Dr. Josep M. Palau<\/p>\n\n\n\n<p><strong>18:00<\/strong> \u2013 <em>Armand de Fluvi\u00e0 i &#8220;El casamiento en casa&#8221;<\/em><br>Dr. Josep Serrano Daura<\/p>\n\n\n\n<p><strong>18:45<\/strong> \u2013 <em>Pausa<\/em><\/p>\n\n\n\n<p><strong>19:00<\/strong> \u2013 <em>Epistolari entre Armand de Fluvi\u00e0 i Santiago Sobrequ\u00e9s<\/em><br>Dr. Jaume Sobrequ\u00e9s<\/p>\n\n\n\n<p><strong>19:45<\/strong> \u2013 <em>Clausura<\/em><br>Dr. Gerard Mar\u00ed, president de la Instituci\u00f3 Armand de Fluvi\u00e0 i Escorsa<\/p>\n\n\n\n<p><br>Esperem comptar amb la vostra pres\u00e8ncia en aquest acte de reconeixement i mem\u00f2ria.<\/p>\n\n\n\n<p><\/p>\n\n\n\n<p><strong>Enlla\u00e7 de l\u2019acte per internet:<\/strong><\/p>\n\n\n\n<p><strong>Tema: I Simposi Armand de Fluvi\u00e0 de Genealogia i Her\u00e0ldica<\/strong><\/p>\n\n\n\n<p>Hora: 15 oct 2025 17:00<\/p>\n\n\n\n<p>Enlla\u00e7 Zoom:<\/p>\n\n\n\n<p><a href=\"https:\/\/us02web.zoom.us\/j\/82230371733?pwd=zgbaol59kHjbaJLPepYbaXqYQC3lkV.1\">https:\/\/us02web.zoom.us\/j\/82230371733?pwd=zgbaol59kHjbaJLPepYbaXqYQC3lkV.1<\/a><\/p>\n\n\n\n<p>ID de reuni\u00f3: 822 3037 1733<\/p>\n\n\n\n<p>CA: 51731g<\/p>\n","protected":false},"excerpt":{"rendered":"<p>INVITACI\u00d3: Amb motiu del primer aniversari del trasp\u00e0s d\u2019Armand de Fluvi\u00e0, la Societat Catalana d\u2019Estudis Hist\u00f2rics i la Instituci\u00f3 Armand de Fluvi\u00e0 i Escorsa de Genealogia i Her\u00e0ldica es complauen a convidar-vos a participar en el I Simposi Armand de Fluvi\u00e0 de Genealogia i Her\u00e0ldica que tindr\u00e0 lloc el 15 d\u2019octubre de 2025,a l&#8217;Institut d&#8217;Estudis &#8230;<\/p>\n<p><a href=\"https:\/\/iafgh.cat\/?p=2687\" class=\"more-link\">More <span class=\"meta-nav\">&rarr;<\/span><\/a><\/p>\n","protected":false},"author":1,"featured_media":2691,"comment_status":"closed","ping_status":"closed","sticky":false,"template":"","format":"standard","meta":{"footnotes":""},"categories":[1],"tags":[],"class_list":["post-2687","post","type-post","status-publish","format-standard","has-post-thumbnail","hentry","category-general"],"_links":{"self":[{"href":"https:\/\/iafgh.cat\/index.php?rest_route=\/wp\/v2\/posts\/2687","targetHints":{"allow":["GET"]}}],"collection":[{"href":"https:\/\/iafgh.cat\/index.php?rest_route=\/wp\/v2\/posts"}],"about":[{"href":"https:\/\/iafgh.cat\/index.php?rest_route=\/wp\/v2\/types\/post"}],"author":[{"embeddable":true,"href":"https:\/\/iafgh.cat\/index.php?rest_route=\/wp\/v2\/users\/1"}],"replies":[{"embeddable":true,"href":"https:\/\/iafgh.cat\/index.php?rest_route=%2Fwp%2Fv2%2Fcomments&post=2687"}],"version-history":[{"count":6,"href":"https:\/\/iafgh.cat\/index.php?rest_route=\/wp\/v2\/posts\/2687\/revisions"}],"predecessor-version":[{"id":2760,"href":"https:\/\/iafgh.cat\/index.php?rest_route=\/wp\/v2\/posts\/2687\/revisions\/2760"}],"wp:featuredmedia":[{"embeddable":true,"href":"https:\/\/iafgh.cat\/index.php?rest_route=\/wp\/v2\/media\/2691"}],"wp:attachment":[{"href":"https:\/\/iafgh.cat\/index.php?rest_route=%2Fwp%2Fv2%2Fmedia&parent=2687"}],"wp:term":[{"taxonomy":"category","embeddable":true,"href":"https:\/\/iafgh.cat\/index.php?rest_route=%2Fwp%2Fv2%2Fcategories&post=2687"},{"taxonomy":"post_tag","embeddable":true,"href":"https:\/\/iafgh.cat\/index.php?rest_route=%2Fwp%2Fv2%2Ftags&post=2687"}],"curies":[{"name":"wp","href":"https:\/\/api.w.org\/{rel}","templated":true}]}}