{"id":2680,"date":"2025-06-06T09:15:53","date_gmt":"2025-06-06T09:15:53","guid":{"rendered":"https:\/\/iafgh.cat\/?p=2680"},"modified":"2025-10-07T16:25:34","modified_gmt":"2025-10-07T16:25:34","slug":"dr-gerard-mari-i-brull-com-a-nou-president-de-la-iafgh","status":"publish","type":"post","link":"https:\/\/iafgh.cat\/?p=2680","title":{"rendered":"Dr. Gerard Mar\u00ed i Brull com a nou president de la IAFGH"},"content":{"rendered":"\n<p><br>El Sr. Gerard Mar\u00ed i Brull, nou president de la Instituci\u00f3.<\/p>\n\n\n\n<p><br>El Dr. Mar\u00ed i Brull \u00e9s professor a la Universitat de Barcelona i doctor en Hist\u00f2ria per la mateixa universitat, amb una \u00e0mplia traject\u00f2ria acad\u00e8mica i una reconeguda vinculaci\u00f3 amb el m\u00f3n de la recerca hist\u00f2rica i geneal\u00f2gica, tamb\u00e9 \u00e9s soci fundador de la Instituci\u00f3.<\/p>\n\n\n\n<figure class=\"wp-block-image size-full\"><a href=\"https:\/\/iafgh.cat\/wp-content\/uploads\/2025\/06\/IMG_1092.jpg\"><img loading=\"lazy\" decoding=\"async\" width=\"640\" height=\"480\" src=\"https:\/\/iafgh.cat\/wp-content\/uploads\/2025\/06\/IMG_1092.jpg\" alt=\"\" class=\"wp-image-2681\" srcset=\"https:\/\/iafgh.cat\/wp-content\/uploads\/2025\/06\/IMG_1092.jpg 640w, https:\/\/iafgh.cat\/wp-content\/uploads\/2025\/06\/IMG_1092-300x225.jpg 300w, https:\/\/iafgh.cat\/wp-content\/uploads\/2025\/06\/IMG_1092-280x210.jpg 280w\" sizes=\"auto, (max-width: 640px) 100vw, 640px\" \/><\/a><\/figure>\n\n\n\n<p>Desitgem expressar-li la nostra enhorabona pel nomenament i encoratjar-lo en aquesta nova etapa, amb la confian\u00e7a que sota la seva presid\u00e8ncia la Instituci\u00f3 continuar\u00e0 avan\u00e7ant i consolidant la seva tasca de recerca, difusi\u00f3 i preservaci\u00f3 del patrimoni geneal\u00f2gic i her\u00e0ldic.<br><br>Instituci\u00f3 Armand de Fluvi\u00e0 de Genealogia i Her\u00e0ldica<\/p>\n","protected":false},"excerpt":{"rendered":"<p>El Sr. Gerard Mar\u00ed i Brull, nou president de la Instituci\u00f3. El Dr. Mar\u00ed i Brull \u00e9s professor a la Universitat de Barcelona i doctor en Hist\u00f2ria per la mateixa universitat, amb una \u00e0mplia traject\u00f2ria acad\u00e8mica i una reconeguda vinculaci\u00f3 amb el m\u00f3n de la recerca hist\u00f2rica i geneal\u00f2gica, tamb\u00e9 \u00e9s soci fundador de la &#8230;<\/p>\n<p><a href=\"https:\/\/iafgh.cat\/?p=2680\" class=\"more-link\">More <span class=\"meta-nav\">&rarr;<\/span><\/a><\/p>\n","protected":false},"author":1,"featured_media":2684,"comment_status":"closed","ping_status":"closed","sticky":false,"template":"","format":"standard","meta":{"footnotes":""},"categories":[1],"tags":[],"class_list":["post-2680","post","type-post","status-publish","format-standard","has-post-thumbnail","hentry","category-general"],"_links":{"self":[{"href":"https:\/\/iafgh.cat\/index.php?rest_route=\/wp\/v2\/posts\/2680","targetHints":{"allow":["GET"]}}],"collection":[{"href":"https:\/\/iafgh.cat\/index.php?rest_route=\/wp\/v2\/posts"}],"about":[{"href":"https:\/\/iafgh.cat\/index.php?rest_route=\/wp\/v2\/types\/post"}],"author":[{"embeddable":true,"href":"https:\/\/iafgh.cat\/index.php?rest_route=\/wp\/v2\/users\/1"}],"replies":[{"embeddable":true,"href":"https:\/\/iafgh.cat\/index.php?rest_route=%2Fwp%2Fv2%2Fcomments&post=2680"}],"version-history":[{"count":4,"href":"https:\/\/iafgh.cat\/index.php?rest_route=\/wp\/v2\/posts\/2680\/revisions"}],"predecessor-version":[{"id":2765,"href":"https:\/\/iafgh.cat\/index.php?rest_route=\/wp\/v2\/posts\/2680\/revisions\/2765"}],"wp:featuredmedia":[{"embeddable":true,"href":"https:\/\/iafgh.cat\/index.php?rest_route=\/wp\/v2\/media\/2684"}],"wp:attachment":[{"href":"https:\/\/iafgh.cat\/index.php?rest_route=%2Fwp%2Fv2%2Fmedia&parent=2680"}],"wp:term":[{"taxonomy":"category","embeddable":true,"href":"https:\/\/iafgh.cat\/index.php?rest_route=%2Fwp%2Fv2%2Fcategories&post=2680"},{"taxonomy":"post_tag","embeddable":true,"href":"https:\/\/iafgh.cat\/index.php?rest_route=%2Fwp%2Fv2%2Ftags&post=2680"}],"curies":[{"name":"wp","href":"https:\/\/api.w.org\/{rel}","templated":true}]}}