{"id":2648,"date":"2025-04-26T11:44:59","date_gmt":"2025-04-26T11:44:59","guid":{"rendered":"https:\/\/iafgh.cat\/?p=2648"},"modified":"2025-04-26T11:52:04","modified_gmt":"2025-04-26T11:52:04","slug":"cristofor-colom-una-identitat-dual-jueu-convers-de-valencia-i-genoves-de-nacio","status":"publish","type":"post","link":"https:\/\/iafgh.cat\/?p=2648","title":{"rendered":"Crist\u00f3for Colom, una identitat dual: jueu convers de Val\u00e8ncia i &#8220;genov\u00e8s de naci\u00f3&#8221;"},"content":{"rendered":"\n<figure class=\"wp-block-embed is-type-video is-provider-youtube wp-block-embed-youtube wp-embed-aspect-16-9 wp-has-aspect-ratio\"><div class=\"wp-block-embed__wrapper\">\n<iframe loading=\"lazy\" title=\"El nou llibre de Francesc Albardaner, CRIST\u00d2FOR COLOM, UNA IDENTITAT DUAL\" width=\"660\" height=\"371\" src=\"https:\/\/www.youtube.com\/embed\/Jz8MVLwyCGU?feature=oembed\" frameborder=\"0\" allow=\"accelerometer; autoplay; clipboard-write; encrypted-media; gyroscope; picture-in-picture; web-share\" referrerpolicy=\"strict-origin-when-cross-origin\" allowfullscreen><\/iframe>\n<\/div><\/figure>\n\n\n\n<p>Nou llibre sobre Crist\u00f2for Colom!<br>Ci\u00e8ncia, hist\u00f2ria i identitat en un sol volum.<\/p>\n\n\n\n<p>El documental \u201cCol\u00f3n ADN, su verdadero origen\u201d (12 d\u2019octubre de 2024) va revolucionar la hist\u00f2ria: l\u2019\u00fanica teoria no descartada per l\u2019an\u00e0lisi gen\u00e8tica fou la de Francesc Albardaner, que defensa que Colom era un jueu convers valenci\u00e0 i \u201cgenov\u00e8s de naci\u00f3\u201d.<\/p>\n\n\n\n<p>Aquest llibre \u00e9s la cr\u00f2nica d\u2019un descobriment silenciat durant anys, una recerca rigorosa que finalment ha rebut el reconeixement internacional. Un viatge entre arxius, ADN i pol\u00edtica que q\u00fcestiona all\u00f2 que cr\u00e8iem saber sobre el descobridor del Nou M\u00f3n.<\/p>\n\n\n\n<p>Hist\u00f2ria, gen\u00e8tica i veritat: t\u2019hi atreveixes?<\/p>\n\n\n\n<p><strong>Fitxa t\u00e8cnica<\/strong><br>T\u00edtol: Crist\u00f2for Colom, una identitat dual: jueu convers de Val\u00e8ncia i \u201cgenov\u00e8s de naci\u00f3\u201d<br>Autor: Francesc Albardaner i Llorens<br>Publica: Instituci\u00f3 Armand de Fluvi\u00e1 de Genealogia i Her\u00e0ldica<br>Any de publicaci\u00f3: 2025<br>Idioma: Catal\u00e0<br>Format: R\u00fastica amb solapes<br>Dimensions: 13,5 x 21,5 cm<br>P\u00e0gines: 204<br>ISBN: 978-84-129842-4-8<br>PVP: 20 eu<\/p>\n\n\n\n<hr class=\"wp-block-separator has-alpha-channel-opacity\"\/>\n\n\n\n<p><strong>Descripci\u00f3 breu<\/strong><br>Aquest llibre \u00e9s el resultat de m\u00e9s de trenta anys de recerca de Francesc Albardaner sobre l\u2019origen de Crist\u00f2for Colom. La seva hip\u00f2tesi \u2014validada com a plausible pel documental de RTVE \u201cCol\u00f3n ADN, su verdadero origen\u201d\u2014 proposa que Colom era un criptojueu valenci\u00e0, fill d\u2019un mestre teixidor genov\u00e8s. Una obra que connecta hist\u00f2ria, gen\u00e8tica i pol\u00edtica, i que replanteja un dels grans enigmes del nostre passat.<\/p>\n\n\n\n<hr class=\"wp-block-separator has-alpha-channel-opacity\"\/>\n\n\n\n<p><strong>Sobre l\u2019autor<\/strong><br>Francesc Albardaner i Llorens (Barcelona, 1949) \u00e9s arquitecte i investigador hist\u00f2ric. Ha estat president del Centre d\u2019Estudis Colombins i col\u00b7labora amb la Instituci\u00f3 Armand de Fluvi\u00e0 de Genealogia i Her\u00e0ldica i la Societat Catalana d\u2019Estudis Hist\u00f2rics. Ha publicat a La Vanguardia, El Temps i ha participat en diversos documentals internacionals sobre Crist\u00f2for Colom.<\/p>\n\n\n\n<hr class=\"wp-block-separator has-alpha-channel-opacity\"\/>\n\n\n\n<p><a href=\"https:\/\/www.zonallibres.cat\/\">https:\/\/www.zonallibres.cat\/<\/a><br><\/p>\n","protected":false},"excerpt":{"rendered":"<p>Nou llibre sobre Crist\u00f2for Colom!Ci\u00e8ncia, hist\u00f2ria i identitat en un sol volum. El documental \u201cCol\u00f3n ADN, su verdadero origen\u201d (12 d\u2019octubre de 2024) va revolucionar la hist\u00f2ria: l\u2019\u00fanica teoria no descartada per l\u2019an\u00e0lisi gen\u00e8tica fou la de Francesc Albardaner, que defensa que Colom era un jueu convers valenci\u00e0 i \u201cgenov\u00e8s de naci\u00f3\u201d. Aquest llibre \u00e9s &#8230;<\/p>\n<p><a href=\"https:\/\/iafgh.cat\/?p=2648\" class=\"more-link\">More <span class=\"meta-nav\">&rarr;<\/span><\/a><\/p>\n","protected":false},"author":1,"featured_media":2651,"comment_status":"closed","ping_status":"closed","sticky":false,"template":"","format":"standard","meta":{"footnotes":""},"categories":[1],"tags":[32],"class_list":["post-2648","post","type-post","status-publish","format-standard","has-post-thumbnail","hentry","category-general","tag-cristoforcolom"],"_links":{"self":[{"href":"https:\/\/iafgh.cat\/index.php?rest_route=\/wp\/v2\/posts\/2648","targetHints":{"allow":["GET"]}}],"collection":[{"href":"https:\/\/iafgh.cat\/index.php?rest_route=\/wp\/v2\/posts"}],"about":[{"href":"https:\/\/iafgh.cat\/index.php?rest_route=\/wp\/v2\/types\/post"}],"author":[{"embeddable":true,"href":"https:\/\/iafgh.cat\/index.php?rest_route=\/wp\/v2\/users\/1"}],"replies":[{"embeddable":true,"href":"https:\/\/iafgh.cat\/index.php?rest_route=%2Fwp%2Fv2%2Fcomments&post=2648"}],"version-history":[{"count":2,"href":"https:\/\/iafgh.cat\/index.php?rest_route=\/wp\/v2\/posts\/2648\/revisions"}],"predecessor-version":[{"id":2652,"href":"https:\/\/iafgh.cat\/index.php?rest_route=\/wp\/v2\/posts\/2648\/revisions\/2652"}],"wp:featuredmedia":[{"embeddable":true,"href":"https:\/\/iafgh.cat\/index.php?rest_route=\/wp\/v2\/media\/2651"}],"wp:attachment":[{"href":"https:\/\/iafgh.cat\/index.php?rest_route=%2Fwp%2Fv2%2Fmedia&parent=2648"}],"wp:term":[{"taxonomy":"category","embeddable":true,"href":"https:\/\/iafgh.cat\/index.php?rest_route=%2Fwp%2Fv2%2Fcategories&post=2648"},{"taxonomy":"post_tag","embeddable":true,"href":"https:\/\/iafgh.cat\/index.php?rest_route=%2Fwp%2Fv2%2Ftags&post=2648"}],"curies":[{"name":"wp","href":"https:\/\/api.w.org\/{rel}","templated":true}]}}