{"id":2617,"date":"2025-04-04T08:38:46","date_gmt":"2025-04-04T08:38:46","guid":{"rendered":"https:\/\/iafgh.cat\/?p=2617"},"modified":"2026-01-29T16:16:23","modified_gmt":"2026-01-29T16:16:23","slug":"cicle-de-conferencies-iafgh-unam-2","status":"publish","type":"post","link":"https:\/\/iafgh.cat\/?p=2617","title":{"rendered":"Cicle de confer\u00e8ncies IAFGH-UNAM &#8211; 2025"},"content":{"rendered":"\n<p><\/p>\n\n\n\n<p>El <strong>25 d\u2019abril de 2025, a les 18.00 h<\/strong>, va tenir lloc la confer\u00e8ncia a c\u00e0rrec de <strong>Francesc Albardaner i Llorens<\/strong>, titulada:<\/p>\n\n\n\n<p><strong>\u201cCrist\u00f2fol Colom era un jueu sefardita: conclusions despr\u00e9s dels resultats de les an\u00e0lisis del seu ADN\u201d.<\/strong><\/p>\n\n\n\n<p>En aquesta intervenci\u00f3, es van presentar els resultats de les investigacions sobre l\u2019ADN de Crist\u00f2fol Colom, aix\u00ed com les conclusions que apuntaven cap al seu possible origen sefardita. La xerrada es va dur a terme en <strong>llengua castellana<\/strong>.<\/p>\n\n\n\n<p>Aquesta confer\u00e8ncia va esdevenir, malauradament, <strong>una de les darreres intervencions p\u00fabliques de Francesc Albardaner<\/strong>, arran del seu posterior dec\u00e9s, i resta com un valu\u00f3s llegat del seu rigor intel\u00b7lectual i del seu comprom\u00eds amb la recerca hist\u00f2rica.<\/p>\n\n\n\n<figure class=\"wp-block-embed is-type-video is-provider-youtube wp-block-embed-youtube wp-embed-aspect-16-9 wp-has-aspect-ratio\"><div class=\"wp-block-embed__wrapper\">\n<iframe loading=\"lazy\" title=\"Crist\u00f2for Colom, un jud\u00edo sefard\u00ed: los resultados de los an\u00e1lisis de su ADN\" width=\"660\" height=\"371\" src=\"https:\/\/www.youtube.com\/embed\/1JcRWjjy4Rw?feature=oembed\" frameborder=\"0\" allow=\"accelerometer; autoplay; clipboard-write; encrypted-media; gyroscope; picture-in-picture; web-share\" referrerpolicy=\"strict-origin-when-cross-origin\" allowfullscreen><\/iframe>\n<\/div><\/figure>\n\n\n\n<p><\/p>\n\n\n\n<p><\/p>\n","protected":false},"excerpt":{"rendered":"<p>El 25 d\u2019abril de 2025, a les 18.00 h, va tenir lloc la confer\u00e8ncia a c\u00e0rrec de Francesc Albardaner i Llorens, titulada: \u201cCrist\u00f2fol Colom era un jueu sefardita: conclusions despr\u00e9s dels resultats de les an\u00e0lisis del seu ADN\u201d. En aquesta intervenci\u00f3, es van presentar els resultats de les investigacions sobre l\u2019ADN de Crist\u00f2fol Colom, aix\u00ed &#8230;<\/p>\n<p><a href=\"https:\/\/iafgh.cat\/?p=2617\" class=\"more-link\">More <span class=\"meta-nav\">&rarr;<\/span><\/a><\/p>\n","protected":false},"author":1,"featured_media":2618,"comment_status":"closed","ping_status":"closed","sticky":false,"template":"","format":"standard","meta":{"footnotes":""},"categories":[1],"tags":[],"class_list":["post-2617","post","type-post","status-publish","format-standard","has-post-thumbnail","hentry","category-general"],"_links":{"self":[{"href":"https:\/\/iafgh.cat\/index.php?rest_route=\/wp\/v2\/posts\/2617","targetHints":{"allow":["GET"]}}],"collection":[{"href":"https:\/\/iafgh.cat\/index.php?rest_route=\/wp\/v2\/posts"}],"about":[{"href":"https:\/\/iafgh.cat\/index.php?rest_route=\/wp\/v2\/types\/post"}],"author":[{"embeddable":true,"href":"https:\/\/iafgh.cat\/index.php?rest_route=\/wp\/v2\/users\/1"}],"replies":[{"embeddable":true,"href":"https:\/\/iafgh.cat\/index.php?rest_route=%2Fwp%2Fv2%2Fcomments&post=2617"}],"version-history":[{"count":5,"href":"https:\/\/iafgh.cat\/index.php?rest_route=\/wp\/v2\/posts\/2617\/revisions"}],"predecessor-version":[{"id":2920,"href":"https:\/\/iafgh.cat\/index.php?rest_route=\/wp\/v2\/posts\/2617\/revisions\/2920"}],"wp:featuredmedia":[{"embeddable":true,"href":"https:\/\/iafgh.cat\/index.php?rest_route=\/wp\/v2\/media\/2618"}],"wp:attachment":[{"href":"https:\/\/iafgh.cat\/index.php?rest_route=%2Fwp%2Fv2%2Fmedia&parent=2617"}],"wp:term":[{"taxonomy":"category","embeddable":true,"href":"https:\/\/iafgh.cat\/index.php?rest_route=%2Fwp%2Fv2%2Fcategories&post=2617"},{"taxonomy":"post_tag","embeddable":true,"href":"https:\/\/iafgh.cat\/index.php?rest_route=%2Fwp%2Fv2%2Ftags&post=2617"}],"curies":[{"name":"wp","href":"https:\/\/api.w.org\/{rel}","templated":true}]}}