{"id":2544,"date":"2024-11-26T22:25:27","date_gmt":"2024-11-26T22:25:27","guid":{"rendered":"https:\/\/iafgh.cat\/?p=2544"},"modified":"2024-11-26T22:59:38","modified_gmt":"2024-11-26T22:59:38","slug":"cicle-de-conferencies-icgenher-4","status":"publish","type":"post","link":"https:\/\/iafgh.cat\/?p=2544","title":{"rendered":"Cicle de confer\u00e8ncies ICGenHer"},"content":{"rendered":"\n<p>Divendres 6 de desembre del 2024, a les 17 h.<\/p>\n\n\n\n<h2 class=\"wp-block-heading\">\u201cDel Condado de Barcelona al Principado de Catalu\u00f1a\u201d<\/h2>\n\n\n\n<h2 class=\"wp-block-heading\">Dr. Josep Serrano i Daura<\/h2>\n\n\n\n<h2 class=\"wp-block-heading\"><em>Dr. en Dret<\/em>,\u00a0<em>soci de la IAFGH<\/em><\/h2>\n\n\n\n<p>Aquesta intervenci\u00f3 presenta el proc\u00e9s de formaci\u00f3 dels comtats catalans arran de la conquesta carol\u00edngia contra els sarra\u00efns iniciada el s. VIII, fins a la conformaci\u00f3 del qual, a la fi del s. XII, es coneix com a Catalunya. Se seguir\u00e0 en tot cas, el proc\u00e9s de separaci\u00f3 d\u2019aquells territoris respecte de la Monarquia franca a la fi del s. X, i la delimitaci\u00f3 territorial del nou Principat catal\u00e0 per Ramon Berenguer IV de Barcelona.<\/p>\n\n\n\n<figure class=\"wp-block-image\"><a href=\"https:\/\/iafgh.cat\/wp-content\/uploads\/2024\/05\/Ramon-Berenguer.jpg\"><img loading=\"lazy\" decoding=\"async\" width=\"324\" height=\"596\" src=\"https:\/\/iafgh.cat\/wp-content\/uploads\/2024\/05\/Ramon-Berenguer.jpg\" alt=\"\" class=\"wp-image-2420\" srcset=\"https:\/\/iafgh.cat\/wp-content\/uploads\/2024\/05\/Ramon-Berenguer.jpg 324w, https:\/\/iafgh.cat\/wp-content\/uploads\/2024\/05\/Ramon-Berenguer-163x300.jpg 163w\" sizes=\"auto, (max-width: 324px) 100vw, 324px\" \/><\/a><\/figure>\n\n\n\n<p>Ramon Berenguer IV de Barcelona<\/p>\n\n\n\n<p>Confer\u00e8ncies transmeses per internet, Facebook Live:&nbsp;<a href=\"https:\/\/www.facebook.com\/sepepadi\/\">https:\/\/www.facebook.com\/sepepadi\/<\/a><\/p>\n","protected":false},"excerpt":{"rendered":"<p>Divendres 6 de desembre del 2024, a les 17 h. \u201cDel Condado de Barcelona al Principado de Catalu\u00f1a\u201d Dr. Josep Serrano i Daura Dr. en Dret,\u00a0soci de la IAFGH Aquesta intervenci\u00f3 presenta el proc\u00e9s de formaci\u00f3 dels comtats catalans arran de la conquesta carol\u00edngia contra els sarra\u00efns iniciada el s. VIII, fins a la conformaci\u00f3 &#8230;<\/p>\n<p><a href=\"https:\/\/iafgh.cat\/?p=2544\" class=\"more-link\">More <span class=\"meta-nav\">&rarr;<\/span><\/a><\/p>\n","protected":false},"author":1,"featured_media":2545,"comment_status":"closed","ping_status":"closed","sticky":false,"template":"","format":"standard","meta":{"footnotes":""},"categories":[1],"tags":[],"class_list":["post-2544","post","type-post","status-publish","format-standard","has-post-thumbnail","hentry","category-general"],"_links":{"self":[{"href":"https:\/\/iafgh.cat\/index.php?rest_route=\/wp\/v2\/posts\/2544","targetHints":{"allow":["GET"]}}],"collection":[{"href":"https:\/\/iafgh.cat\/index.php?rest_route=\/wp\/v2\/posts"}],"about":[{"href":"https:\/\/iafgh.cat\/index.php?rest_route=\/wp\/v2\/types\/post"}],"author":[{"embeddable":true,"href":"https:\/\/iafgh.cat\/index.php?rest_route=\/wp\/v2\/users\/1"}],"replies":[{"embeddable":true,"href":"https:\/\/iafgh.cat\/index.php?rest_route=%2Fwp%2Fv2%2Fcomments&post=2544"}],"version-history":[{"count":2,"href":"https:\/\/iafgh.cat\/index.php?rest_route=\/wp\/v2\/posts\/2544\/revisions"}],"predecessor-version":[{"id":2547,"href":"https:\/\/iafgh.cat\/index.php?rest_route=\/wp\/v2\/posts\/2544\/revisions\/2547"}],"wp:featuredmedia":[{"embeddable":true,"href":"https:\/\/iafgh.cat\/index.php?rest_route=\/wp\/v2\/media\/2545"}],"wp:attachment":[{"href":"https:\/\/iafgh.cat\/index.php?rest_route=%2Fwp%2Fv2%2Fmedia&parent=2544"}],"wp:term":[{"taxonomy":"category","embeddable":true,"href":"https:\/\/iafgh.cat\/index.php?rest_route=%2Fwp%2Fv2%2Fcategories&post=2544"},{"taxonomy":"post_tag","embeddable":true,"href":"https:\/\/iafgh.cat\/index.php?rest_route=%2Fwp%2Fv2%2Ftags&post=2544"}],"curies":[{"name":"wp","href":"https:\/\/api.w.org\/{rel}","templated":true}]}}