{"id":2531,"date":"2024-11-16T12:41:06","date_gmt":"2024-11-16T12:41:06","guid":{"rendered":"https:\/\/iafgh.cat\/?p=2531"},"modified":"2024-11-16T12:55:11","modified_gmt":"2024-11-16T12:55:11","slug":"visita-a-larxiu-de-la-corona-darago","status":"publish","type":"post","link":"https:\/\/iafgh.cat\/?p=2531","title":{"rendered":"Visita a l&#8217;Arxiu de la Corona d&#8217;Arag\u00f3"},"content":{"rendered":"\n<p>El dia 14 de setembre hem visitat l\u2019Arxiu de la Corona d\u2019Arag\u00f3, que en els seus inicis, al segle XIV, es deia Arxiu Reial de Barcelona.<\/p>\n\n\n\n<p>Totes les vicissituds i hist\u00f2ria de les diferents ubicacions &nbsp;que ha tingut es poden trobar a la xarxa, aix\u00ed com el canvi de nom, motiu pel qual no en farem refer\u00e8ncia i, a m\u00e9s, la majoria de tots els nostres associats i associades, poc o molt, saben la import\u00e0ncia dels seus fons documentals, perqu\u00e8 m\u00e9s d\u2019una vegada hi hauran &nbsp;fet recerca.<\/p>\n\n\n\n<p>La persona encarregada de fer-nos la visita va ser el Sr. Guillermo Tom\u00e0s, especialitzat en arxiv\u00edstica i paleografia. El fet que nosaltres, a priori, ja tenim un coneixement essencial de la hist\u00f2ria de l\u2019Arxiu, es va estalviar de fer la introducci\u00f3 i va anar directament a explicar-nos altres aspectes. De primer, el fet que l\u2019Arxiu estigu\u00e9s ubicat davant d\u2019una benzinera, amb el perill que significa, sobretot per a la poblaci\u00f3 en general i per a un edifici on hi emmagatzemava una documentaci\u00f3 \u00fanica i material inflamable. Tamb\u00e9 ens explic\u00e0 algunes anomalies arquitect\u00f2niques inexplicables que, en per\u00edode estival provoquen escalfor en algunes parts de l\u2019edifici, el qual va ser dissenyat per l\u2019arquitecta Roser Amad\u00f3 i Cerc\u00f3s i l\u2019arquitecte Llu\u00eds Dom\u00e8nech Girbau.<\/p>\n\n\n\n<figure class=\"wp-block-image size-full\"><a href=\"https:\/\/iafgh.cat\/wp-content\/uploads\/2024\/11\/corona2.jpg\"><img loading=\"lazy\" decoding=\"async\" width=\"660\" height=\"365\" src=\"https:\/\/iafgh.cat\/wp-content\/uploads\/2024\/11\/corona2.jpg\" alt=\"\" class=\"wp-image-2534\" srcset=\"https:\/\/iafgh.cat\/wp-content\/uploads\/2024\/11\/corona2.jpg 660w, https:\/\/iafgh.cat\/wp-content\/uploads\/2024\/11\/corona2-300x166.jpg 300w, https:\/\/iafgh.cat\/wp-content\/uploads\/2024\/11\/corona2-280x155.jpg 280w\" sizes=\"auto, (max-width: 660px) 100vw, 660px\" \/><\/a><\/figure>\n\n\n\n<p>Ens mostr\u00e0 c\u00f2pies de documents que hi ha a les vitrines del vest\u00edbul, com les Capitulacions de Santa Fe, o el redactat final del Comprom\u00eds de Casp, on hi ha paraules ratllades i reescrites al marge. Ferran I, el d\u2019Antequera estava preparat a la frontera amb un ex\u00e8rcit per si l\u2019elecci\u00f3 no li era favorable.<\/p>\n\n\n\n<p>Despr\u00e9s ens port\u00e0 a la sala de consulta, on gr\u00e0cies a l\u2019espai no \u00e9s necessari fer cita pr\u00e8via. Una sala molt di\u00e0fana, amb taules grans i espaiades on poder fer consultes amb molta comoditat. Tamb\u00e9 ens orient\u00e0 per tal de fer una consulta, la qual requereix anar als cat\u00e0legs generals, on trobarem el llitat de documents, com tamb\u00e9 l\u2019arxiu de fitxes en paper on saber la informaci\u00f3 b\u00e0sica de molts dels documents- vegeu una de les fotografies que adjuntem. Encara queda molta documentaci\u00f3 que no ha pogut ser indexada. La causa principal \u00e9s la manca de personal especialitzat que pugui portar a terme aquesta tasca. Es convoquen oposicions per a ocupar, per\u00f2 no s\u2019hi presenta ning\u00fa. De fet, ens coment\u00e0 que, actualment, la majoria del personal que hi ha aqu\u00ed \u00e9s de Val\u00e8ncia, com ell, i d\u2019Arag\u00f3. Ens va recomanar el web del Portal de Archivos Espa\u00f1oles \u2013que de segur tots i totes coneixeu-&nbsp; on poder accedir a molta documentaci\u00f3 i no haver de despla\u00e7ar-se expressament. I dintre d\u2019aquest cercador, el que s\u2019anomena HTR.<\/p>\n\n\n\n<p>Finalment, vam passar a una sala, on ens havia preparat algun document fet amb pergam\u00ed; un altre amb registres de cartes que s\u2019adre\u00e7aven al rei; un del Mestre de raci\u00f3 Berenguer de Magarola, 1376, encarregat de certificar les despeses de la corona, i un cat\u00e0leg que va fer l\u2019arxiver Xavier de Garma i Duran, on hi ha reproduccions de diferents segells dels comtes-reis, gravats extraordinaris d\u2019alguns segells de la col\u00b7lecci\u00f3 Ferran de Sagarra.<\/p>\n\n\n\n<p>Acabem tot suggerint i esperonant a qui no hi hagi estat mai, a fer una visita i fer-se el carnet d\u2019investigador.<\/p>\n\n\n\n<p>Pere F. Puigderrajols<\/p>\n","protected":false},"excerpt":{"rendered":"<p>El dia 14 de setembre hem visitat l\u2019Arxiu de la Corona d\u2019Arag\u00f3, que en els seus inicis, al segle XIV, es deia Arxiu Reial de Barcelona. Totes les vicissituds i hist\u00f2ria de les diferents ubicacions &nbsp;que ha tingut es poden trobar a la xarxa, aix\u00ed com el canvi de nom, motiu pel qual no en &#8230;<\/p>\n<p><a href=\"https:\/\/iafgh.cat\/?p=2531\" class=\"more-link\">More <span class=\"meta-nav\">&rarr;<\/span><\/a><\/p>\n","protected":false},"author":1,"featured_media":2532,"comment_status":"closed","ping_status":"closed","sticky":false,"template":"","format":"standard","meta":{"footnotes":""},"categories":[1],"tags":[],"class_list":["post-2531","post","type-post","status-publish","format-standard","has-post-thumbnail","hentry","category-general"],"_links":{"self":[{"href":"https:\/\/iafgh.cat\/index.php?rest_route=\/wp\/v2\/posts\/2531","targetHints":{"allow":["GET"]}}],"collection":[{"href":"https:\/\/iafgh.cat\/index.php?rest_route=\/wp\/v2\/posts"}],"about":[{"href":"https:\/\/iafgh.cat\/index.php?rest_route=\/wp\/v2\/types\/post"}],"author":[{"embeddable":true,"href":"https:\/\/iafgh.cat\/index.php?rest_route=\/wp\/v2\/users\/1"}],"replies":[{"embeddable":true,"href":"https:\/\/iafgh.cat\/index.php?rest_route=%2Fwp%2Fv2%2Fcomments&post=2531"}],"version-history":[{"count":2,"href":"https:\/\/iafgh.cat\/index.php?rest_route=\/wp\/v2\/posts\/2531\/revisions"}],"predecessor-version":[{"id":2536,"href":"https:\/\/iafgh.cat\/index.php?rest_route=\/wp\/v2\/posts\/2531\/revisions\/2536"}],"wp:featuredmedia":[{"embeddable":true,"href":"https:\/\/iafgh.cat\/index.php?rest_route=\/wp\/v2\/media\/2532"}],"wp:attachment":[{"href":"https:\/\/iafgh.cat\/index.php?rest_route=%2Fwp%2Fv2%2Fmedia&parent=2531"}],"wp:term":[{"taxonomy":"category","embeddable":true,"href":"https:\/\/iafgh.cat\/index.php?rest_route=%2Fwp%2Fv2%2Fcategories&post=2531"},{"taxonomy":"post_tag","embeddable":true,"href":"https:\/\/iafgh.cat\/index.php?rest_route=%2Fwp%2Fv2%2Ftags&post=2531"}],"curies":[{"name":"wp","href":"https:\/\/api.w.org\/{rel}","templated":true}]}}