{"id":2506,"date":"2024-10-23T14:43:20","date_gmt":"2024-10-23T14:43:20","guid":{"rendered":"https:\/\/iafgh.cat\/?p=2506"},"modified":"2024-10-23T14:51:46","modified_gmt":"2024-10-23T14:51:46","slug":"divendres-11-doctubre-de-2024-a-les-17-h","status":"publish","type":"post","link":"https:\/\/iafgh.cat\/?p=2506","title":{"rendered":"Divendres 8 de novembre de 2024, a les 17 h."},"content":{"rendered":"\n<h2 class=\"wp-block-heading\">\u201cDel Portolano catal\u00e1n al mapamundi de Da Vinci\u201d<\/h2>\n\n\n\n<h2 class=\"wp-block-heading\">Manel Capdevila i Maresma<\/h2>\n\n\n\n<h2 class=\"wp-block-heading\"><em>Enginyer de sistemes, consultor i expert en hist\u00f2ria<\/em><\/h2>\n\n\n\n<p>Nascut a Arenys de Mar en 1945, \u00e9s un enginyer de sistemes, consultor i expert en hist\u00f2ria. La seva especialitzaci\u00f3 es troba en la ci\u00e8ncia medieval relacionada amb l\u2019astronomia, l\u2019alqu\u00edmia catalana i la ci\u00e8ncia n\u00e0utica. Aquestes \u00e0rees inclouen instruments n\u00e0utics, taules de navegaci\u00f3, cartografia catalana i portolans, p\u00f3lvora catalana i l\u2019ampolleta catalana.<\/p>\n\n\n\n<p>La confer\u00e8ncia comen\u00e7a amb els cart\u00f2grafs catalans medievals, entre altres, Jafuda Cresques, fill d\u2019Abraham Cresques, que segons Fangs i el Marqu\u00e8s de&nbsp;Santarem&nbsp;va ser qui va ensenyar als cart\u00f2grafs portuguesos a fer mapes, passant pel mapamundi de Leonardo de 1503 (amb projecci\u00f3 OCTANT) que \u00e9s el primer mapa amb el nom d\u2019Am\u00e8rica, i acaba amb el primer mapa d\u2019Austr\u00e0lia, fet en llengua catalana en Dieppe en 1547, i conservat en la&nbsp;Huntigton&nbsp;Library&nbsp;de la Berkeley University.<\/p>\n\n\n\n<p><\/p>\n\n\n\n<p>Podeu seguir i veure la confer\u00e8ncia a:<\/p>\n\n\n\n<p><a href=\"https:\/\/www.facebook.com\/sepapedi\/\">https:\/\/www.facebook.com\/sepapedi\/<\/a><\/p>\n\n\n\n<p>Organitzades per l\u2019UNAM\u00a0de M\u00e8xic. \u201c<em>Seminario\u00a0Permanente\u00a0de Paleografia\u00a0y\u00a0Dipolom\u00e1tica<\/em>\u201d dirigida pel Dr.\u00a0Miguel\u00a0\u00c1ngel\u00a0Cer\u00f3n i coordinades a Barcelona per la ICGenHer, Ignasi Ametlla.\u00a0<\/p>\n\n\n\n<p>V\u00eddeo&nbsp;confer\u00e8ncies: aquestes&nbsp;confer\u00e8ncies&nbsp;les podreu seguir per Facebook (https;\/\/www.facebook.com\/sepepadi\/) i les penjarem a la p\u00e0gina web de la ICGenHer.<\/p>\n\n\n\n<figure class=\"wp-block-image\"><a href=\"https:\/\/iafgh.cat\/wp-content\/uploads\/2024\/04\/mapa.jpg\"><img loading=\"lazy\" decoding=\"async\" width=\"440\" height=\"224\" src=\"https:\/\/iafgh.cat\/wp-content\/uploads\/2024\/04\/mapa.jpg\" alt=\"\" class=\"wp-image-2409\" srcset=\"https:\/\/iafgh.cat\/wp-content\/uploads\/2024\/04\/mapa.jpg 440w, https:\/\/iafgh.cat\/wp-content\/uploads\/2024\/04\/mapa-300x153.jpg 300w\" sizes=\"auto, (max-width: 440px) 100vw, 440px\" \/><\/a><\/figure>\n","protected":false},"excerpt":{"rendered":"<p>\u201cDel Portolano catal\u00e1n al mapamundi de Da Vinci\u201d Manel Capdevila i Maresma Enginyer de sistemes, consultor i expert en hist\u00f2ria Nascut a Arenys de Mar en 1945, \u00e9s un enginyer de sistemes, consultor i expert en hist\u00f2ria. La seva especialitzaci\u00f3 es troba en la ci\u00e8ncia medieval relacionada amb l\u2019astronomia, l\u2019alqu\u00edmia catalana i la ci\u00e8ncia n\u00e0utica. &#8230;<\/p>\n<p><a href=\"https:\/\/iafgh.cat\/?p=2506\" class=\"more-link\">More <span class=\"meta-nav\">&rarr;<\/span><\/a><\/p>\n","protected":false},"author":1,"featured_media":2508,"comment_status":"closed","ping_status":"closed","sticky":false,"template":"","format":"standard","meta":{"footnotes":""},"categories":[1],"tags":[],"class_list":["post-2506","post","type-post","status-publish","format-standard","has-post-thumbnail","hentry","category-general"],"_links":{"self":[{"href":"https:\/\/iafgh.cat\/index.php?rest_route=\/wp\/v2\/posts\/2506","targetHints":{"allow":["GET"]}}],"collection":[{"href":"https:\/\/iafgh.cat\/index.php?rest_route=\/wp\/v2\/posts"}],"about":[{"href":"https:\/\/iafgh.cat\/index.php?rest_route=\/wp\/v2\/types\/post"}],"author":[{"embeddable":true,"href":"https:\/\/iafgh.cat\/index.php?rest_route=\/wp\/v2\/users\/1"}],"replies":[{"embeddable":true,"href":"https:\/\/iafgh.cat\/index.php?rest_route=%2Fwp%2Fv2%2Fcomments&post=2506"}],"version-history":[{"count":3,"href":"https:\/\/iafgh.cat\/index.php?rest_route=\/wp\/v2\/posts\/2506\/revisions"}],"predecessor-version":[{"id":2513,"href":"https:\/\/iafgh.cat\/index.php?rest_route=\/wp\/v2\/posts\/2506\/revisions\/2513"}],"wp:featuredmedia":[{"embeddable":true,"href":"https:\/\/iafgh.cat\/index.php?rest_route=\/wp\/v2\/media\/2508"}],"wp:attachment":[{"href":"https:\/\/iafgh.cat\/index.php?rest_route=%2Fwp%2Fv2%2Fmedia&parent=2506"}],"wp:term":[{"taxonomy":"category","embeddable":true,"href":"https:\/\/iafgh.cat\/index.php?rest_route=%2Fwp%2Fv2%2Fcategories&post=2506"},{"taxonomy":"post_tag","embeddable":true,"href":"https:\/\/iafgh.cat\/index.php?rest_route=%2Fwp%2Fv2%2Ftags&post=2506"}],"curies":[{"name":"wp","href":"https:\/\/api.w.org\/{rel}","templated":true}]}}