{"id":2501,"date":"2024-10-23T14:33:28","date_gmt":"2024-10-23T14:33:28","guid":{"rendered":"https:\/\/iafgh.cat\/?p=2501"},"modified":"2024-10-23T14:37:25","modified_gmt":"2024-10-23T14:37:25","slug":"revista-armoria-13","status":"publish","type":"post","link":"https:\/\/iafgh.cat\/?p=2501","title":{"rendered":"Revista Armoria 13"},"content":{"rendered":"\n<p>Revista Armoria. Revista d\u2019informaci\u00f3, an\u00e0lisis i recerca de la genealogia i l\u2019her\u00e0ldica, aix\u00ed com tamb\u00e9 de la vexil\u00b7lologia, la sigil\u00b7lografia, la insigni\u00e0ria, la nobili\u00e0ria i l\u2019emblem\u00e0tica general, preferentment en l\u2019\u00e0mbit geogr\u00e0fic i cultural catal\u00e0.<\/p>\n\n\n\n<h2 class=\"wp-block-heading\"><small>Articles<\/small><\/h2>\n\n\n\n<h3 class=\"wp-block-heading\"><a href=\"https:\/\/raco.cat\/index.php\/Armoria\/article\/view\/431785\">Amic i membre de la ICGenHer<\/a><\/h3>\n\n\n\n<p>Armand de Fluvi\u00e0 i Escorsa<\/p>\n\n\n\n<p>9-11<\/p>\n\n\n\n<p><a href=\"https:\/\/raco.cat\/index.php\/Armoria\/article\/view\/431785\/526195\">PDF<\/a><\/p>\n\n\n\n<h3 class=\"wp-block-heading\"><a href=\"https:\/\/raco.cat\/index.php\/Armoria\/article\/view\/431786\">Els. or\u00edgens de la fam\u00edlia Montcada<\/a><\/h3>\n\n\n\n<p>Antoni Pladevall i Font<\/p>\n\n\n\n<p>14-27<\/p>\n\n\n\n<p><a href=\"https:\/\/raco.cat\/index.php\/Armoria\/article\/view\/431786\/526196\">PDF<\/a><\/p>\n\n\n\n<h3 class=\"wp-block-heading\"><a href=\"https:\/\/raco.cat\/index.php\/Armoria\/article\/view\/431787\">Antoni Pladevall. Clergue, savi i home de poble.<\/a><\/h3>\n\n\n\n<p>Albert Manent<\/p>\n\n\n\n<p>28-35<\/p>\n\n\n\n<p><a href=\"https:\/\/raco.cat\/index.php\/Armoria\/article\/view\/431787\/526197\">PDF<\/a><\/p>\n\n\n\n<h3 class=\"wp-block-heading\"><a href=\"https:\/\/raco.cat\/index.php\/Armoria\/article\/view\/431788\">L\u2019est\u00edmul constant.<\/a><\/h3>\n\n\n\n<p>Antoni Pladevall i Arum\u00ed<\/p>\n\n\n\n<p>36-40<\/p>\n\n\n\n<p><a href=\"https:\/\/raco.cat\/index.php\/Armoria\/article\/view\/431788\/526198\">PDF<\/a><\/p>\n\n\n\n<h3 class=\"wp-block-heading\"><a href=\"https:\/\/raco.cat\/index.php\/Armoria\/article\/view\/431789\">Hist\u00f2ria i Identitat.<\/a><\/h3>\n\n\n\n<p>Jordi Pujol i Soley<\/p>\n\n\n\n<p>41<\/p>\n\n\n\n<p><a href=\"https:\/\/raco.cat\/index.php\/Armoria\/article\/view\/431789\/526199\">PDF<\/a><\/p>\n\n\n\n<h3 class=\"wp-block-heading\"><a href=\"https:\/\/raco.cat\/index.php\/Armoria\/article\/view\/431790\">Escrit per la commemoraci\u00f3 del 90\u00e8 aniversari d\u2019Antoni Pladevall.<\/a><\/h3>\n\n\n\n<p>Artur Mas i Gavarr\u00f3<\/p>\n\n\n\n<p>42-43<\/p>\n\n\n\n<p><a href=\"https:\/\/raco.cat\/index.php\/Armoria\/article\/view\/431790\/526200\">PDF<\/a><\/p>\n\n\n\n<h3 class=\"wp-block-heading\"><a href=\"https:\/\/raco.cat\/index.php\/Armoria\/article\/view\/431791\">Els Montcada i Mn. Pladevall<\/a><\/h3>\n\n\n\n<p>Jaume Sobrequ\u00e9s i Callic\u00f3<\/p>\n\n\n\n<p>44-45<\/p>\n\n\n\n<p><a href=\"https:\/\/raco.cat\/index.php\/Armoria\/article\/view\/431791\/526201\">PDF<\/a><\/p>\n\n\n\n<h3 class=\"wp-block-heading\"><a href=\"https:\/\/raco.cat\/index.php\/Armoria\/article\/view\/431792\">Records amb motiu dels noranta anys de moss\u00e8n Antoni Pladevall.<\/a><\/h3>\n\n\n\n<p>Josep Llu\u00eds Vives i Conde<\/p>\n\n\n\n<p>46-49<\/p>\n\n\n\n<p><a href=\"https:\/\/raco.cat\/index.php\/Armoria\/article\/view\/431792\/526202\">PDF<\/a><\/p>\n\n\n\n<h3 class=\"wp-block-heading\"><a href=\"https:\/\/raco.cat\/index.php\/Armoria\/article\/view\/431793\">Mn. Antoni Pladevall i Font, un far en la genealogia i her\u00e0ldica catalana.<\/a><\/h3>\n\n\n\n<p>Joaquim de la Calzada i Fern\u00e1ndez<\/p>\n\n\n\n<p>50-51<\/p>\n\n\n\n<p><a href=\"https:\/\/raco.cat\/index.php\/Armoria\/article\/view\/431793\/526203\">PDF<\/a><\/p>\n\n\n\n<h2 class=\"wp-block-heading\"><small>Genealogia<\/small><\/h2>\n\n\n\n<h3 class=\"wp-block-heading\"><a href=\"https:\/\/raco.cat\/index.php\/Armoria\/article\/view\/431794\">Bels Mercader, Una fam\u00edlia de pagesos benestants de Creixell (segles XVI-XIX),<\/a><\/h3>\n\n\n\n<p>Bernat Mercader i Prats<\/p>\n\n\n\n<p>55-92<\/p>\n\n\n\n<p><a href=\"https:\/\/raco.cat\/index.php\/Armoria\/article\/view\/431794\/526204\">PDF<\/a><\/p>\n\n\n\n<h2 class=\"wp-block-heading\"><small>Her\u00e0ldica<\/small><\/h2>\n\n\n\n<h3 class=\"wp-block-heading\"><a href=\"https:\/\/raco.cat\/index.php\/Armoria\/article\/view\/431795\">L\u2019escut del bisbe de Barcelona Jaume Catal\u00e0 i Albosa.<\/a><\/h3>\n\n\n\n<p>Pere F. Puigderrajols i Jarque<\/p>\n\n\n\n<p>94-98<\/p>\n\n\n\n<p><a href=\"https:\/\/raco.cat\/index.php\/Armoria\/article\/view\/431795\/526205\">PDF<\/a><\/p>\n\n\n\n<h3 class=\"wp-block-heading\"><a href=\"https:\/\/raco.cat\/index.php\/Armoria\/article\/view\/431798\">La her\u00e1ldica en los retablos, signo de identificaci\u00f3n y mecenazgo.<\/a><\/h3>\n\n\n\n<p>Leticia Darna i Galobart<\/p>\n\n\n\n<p>99-113<\/p>\n\n\n\n<p><a href=\"https:\/\/raco.cat\/index.php\/Armoria\/article\/view\/431798\/526206\">PDF<\/a><\/p>\n\n\n\n<h3 class=\"wp-block-heading\"><a href=\"https:\/\/raco.cat\/index.php\/Armoria\/article\/view\/431799\">Cr\u00f2nica del IV Simposi de l\u2019Arxiu dels Marquesos de Santa Maria de Barber\u00e0 &#8211; Semi\u00f2tica a l\u2019arxiu: tradici\u00f3 vs. modernitat<\/a><\/h3>\n\n\n\n<p>Aniol Maria i Vall\u00e8s<\/p>\n\n\n\n<p>115-122<\/p>\n\n\n\n<p><a href=\"https:\/\/raco.cat\/index.php\/Armoria\/article\/view\/431799\/526207\">PDF<\/a><\/p>\n\n\n\n<h2 class=\"wp-block-heading\"><small>Diplom\u00e0tica<\/small><\/h2>\n\n\n\n<h3 class=\"wp-block-heading\"><a href=\"https:\/\/raco.cat\/index.php\/Armoria\/article\/view\/431806\">Sobre el possible origen valenci\u00e0 de Crist\u00f2for Colom: arxius i biblioteques que custodien els documents m\u00e9s decisius relatius a aquesta teoria<\/a><\/h3>\n\n\n\n<p>Francesc Albardaner i Llorens<\/p>\n\n\n\n<p>125-154<\/p>\n\n\n\n<p><a href=\"https:\/\/raco.cat\/index.php\/Armoria\/article\/view\/431806\/526208\">PDF<\/a><\/p>\n\n\n\n<h3 class=\"wp-block-heading\"><a href=\"https:\/\/raco.cat\/index.php\/Armoria\/article\/view\/431807\">Comentaris a l\u2019article \u201cParticipaci\u00f3n de jud\u00edos y conversos en la empresa de Crist\u00f3bal Col\u00f3n\u201d, de Miguel A. Ladero Quesada<\/a><\/h3>\n\n\n\n<p>Francesc Albardaner i Llorens<\/p>\n\n\n\n<p>155-163<\/p>\n\n\n\n<p><a href=\"https:\/\/raco.cat\/index.php\/Armoria\/article\/view\/431807\/526209\">PDF<\/a><\/p>\n\n\n\n<h2 class=\"wp-block-heading\"><small>Nobili\u00e0ria<\/small><\/h2>\n\n\n\n<h3 class=\"wp-block-heading\"><a href=\"https:\/\/raco.cat\/index.php\/Armoria\/article\/view\/431808\">Els Sacirera, senyors de Mascalb\u00f3 (1574-1614).<\/a><\/h3>\n\n\n\n<p>Salvdor-J Rovira i G\u00f3mez<\/p>\n\n\n\n<p>167-170<\/p>\n\n\n\n<p><a href=\"https:\/\/raco.cat\/index.php\/Armoria\/article\/view\/431808\/526210\">PDF<\/a><\/p>\n\n\n\n<h3 class=\"wp-block-heading\"><a href=\"https:\/\/raco.cat\/index.php\/Armoria\/article\/view\/431809\">El comte Sunifred II d\u2019Urgell i la seva fam\u00edlia<\/a><\/h3>\n\n\n\n<p>Gaspar Feliu i Montfort<\/p>\n\n\n\n<p>171-180<\/p>\n\n\n\n<p><a href=\"https:\/\/raco.cat\/index.php\/Armoria\/article\/view\/431809\/526211\">PDF<\/a><\/p>\n\n\n\n<h3 class=\"wp-block-heading\"><a href=\"https:\/\/raco.cat\/index.php\/Armoria\/article\/view\/431810\">M\u00e9ritos y servicios. Las armas de Gonzalo D\u00edaz de Vargas.<\/a><\/h3>\n\n\n\n<p>Alan Villegas Herrera<\/p>\n\n\n\n<p>181-192<\/p>\n\n\n\n<p><a href=\"https:\/\/raco.cat\/index.php\/Armoria\/article\/view\/431810\/526212\">PDF<\/a><\/p>\n\n\n\n<h3 class=\"wp-block-heading\"><a href=\"https:\/\/raco.cat\/index.php\/Armoria\/article\/view\/431811\">Concesi\u00f3n de armas para Francisco Guill\u00e9n, conquistador de la Nueva Espanya.<\/a><\/h3>\n\n\n\n<p>Ang\u00e9lica Jazm\u00edn Vel\u00e1zquez Flores<\/p>\n\n\n\n<p>193-208<\/p>\n\n\n\n<p><a href=\"https:\/\/raco.cat\/index.php\/Armoria\/article\/view\/431811\/526213\">PDF<\/a><\/p>\n\n\n\n<h3 class=\"wp-block-heading\"><a href=\"https:\/\/raco.cat\/index.php\/Armoria\/article\/view\/431812\">El patrimoni Biure-Bon a la Conca de Barber\u00e0. Durant la primera Carlinada: Notes Esparses<\/a><\/h3>\n\n\n\n<p>Manel G\u00fcell i Junkert<\/p>\n\n\n\n<p>209-225<\/p>\n\n\n\n<p><a href=\"https:\/\/raco.cat\/index.php\/Armoria\/article\/view\/431812\/526214\">PDF<\/a><\/p>\n\n\n\n<h3 class=\"wp-block-heading\"><a href=\"https:\/\/raco.cat\/index.php\/Armoria\/article\/view\/431813\">Els Veciana (s. XVIII-XIX)<\/a><\/h3>\n\n\n\n<p>Salvador-J Rovira i G\u00f3mez<\/p>\n\n\n\n<p>227-244<\/p>\n\n\n\n<p><a href=\"https:\/\/raco.cat\/index.php\/Armoria\/article\/view\/431813\/526215\">PDF<\/a><\/p>\n\n\n\n<h2 class=\"wp-block-heading\"><small>Sigil\u00b7lografia<\/small><\/h2>\n\n\n\n<h3 class=\"wp-block-heading\"><a href=\"https:\/\/raco.cat\/index.php\/Armoria\/article\/view\/431814\">Josep Pleyan de Porta i els primers estudis de sigil\u00b7lografia i her\u00e0ldica municipal de la prov\u00edncia de Lleida<\/a><\/h3>\n\n\n\n<p>Josep M. Palau i Baduell<\/p>\n\n\n\n<p>247-304<\/p>\n\n\n\n<p><a href=\"https:\/\/raco.cat\/index.php\/Armoria\/article\/view\/431814\/526216\">PDF<\/a><\/p>\n\n\n\n<h2 class=\"wp-block-heading\"><small>Hist\u00f2ria<\/small><\/h2>\n\n\n\n<h3 class=\"wp-block-heading\"><a href=\"https:\/\/raco.cat\/index.php\/Armoria\/article\/view\/431815\">La Nobleza de Mallorca durante la enfermedad y muerte de Carlos II.<\/a><\/h3>\n\n\n\n<p>Jorge de Canals y Camp\u00e1<\/p>\n\n\n\n<p>307-334<\/p>\n\n\n\n<p><a href=\"https:\/\/raco.cat\/index.php\/Armoria\/article\/view\/431815\/526217\">PDF<\/a><\/p>\n\n\n\n<h3 class=\"wp-block-heading\"><a href=\"https:\/\/raco.cat\/index.php\/Armoria\/article\/view\/431816\">El castell de Bellaguarda i la recuperaci\u00f3 dels comtats del Rossell\u00f3 i la Cerdanya l\u2019any 1493<\/a><\/h3>\n\n\n\n<p>Ignasi Casanovas-Permanyer i Casas<\/p>\n\n\n\n<p>335-366<\/p>\n\n\n\n<p><a href=\"https:\/\/raco.cat\/index.php\/Armoria\/article\/view\/431816\/526218\">PDF<\/a><\/p>\n\n\n\n<h3 class=\"wp-block-heading\"><a href=\"https:\/\/raco.cat\/index.php\/Armoria\/article\/view\/431817\">Cap\u00edtols matrimonials de Joan Bertran i Constan\u00e7a Margarit, pares de Pere Margarit.<\/a><\/h3>\n\n\n\n<p>Antoni Soler i Parellada<\/p>\n\n\n\n<p>367-375<\/p>\n\n\n\n<p><a href=\"https:\/\/raco.cat\/index.php\/Armoria\/article\/view\/431817\/526219\">PDF<\/a><\/p>\n\n\n\n<h2 class=\"wp-block-heading\"><small>Vexil\u00b7lologia<\/small><\/h2>\n\n\n\n<h3 class=\"wp-block-heading\"><a href=\"https:\/\/raco.cat\/index.php\/Armoria\/article\/view\/431818\">Banderes dels Pa\u00efsos Catalans.<\/a><\/h3>\n\n\n\n<p>Armand de Fluvi\u00e0 i Escorsa<\/p>\n\n\n\n<p>379-384<\/p>\n\n\n\n<p><a href=\"https:\/\/raco.cat\/index.php\/Armoria\/article\/view\/431818\/526220\">PDF<\/a><\/p>\n\n\n\n<h2 class=\"wp-block-heading\"><small>Guia de lectura<\/small><\/h2>\n\n\n\n<h3 class=\"wp-block-heading\"><a href=\"https:\/\/raco.cat\/index.php\/Armoria\/article\/view\/431819\">Guia de lectura<\/a><\/h3>\n\n\n\n<p>Autors Diversos<\/p>\n\n\n\n<p>387-400<\/p>\n\n\n\n<p><a href=\"https:\/\/raco.cat\/index.php\/Armoria\/article\/view\/431819\/526221\">PDF<\/a><a href=\"https:\/\/raco.cat\/index.php\/Armoria\/issue\/archive\">Veure tots els n\u00fameros&nbsp;<\/a><\/p>\n","protected":false},"excerpt":{"rendered":"<p>Revista Armoria. Revista d\u2019informaci\u00f3, an\u00e0lisis i recerca de la genealogia i l\u2019her\u00e0ldica, aix\u00ed com tamb\u00e9 de la vexil\u00b7lologia, la sigil\u00b7lografia, la insigni\u00e0ria, la nobili\u00e0ria i l\u2019emblem\u00e0tica general, preferentment en l\u2019\u00e0mbit geogr\u00e0fic i cultural catal\u00e0. Articles Amic i membre de la ICGenHer Armand de Fluvi\u00e0 i Escorsa 9-11 PDF Els. or\u00edgens de la fam\u00edlia Montcada Antoni &#8230;<\/p>\n<p><a href=\"https:\/\/iafgh.cat\/?p=2501\" class=\"more-link\">More <span class=\"meta-nav\">&rarr;<\/span><\/a><\/p>\n","protected":false},"author":1,"featured_media":2502,"comment_status":"closed","ping_status":"closed","sticky":false,"template":"","format":"standard","meta":{"footnotes":""},"categories":[1],"tags":[],"class_list":["post-2501","post","type-post","status-publish","format-standard","has-post-thumbnail","hentry","category-general"],"_links":{"self":[{"href":"https:\/\/iafgh.cat\/index.php?rest_route=\/wp\/v2\/posts\/2501","targetHints":{"allow":["GET"]}}],"collection":[{"href":"https:\/\/iafgh.cat\/index.php?rest_route=\/wp\/v2\/posts"}],"about":[{"href":"https:\/\/iafgh.cat\/index.php?rest_route=\/wp\/v2\/types\/post"}],"author":[{"embeddable":true,"href":"https:\/\/iafgh.cat\/index.php?rest_route=\/wp\/v2\/users\/1"}],"replies":[{"embeddable":true,"href":"https:\/\/iafgh.cat\/index.php?rest_route=%2Fwp%2Fv2%2Fcomments&post=2501"}],"version-history":[{"count":2,"href":"https:\/\/iafgh.cat\/index.php?rest_route=\/wp\/v2\/posts\/2501\/revisions"}],"predecessor-version":[{"id":2504,"href":"https:\/\/iafgh.cat\/index.php?rest_route=\/wp\/v2\/posts\/2501\/revisions\/2504"}],"wp:featuredmedia":[{"embeddable":true,"href":"https:\/\/iafgh.cat\/index.php?rest_route=\/wp\/v2\/media\/2502"}],"wp:attachment":[{"href":"https:\/\/iafgh.cat\/index.php?rest_route=%2Fwp%2Fv2%2Fmedia&parent=2501"}],"wp:term":[{"taxonomy":"category","embeddable":true,"href":"https:\/\/iafgh.cat\/index.php?rest_route=%2Fwp%2Fv2%2Fcategories&post=2501"},{"taxonomy":"post_tag","embeddable":true,"href":"https:\/\/iafgh.cat\/index.php?rest_route=%2Fwp%2Fv2%2Ftags&post=2501"}],"curies":[{"name":"wp","href":"https:\/\/api.w.org\/{rel}","templated":true}]}}