{"id":2477,"date":"2024-09-20T13:47:04","date_gmt":"2024-09-20T13:47:04","guid":{"rendered":"https:\/\/iafgh.cat\/?p=2477"},"modified":"2024-09-23T09:16:01","modified_gmt":"2024-09-23T09:16:01","slug":"comunicacio-de-nou-nomenament-a-la-presidencia-de-la-icgenher","status":"publish","type":"post","link":"https:\/\/iafgh.cat\/?p=2477","title":{"rendered":"Comunicaci\u00f3 de nou nomenament a la presid\u00e8ncia de la ICGenHer"},"content":{"rendered":"\n<p>Despr\u00e9s de la trista defunci\u00f3 del nostre estimat Armand de Fluvi\u00e0, fundador i president durant molts anys de la Instituci\u00f3 Catalana de Genealogia i Her\u00e0ldica (ICGenHer), ens complau anunciar el nomenament del Dr. Jordi Mestres i L\u00f3pez com a nou president de la instituci\u00f3.<\/p>\n\n\n\n<p>El Dr. Mestres, nascut a Girona el 1967, \u00e9s un reconegut investigador qu\u00edmic i genealogista, amb una \u00e0mplia traject\u00f2ria tant en l\u2019\u00e0mbit cient\u00edfic com en la recerca geneal\u00f2gica. Format a l\u2019Escolania de Montserrat, va obtenir el doctorat en Qu\u00edmica per la Universitat de Girona i ha desenvolupat una destacada carrera en la investigaci\u00f3 de disseny molecular i farmacologia. Paral\u00b7lelament, ha seguit una dilatada tasca com a genealogista, amb especial \u00e8mfasi en els llinatges de les comarques gironines, i \u00e9s membre actiu de la junta de la ICGenHer des de fa anys.<\/p>\n\n\n\n<p>Amb la seva experi\u00e8ncia i comprom\u00eds, el Dr. Mestres continuar\u00e0 l\u2019obra d\u2019Armand de Fluvi\u00e0, vetllant per la promoci\u00f3 i preservaci\u00f3 de la genealogia i l\u2019her\u00e0ldica catalanes, aix\u00ed com pel desenvolupament de nous projectes en aquests camps.<\/p>\n\n\n\n<p>La instituci\u00f3 es compromet a continuar treballant per honorar la mem\u00f2ria d\u2019Armand de Fluvi\u00e0 i garantir la continu\u00eftat i l\u2019excel\u00b7l\u00e8ncia de la nostra tasca sota la direcci\u00f3 del Dr. Mestres.<\/p>\n\n\n\n<figure class=\"wp-block-image size-full\"><a href=\"https:\/\/iafgh.cat\/wp-content\/uploads\/2024\/09\/IMG-20211020-WA0003.jpg\"><img loading=\"lazy\" decoding=\"async\" width=\"576\" height=\"1024\" src=\"https:\/\/iafgh.cat\/wp-content\/uploads\/2024\/09\/IMG-20211020-WA0003.jpg\" alt=\"\" class=\"wp-image-2482\" srcset=\"https:\/\/iafgh.cat\/wp-content\/uploads\/2024\/09\/IMG-20211020-WA0003.jpg 576w, https:\/\/iafgh.cat\/wp-content\/uploads\/2024\/09\/IMG-20211020-WA0003-169x300.jpg 169w, https:\/\/iafgh.cat\/wp-content\/uploads\/2024\/09\/IMG-20211020-WA0003-508x903.jpg 508w\" sizes=\"auto, (max-width: 576px) 100vw, 576px\" \/><\/a><\/figure>\n\n\n\n<p><em>Jordi Mestres, Armand de Fluvi\u00e0 i Ignasi Ametlla, membres de la ICGenHer<\/em><\/p>\n\n\n\n<p><\/p>\n","protected":false},"excerpt":{"rendered":"<p>Despr\u00e9s de la trista defunci\u00f3 del nostre estimat Armand de Fluvi\u00e0, fundador i president durant molts anys de la Instituci\u00f3 Catalana de Genealogia i Her\u00e0ldica (ICGenHer), ens complau anunciar el nomenament del Dr. Jordi Mestres i L\u00f3pez com a nou president de la instituci\u00f3. El Dr. Mestres, nascut a Girona el 1967, \u00e9s un reconegut &#8230;<\/p>\n<p><a href=\"https:\/\/iafgh.cat\/?p=2477\" class=\"more-link\">More <span class=\"meta-nav\">&rarr;<\/span><\/a><\/p>\n","protected":false},"author":1,"featured_media":2478,"comment_status":"closed","ping_status":"closed","sticky":false,"template":"","format":"standard","meta":{"footnotes":""},"categories":[1],"tags":[],"class_list":["post-2477","post","type-post","status-publish","format-standard","has-post-thumbnail","hentry","category-general"],"_links":{"self":[{"href":"https:\/\/iafgh.cat\/index.php?rest_route=\/wp\/v2\/posts\/2477","targetHints":{"allow":["GET"]}}],"collection":[{"href":"https:\/\/iafgh.cat\/index.php?rest_route=\/wp\/v2\/posts"}],"about":[{"href":"https:\/\/iafgh.cat\/index.php?rest_route=\/wp\/v2\/types\/post"}],"author":[{"embeddable":true,"href":"https:\/\/iafgh.cat\/index.php?rest_route=\/wp\/v2\/users\/1"}],"replies":[{"embeddable":true,"href":"https:\/\/iafgh.cat\/index.php?rest_route=%2Fwp%2Fv2%2Fcomments&post=2477"}],"version-history":[{"count":3,"href":"https:\/\/iafgh.cat\/index.php?rest_route=\/wp\/v2\/posts\/2477\/revisions"}],"predecessor-version":[{"id":2485,"href":"https:\/\/iafgh.cat\/index.php?rest_route=\/wp\/v2\/posts\/2477\/revisions\/2485"}],"wp:featuredmedia":[{"embeddable":true,"href":"https:\/\/iafgh.cat\/index.php?rest_route=\/wp\/v2\/media\/2478"}],"wp:attachment":[{"href":"https:\/\/iafgh.cat\/index.php?rest_route=%2Fwp%2Fv2%2Fmedia&parent=2477"}],"wp:term":[{"taxonomy":"category","embeddable":true,"href":"https:\/\/iafgh.cat\/index.php?rest_route=%2Fwp%2Fv2%2Fcategories&post=2477"},{"taxonomy":"post_tag","embeddable":true,"href":"https:\/\/iafgh.cat\/index.php?rest_route=%2Fwp%2Fv2%2Ftags&post=2477"}],"curies":[{"name":"wp","href":"https:\/\/api.w.org\/{rel}","templated":true}]}}