{"id":2470,"date":"2024-09-06T10:47:59","date_gmt":"2024-09-06T10:47:59","guid":{"rendered":"https:\/\/iafgh.cat\/?p=2470"},"modified":"2024-09-26T09:12:25","modified_gmt":"2024-09-26T09:12:25","slug":"armand-de-fluvia-i-escorsa-1931-2014","status":"publish","type":"post","link":"https:\/\/iafgh.cat\/?p=2470","title":{"rendered":"Armand de Fluvi\u00e0 i Escorsa (1931-2014)"},"content":{"rendered":"\n<p>Escrit Institucional en mem\u00f2ria de l\u2019Il\u00b7lustr\u00edssim Sr. Armand de Fluvi\u00e0 i Escorsa (1931-2014) 92 anys.<\/p>\n\n\n\n<p>Amb profunda tristesa i respecte, la nostra instituci\u00f3 vol retre homenatge a la figura de l\u2019Il\u00b7lustr\u00edssim Sr. Armand de Fluvi\u00e0 i Escorsa, qui ens ha deixat despr\u00e9s d\u2019una vida plena de dedicaci\u00f3 al servei de la genealogia, l\u2019her\u00e0ldica i la cultura catalana.<\/p>\n\n\n\n<p>Nascut a Barcelona el 17 d\u2019octubre de 1931, Armand de Fluvi\u00e0 i Escorsa va ser un veritable pilar en l\u2019estudi de les arrels hist\u00f2riques i nobili\u00e0ries del nostre pa\u00eds. Fill d\u2019Armand de Fluvi\u00e0 i Vendrell, deixeble d\u2019Enric Granados, i de Maria Escorsa i Benages, va cr\u00e9ixer envoltat d\u2019una riquesa cultural i intel\u00b7lectual que marcaria el cam\u00ed de la seva vida. El seu llinatge familiar, vinculat a figures destacades com els seus avis Pius de Fluvi\u00e0 i Borr\u00e0s i l\u2019industrial Dion\u00eds Escorsa i Cruells, va ser l\u2019origen d\u2019una traject\u00f2ria que el va portar a convertir-se en una refer\u00e8ncia ineludible en la genealogia i l\u2019her\u00e0ldica en l\u2019\u00e0mbit nacional i internacional.<\/p>\n\n\n\n<p>La seva formaci\u00f3 acad\u00e8mica al Reial Col\u00b7legi de les Escoles Pies de Sarri\u00e0 i al de Santa Anna de Matar\u00f3 i a la Universitat de Barcelona, on es va llicenciar en Dret, aix\u00ed com la seva dilatada carrera com a investigador, professor i assessor, s\u00f3n testimonis de la seva dedicaci\u00f3 incansable al coneixement i a la preservaci\u00f3 de la nostra hist\u00f2ria. La seva tasca com assessor her\u00e0ldic de la Generalitat de Catalunya i a institucions com l\u2019Institut Internacional de Genealogia i Her\u00e0ldica, la Societat Catalana d\u2019Estudis Hist\u00f2rics, entre d\u2019altres, i la seva participaci\u00f3 en treballs d\u2019investigaci\u00f3 nobili\u00e0ria i restauracions patrimonials, i tamb\u00e9 la publicaci\u00f3 del Manual de Genealogia, Manual d\u2019Her\u00e0ldica i Manual de Nobili\u00e0ria, del Nobiliari General Catal\u00e0, s\u00f3n nom\u00e9s alguns exemples del seu comprom\u00eds amb la cultura i la hist\u00f2ria de Catalunya.<\/p>\n\n\n\n<p>El Sr. Armand de Fluvi\u00e0 va rebre nombrosos reconeixements al llarg de la seva carrera, incloent-hi el Premi Franckenau de Genealogia, el Premi D\u2019Arenberg, la Medalla de Bronze del Mil\u00b7lenari de Lloret de Mar, la Medalla d\u2019Or de la Generalitat de Catalunya i la Medalla d\u2019Or de la Ciutat de Barcelona, entre d\u2019altres. Aquests guardons no sols reconeixen la seva excel\u00b7l\u00e8ncia professional sin\u00f3 tamb\u00e9 la seva contribuci\u00f3 a la preservaci\u00f3 de la nostra identitat cultural i la defensa dels drets de les persones LGTBIQ+.<\/p>\n\n\n\n<p>El seu llegat perdurar\u00e0 en les generacions futures, gr\u00e0cies a la seva tasca a institucions com la Instituci\u00f3 Catalana de Genealogia i Her\u00e0ldica, de la qual va ser fundador i president. La seva obra, que va culminar amb la fundaci\u00f3 d\u2019aquesta instituci\u00f3, \u00e9s un testimoni de la seva passi\u00f3 i del seu comprom\u00eds amb la divulgaci\u00f3 del coneixement.<\/p>\n\n\n\n<p>En aquest moment de dol, la nostra instituci\u00f3 vol expressar el seu m\u00e9s sentit condol a la fam\u00edlia i amics del Sr. Armand de Fluvi\u00e0 i Escorsa. La seva p\u00e8rdua deixa un buit irreparable, per\u00f2 tamb\u00e9 ens deixa un llegat que continuar\u00e0 inspirant-nos i guiant-nos en el futur.<\/p>\n\n\n\n<p>Que descansi en pau.<\/p>\n\n\n\n<figure class=\"wp-block-image size-full\"><a href=\"https:\/\/iafgh.cat\/wp-content\/uploads\/2018\/12\/cropped-Escut-copia.jpg\"><img loading=\"lazy\" decoding=\"async\" width=\"236\" height=\"236\" src=\"https:\/\/iafgh.cat\/wp-content\/uploads\/2018\/12\/cropped-Escut-copia.jpg\" alt=\"\" class=\"wp-image-1877\" srcset=\"https:\/\/iafgh.cat\/wp-content\/uploads\/2018\/12\/cropped-Escut-copia.jpg 236w, https:\/\/iafgh.cat\/wp-content\/uploads\/2018\/12\/cropped-Escut-copia-150x150.jpg 150w\" sizes=\"auto, (max-width: 236px) 100vw, 236px\" \/><\/a><\/figure>\n\n\n\n<p>ICGenHer<\/p>\n\n\n\n<p>Instituci\u00f3 Catalana de Genealogia i Her\u00e0ldica<\/p>\n","protected":false},"excerpt":{"rendered":"<p>Escrit Institucional en mem\u00f2ria de l\u2019Il\u00b7lustr\u00edssim Sr. Armand de Fluvi\u00e0 i Escorsa (1931-2014) 92 anys. Amb profunda tristesa i respecte, la nostra instituci\u00f3 vol retre homenatge a la figura de l\u2019Il\u00b7lustr\u00edssim Sr. Armand de Fluvi\u00e0 i Escorsa, qui ens ha deixat despr\u00e9s d\u2019una vida plena de dedicaci\u00f3 al servei de la genealogia, l\u2019her\u00e0ldica i la &#8230;<\/p>\n<p><a href=\"https:\/\/iafgh.cat\/?p=2470\" class=\"more-link\">More <span class=\"meta-nav\">&rarr;<\/span><\/a><\/p>\n","protected":false},"author":1,"featured_media":2080,"comment_status":"closed","ping_status":"closed","sticky":false,"template":"","format":"standard","meta":{"footnotes":""},"categories":[1],"tags":[],"class_list":["post-2470","post","type-post","status-publish","format-standard","has-post-thumbnail","hentry","category-general"],"_links":{"self":[{"href":"https:\/\/iafgh.cat\/index.php?rest_route=\/wp\/v2\/posts\/2470","targetHints":{"allow":["GET"]}}],"collection":[{"href":"https:\/\/iafgh.cat\/index.php?rest_route=\/wp\/v2\/posts"}],"about":[{"href":"https:\/\/iafgh.cat\/index.php?rest_route=\/wp\/v2\/types\/post"}],"author":[{"embeddable":true,"href":"https:\/\/iafgh.cat\/index.php?rest_route=\/wp\/v2\/users\/1"}],"replies":[{"embeddable":true,"href":"https:\/\/iafgh.cat\/index.php?rest_route=%2Fwp%2Fv2%2Fcomments&post=2470"}],"version-history":[{"count":3,"href":"https:\/\/iafgh.cat\/index.php?rest_route=\/wp\/v2\/posts\/2470\/revisions"}],"predecessor-version":[{"id":2489,"href":"https:\/\/iafgh.cat\/index.php?rest_route=\/wp\/v2\/posts\/2470\/revisions\/2489"}],"wp:featuredmedia":[{"embeddable":true,"href":"https:\/\/iafgh.cat\/index.php?rest_route=\/wp\/v2\/media\/2080"}],"wp:attachment":[{"href":"https:\/\/iafgh.cat\/index.php?rest_route=%2Fwp%2Fv2%2Fmedia&parent=2470"}],"wp:term":[{"taxonomy":"category","embeddable":true,"href":"https:\/\/iafgh.cat\/index.php?rest_route=%2Fwp%2Fv2%2Fcategories&post=2470"},{"taxonomy":"post_tag","embeddable":true,"href":"https:\/\/iafgh.cat\/index.php?rest_route=%2Fwp%2Fv2%2Ftags&post=2470"}],"curies":[{"name":"wp","href":"https:\/\/api.w.org\/{rel}","templated":true}]}}