{"id":2458,"date":"2024-07-17T08:01:57","date_gmt":"2024-07-17T08:01:57","guid":{"rendered":"https:\/\/iafgh.cat\/?p=2458"},"modified":"2024-11-01T21:50:49","modified_gmt":"2024-11-01T21:50:49","slug":"armand-de-fluvia-president-de-la-icgenher","status":"publish","type":"post","link":"https:\/\/iafgh.cat\/?p=2458","title":{"rendered":"Armand de Fluvi\u00e0, president de la ICGenHer"},"content":{"rendered":"\n<p>Armand de Fluvi\u00e0 i Escorsa, nascut a Barcelona el 17 d&#8217;octubre de 1931, fou un destacat genealogista, heraldista i activista pels drets LGBTQ+ catal\u00e0. \u00c9s conegut pel seu extens treball en els camps de la genealogia i l&#8217;her\u00e0ldica, havent publicat nombrosos llibres i articles sobre aquests temes. De Fluvi\u00e0 tamb\u00e9 fou una figura clau en la hist\u00f2ria de l&#8217;activisme LGBTQ+ a Espanya, havent fundat diverses organitzacions importants que van defensar els drets de les persones homosexuals durant la dictadura franquista i la posterior transici\u00f3 a la democr\u00e0cia.<\/p>\n\n\n\n<p>Destacat prohom de la cultura i la llengua catalana<\/p>\n\n\n\n<p>Les seves contribucions a la genealogia inclouen esfor\u00e7os significatius per documentar i preservar els registres geneal\u00f2gics de la noblesa catalana i altres figures hist\u00f2riques. En l&#8217;her\u00e0ldica, ha estat involucrat en l&#8217;estudi i el disseny d&#8217;escuts d&#8217;armes, contribuint a la comprensi\u00f3 i aplicaci\u00f3 de les tradicions her\u00e0ldiques en contextos contemporanis.<\/p>\n\n\n\n<p>A m\u00e9s, Armand de Fluvi\u00e0 va jugar un paper crucial en l&#8217;establiment dels primers grups de drets LGBTQ+ a Espanya, com ara el Movimiento Espa\u00f1ol de Liberaci\u00f3n Homosexual (MELH) i el Front d&#8217;Alliberament Gai de Catalunya (FAGC). El seu activisme ha tingut un impacte durador en la lluita pels drets i el reconeixement LGBTQ+ a Catalunya i Espanya.<\/p>\n\n\n\n<p><strong>Genealogia i Her\u00e0ldica<\/strong><\/p>\n\n\n\n<ol start=\"1\" class=\"wp-block-list\">\n<li><strong>&#8220;El solar catal\u00e1n, valenciano y balear&#8221;<\/strong> (1970-1977) &#8211; Una obra monumental en diversos volums sobre les genealogies de fam\u00edlies nobles de Catalunya, Val\u00e8ncia i les Illes Balears.<\/li>\n\n\n\n<li><strong>&#8220;Els quatre pals: l&#8217;escut dels comtes de Barcelona, senyors del regne d&#8217;Arag\u00f3&#8221;<\/strong> (1986) &#8211; Un estudi sobre l&#8217;her\u00e0ldica dels comtes de Barcelona.<\/li>\n\n\n\n<li><strong>&#8220;Diccionari general d\u2019her\u00e0ldica&#8221;<\/strong> (1989) &#8211; Un diccionari exhaustiu sobre her\u00e0ldica.<\/li>\n\n\n\n<li><strong>&#8220;Manual d&#8217;her\u00e0ldica i t\u00e8cnica del blas\u00f3&#8221;<\/strong> (2001) &#8211; Un llibre que ofereix una introducci\u00f3 detallada a la ci\u00e8ncia de l&#8217;her\u00e0ldica.<\/li>\n\n\n\n<li><strong>&#8220;Els primitius comtats i vescomtats de Catalunya&#8221;<\/strong> (2007) &#8211; Una an\u00e0lisi hist\u00f2rica dels primers comtats i vescomtats de Catalunya.<\/li>\n\n\n\n<li><strong>&#8220;Her\u00e0ldica catalana des de l&#8217;any 1150 al 1550&#8221;<\/strong> (1995) &#8211; Un estudi sobre l&#8217;her\u00e0ldica a Catalunya durant aquest per\u00edode.<\/li>\n<\/ol>\n\n\n\n<p><strong>Activisme LGBTQ+<\/strong><\/p>\n\n\n\n<ol start=\"1\" class=\"wp-block-list\">\n<li><strong>&#8220;El moviment gai a la clandestinitat del franquisme&#8221;<\/strong> (2003) &#8211; Un relat sobre l&#8217;activisme homosexual durant la dictadura franquista.<\/li>\n\n\n\n<li><strong>&#8220;El moviment gai a Catalunya: 1970-2000&#8221;<\/strong> (2000) &#8211; Un estudi sobre l&#8217;evoluci\u00f3 del moviment gai a Catalunya durant aquestes d\u00e8cades.<\/li>\n<\/ol>\n\n\n\n<p><strong>Altres<\/strong><\/p>\n\n\n\n<ol start=\"1\" class=\"wp-block-list\">\n<li><strong>&#8220;Catalunya: poble d&#8217;escuts&#8221;<\/strong> (1984) &#8211; Un llibre que recull escuts her\u00e0ldics catalans.<\/li>\n\n\n\n<li><strong>&#8220;Nobiliari general catal\u00e0&#8221;<\/strong> (1982-1991) &#8211; Una obra en diversos volums sobre la noblesa catalana.<\/li>\n<\/ol>\n\n\n\n<p>Aquestes obres reflecteixen la seva dedicaci\u00f3 tant a la genealogia i l&#8217;her\u00e0ldica com a la lluita pels drets LGBTQ+, i han estat fonamentals per a la preservaci\u00f3 de la hist\u00f2ria i la cultura catalanes.<\/p>\n\n\n\n<p>Armand de Fluvi\u00e0 \u00e9s reconegut no nom\u00e9s pels seus treballs en genealogia, her\u00e0ldica i activisme LGBTQ+, sin\u00f3 tamb\u00e9 com un destacat defensor de la cultura i la llengua catalana. La seva tasca en aquests \u00e0mbits ha contribu\u00eft significativament a la preservaci\u00f3 i promoci\u00f3 de la identitat catalana.<\/p>\n\n\n\n<h3 class=\"wp-block-heading\">Contribucions a la Cultura i la Llengua Catalana<\/h3>\n\n\n\n<ol class=\"wp-block-list\">\n<li><strong>Preservaci\u00f3 Hist\u00f2rica<\/strong>: De Fluvi\u00e0 ha dedicat gran part de la seva vida a documentar i preservar la hist\u00f2ria i les tradicions de Catalunya. Les seves obres geneal\u00f2giques i her\u00e0ldiques ajuden a mantenir viva la mem\u00f2ria de les fam\u00edlies i les institucions catalanes.<\/li>\n\n\n\n<li><strong>Activisme Cultural<\/strong>: A m\u00e9s del seu activisme pels drets LGBTQ+, Armand de Fluvi\u00e0 ha estat actiu en la defensa dels drets culturals i ling\u00fc\u00edstics de Catalunya. Ha estat un ferm defensor de la llengua catalana, treballant per assegurar la seva promoci\u00f3 i \u00fas en diversos \u00e0mbits de la societat.<\/li>\n\n\n\n<li><strong>Publicacions en Catal\u00e0<\/strong>: La majoria de les seves obres estan escrites en catal\u00e0, cosa que demostra el seu comprom\u00eds amb la llengua. Aquestes publicacions han ajudat a enriquir el corpus literari i acad\u00e8mic en catal\u00e0, fent-lo accessible per a les generacions futures.<\/li>\n\n\n\n<li><strong>Membre de Diverses Entitats<\/strong>: Armand de Fluvi\u00e0 ha estat membre de diverses entitats culturals i cient\u00edfiques que promouen la llengua i la cultura catalana, incloent-hi l&#8217;Institut d&#8217;Estudis Catalans.<\/li>\n\n\n\n<li><strong>Reconegut per la Generalitat de Catalunya<\/strong>: La seva tasca ha estat reconeguda per la Generalitat de Catalunya, que li ha atorgat diverses distincions per la seva contribuci\u00f3 a la cultura catalana, com la Creu de Sant Jordi.<\/li>\n\n\n\n<li><strong>Participaci\u00f3 en Projectes Culturals<\/strong>: Ha participat en nombrosos projectes i confer\u00e8ncies sobre hist\u00f2ria, genealogia i her\u00e0ldica, sempre posant en relleu la import\u00e0ncia de la identitat catalana.<\/li>\n<\/ol>\n\n\n\n<p>En resum, Armand de Fluvi\u00e0 fou una figura clau en la preservaci\u00f3 i promoci\u00f3 de la cultura i la llengua catalana, tant a trav\u00e9s de les seves investigacions com del seu activisme. La seva obra no nom\u00e9s ha contribu\u00eft al coneixement hist\u00f2ric, sin\u00f3 tamb\u00e9 a la reivindicaci\u00f3 i difusi\u00f3 de la identitat catalana en temps de grans canvis socials i pol\u00edtics.<\/p>\n","protected":false},"excerpt":{"rendered":"<p>Armand de Fluvi\u00e0 i Escorsa, nascut a Barcelona el 17 d&#8217;octubre de 1931, fou un destacat genealogista, heraldista i activista pels drets LGBTQ+ catal\u00e0. \u00c9s conegut pel seu extens treball en els camps de la genealogia i l&#8217;her\u00e0ldica, havent publicat nombrosos llibres i articles sobre aquests temes. De Fluvi\u00e0 tamb\u00e9 fou una figura clau en &#8230;<\/p>\n<p><a href=\"https:\/\/iafgh.cat\/?p=2458\" class=\"more-link\">More <span class=\"meta-nav\">&rarr;<\/span><\/a><\/p>\n","protected":false},"author":1,"featured_media":2105,"comment_status":"closed","ping_status":"closed","sticky":false,"template":"","format":"standard","meta":{"footnotes":""},"categories":[1],"tags":[],"class_list":["post-2458","post","type-post","status-publish","format-standard","has-post-thumbnail","hentry","category-general"],"_links":{"self":[{"href":"https:\/\/iafgh.cat\/index.php?rest_route=\/wp\/v2\/posts\/2458","targetHints":{"allow":["GET"]}}],"collection":[{"href":"https:\/\/iafgh.cat\/index.php?rest_route=\/wp\/v2\/posts"}],"about":[{"href":"https:\/\/iafgh.cat\/index.php?rest_route=\/wp\/v2\/types\/post"}],"author":[{"embeddable":true,"href":"https:\/\/iafgh.cat\/index.php?rest_route=\/wp\/v2\/users\/1"}],"replies":[{"embeddable":true,"href":"https:\/\/iafgh.cat\/index.php?rest_route=%2Fwp%2Fv2%2Fcomments&post=2458"}],"version-history":[{"count":2,"href":"https:\/\/iafgh.cat\/index.php?rest_route=\/wp\/v2\/posts\/2458\/revisions"}],"predecessor-version":[{"id":2529,"href":"https:\/\/iafgh.cat\/index.php?rest_route=\/wp\/v2\/posts\/2458\/revisions\/2529"}],"wp:featuredmedia":[{"embeddable":true,"href":"https:\/\/iafgh.cat\/index.php?rest_route=\/wp\/v2\/media\/2105"}],"wp:attachment":[{"href":"https:\/\/iafgh.cat\/index.php?rest_route=%2Fwp%2Fv2%2Fmedia&parent=2458"}],"wp:term":[{"taxonomy":"category","embeddable":true,"href":"https:\/\/iafgh.cat\/index.php?rest_route=%2Fwp%2Fv2%2Fcategories&post=2458"},{"taxonomy":"post_tag","embeddable":true,"href":"https:\/\/iafgh.cat\/index.php?rest_route=%2Fwp%2Fv2%2Ftags&post=2458"}],"curies":[{"name":"wp","href":"https:\/\/api.w.org\/{rel}","templated":true}]}}