{"id":2435,"date":"2024-07-03T11:06:54","date_gmt":"2024-07-03T11:06:54","guid":{"rendered":"https:\/\/iafgh.cat\/?p=2435"},"modified":"2024-07-03T11:16:32","modified_gmt":"2024-07-03T11:16:32","slug":"diploma-de-genealogia","status":"publish","type":"post","link":"https:\/\/iafgh.cat\/?p=2435","title":{"rendered":"Diploma de Genealogia"},"content":{"rendered":"\n<p>Volem agrair el seu treball i recon\u00e8ixer la seva traject\u00f2ria en el camp de la genealogia. Com diu sempre el nostre estimat president, \u00e9s el millor programa del m\u00f3n, i cal destacar que \u00e9s un programa tamb\u00e9 en catal\u00e0.<\/p>\n\n\n\n<p><strong>EL SISTEMA GENERAL DE DOCUMENTACI\u00d3 FAMILIAR &#8211; GDS,<\/strong><\/p>\n\n\n\n<p>En Joaquim diu: No em crec diferent de qualsevol altra persona si declaro que sempre m&#8217;he sentit intrigat per la constataci\u00f3 de la debilitat de la mem\u00f2ria humana i la utilitat d&#8217;aquesta mateixa debilitat en la vida quotidiana. Molts familiars meus, la meva mare en particular, han dedicat moltes hores a mi en converses relacionades amb les persones de la seva \u00e8poca, han exposat les seves viv\u00e8ncies, han descrit altres persones, moltes d&#8217;elles familiars nostres, han opinat, \u00e9s clar, sobre llurs actituds i comportaments, han descrit malalties, qualitats, defectes, i, sobretot, han desitjat que llur descripci\u00f3 tingu\u00e9s una continu\u00eftat, esperant, in\u00fatilment, amb llurs paraules, eternitzar el record. D&#8217;aquestes paraules queden, a tot estirar, algunes descripcions deformades pel temps, una fracci\u00f3 de les quals passa a altres persones, pel mateix procediment.<\/p>\n\n\n\n<p>Els receptors de la informaci\u00f3 -jo no en soc una excepci\u00f3- tenim aquesta mem\u00f2ria selectiva, variable en el temps, que no controlem, que destrueix o deforma la informaci\u00f3, que traspassa el filtre de la nostra subjectivitat i que, a la llarga, fa que abandoni el terreny del real i del transmissible.<\/p>\n\n\n\n<p>El resultat \u00e9s que, amb excepcions molt comptades, dels avantpassats solament queda el fet que sabem que han existit. Ni en coneixem els pensaments, ni com han pogut influenciar en all\u00f2 que ara som, si \u00e9s que ho han fet, ni en tenim cap documentaci\u00f3.<\/p>\n\n\n\n<p>En el meu cas, tot comen\u00e7\u00e0 el 1988, quan arrib\u00e0 el moment que vaig desitjar posseir un sistema per a emmagatzemar totes les dades familiars que poguessin \u00e9sser objectivables i transmissibles. Els meus coneixements inform\u00e0tics m&#8217;ajudaren a tenir la visi\u00f3 que la soluci\u00f3 a llarg termini havia de ser en aquesta t\u00e8cnica, tot i que en aquell moment les possibilitats no fossin gaire grans, s\u00ed que ja era clar que l&#8217;evoluci\u00f3 tecnol\u00f2gica ajudaria que, per r\u00e0pid que fos a desenvolupar un estri, sempre disposaria d&#8217;una capacitat creixent per a acompanyar-lo. (La primera fotografia fou incorporada al sistema fins ben enll\u00e0 dels noranta.)<\/p>\n\n\n\n<p>Des d&#8217;aquest moment, he dedicat milers d&#8217;hores a realitzar dues tasques paral\u00b7leles i complement\u00e0ries: recollir informaci\u00f3 familiar de qualsevol persona que me la pogu\u00e9s subministrar i desenvolupar el sistema inform\u00e0tic, de primer anomenat Sistema de Documentaci\u00f3 Familiar, en les seves versions en MS-DOS, per passar-se a denominar-se Sistema General de Documentaci\u00f3 Familiar &#8211; GDS, quan em vaig adonar que no \u00fanicament parl\u00e0vem de genealogia, sin\u00f3 tamb\u00e9 d&#8217;un repertori complet de possibilitats que anaven m\u00e9s enll\u00e0 de la genealogia, entrant en el pur emmagatzemament d&#8217;informaci\u00f3 digitalitzada, ordenada, transmissible i f\u00e0cil de guardar.<\/p>\n\n\n\n<p>Avui ens permetem fer avinent el destacat treball en el camp de la genealogia de Joaquim M. Casals i de Nadal, aglutinat en el seu programa GDS. En Joaquim sempre ens explica que es va plantejar crear una base de dades prenent consci\u00e8ncia que aquelles dades i persones que la seva mare compartia amb ell en les trobades familiars es perdrien i que calia recollir-les i ampliar-les en un suport inform\u00e0tic.<\/p>\n\n\n\n<p><em>Presentaci\u00f3 de GDS<\/em><\/p>\n\n\n\n<p>GDS porta 36 anys desenvolupant solucions per donar suport a milers de fam\u00edlies en la reconstrucci\u00f3 de la seva hist\u00f2ria. La seva experi\u00e8ncia els permet oferir eines avan\u00e7ades i fiables per documentar i explorar les arrels familiars.<\/p>\n\n\n\n<p><em>Sobre Joaquim M. Casals i de Nadal<\/em><\/p>\n\n\n\n<p>Joaquim M. Casals de Nadal \u00e9s Enginyer Industrial i Llicenciat en Inform\u00e0tica. Despr\u00e9s de desenvolupar la seva carrera a IBM i altres organitzacions, va dedicar els \u00faltims 35 anys al projecte GDS, un projecte que va comen\u00e7ar com a afici\u00f3 i que va comercialitzar vuit anys despr\u00e9s. Joaquim agraeix el suport de tots els usuaris i especialment de la seva dona, Maria Ant\u00f2nia Virosque, pel seu suport incondicional.<\/p>\n\n\n\n<p>-Fem entrega d&#8217;aquest diploma en reconeixement a Joaquim M. Casals i de Nadal i el seu Programa GDS<\/p>\n\n\n\n<figure class=\"wp-block-video\"><video height=\"720\" style=\"aspect-ratio: 1280 \/ 720;\" width=\"1280\" controls src=\"https:\/\/iafgh.cat\/wp-content\/uploads\/2024\/07\/20240626_230651.mp4\"><\/video><\/figure>\n\n\n\n<figure class=\"wp-block-video\"><video height=\"480\" style=\"aspect-ratio: 848 \/ 480;\" width=\"848\" controls src=\"https:\/\/iafgh.cat\/wp-content\/uploads\/2024\/07\/VID-20240627-WA00211.mp4\"><\/video><\/figure>\n","protected":false},"excerpt":{"rendered":"<p>Volem agrair el seu treball i recon\u00e8ixer la seva traject\u00f2ria en el camp de la genealogia. Com diu sempre el nostre estimat president, \u00e9s el millor programa del m\u00f3n, i cal destacar que \u00e9s un programa tamb\u00e9 en catal\u00e0. EL SISTEMA GENERAL DE DOCUMENTACI\u00d3 FAMILIAR &#8211; GDS, En Joaquim diu: No em crec diferent de &#8230;<\/p>\n<p><a href=\"https:\/\/iafgh.cat\/?p=2435\" class=\"more-link\">More <span class=\"meta-nav\">&rarr;<\/span><\/a><\/p>\n","protected":false},"author":1,"featured_media":2436,"comment_status":"closed","ping_status":"closed","sticky":false,"template":"","format":"standard","meta":{"footnotes":""},"categories":[1],"tags":[],"class_list":["post-2435","post","type-post","status-publish","format-standard","has-post-thumbnail","hentry","category-general"],"_links":{"self":[{"href":"https:\/\/iafgh.cat\/index.php?rest_route=\/wp\/v2\/posts\/2435","targetHints":{"allow":["GET"]}}],"collection":[{"href":"https:\/\/iafgh.cat\/index.php?rest_route=\/wp\/v2\/posts"}],"about":[{"href":"https:\/\/iafgh.cat\/index.php?rest_route=\/wp\/v2\/types\/post"}],"author":[{"embeddable":true,"href":"https:\/\/iafgh.cat\/index.php?rest_route=\/wp\/v2\/users\/1"}],"replies":[{"embeddable":true,"href":"https:\/\/iafgh.cat\/index.php?rest_route=%2Fwp%2Fv2%2Fcomments&post=2435"}],"version-history":[{"count":2,"href":"https:\/\/iafgh.cat\/index.php?rest_route=\/wp\/v2\/posts\/2435\/revisions"}],"predecessor-version":[{"id":2447,"href":"https:\/\/iafgh.cat\/index.php?rest_route=\/wp\/v2\/posts\/2435\/revisions\/2447"}],"wp:featuredmedia":[{"embeddable":true,"href":"https:\/\/iafgh.cat\/index.php?rest_route=\/wp\/v2\/media\/2436"}],"wp:attachment":[{"href":"https:\/\/iafgh.cat\/index.php?rest_route=%2Fwp%2Fv2%2Fmedia&parent=2435"}],"wp:term":[{"taxonomy":"category","embeddable":true,"href":"https:\/\/iafgh.cat\/index.php?rest_route=%2Fwp%2Fv2%2Fcategories&post=2435"},{"taxonomy":"post_tag","embeddable":true,"href":"https:\/\/iafgh.cat\/index.php?rest_route=%2Fwp%2Fv2%2Ftags&post=2435"}],"curies":[{"name":"wp","href":"https:\/\/api.w.org\/{rel}","templated":true}]}}