{"id":2425,"date":"2024-06-12T11:11:18","date_gmt":"2024-06-12T11:11:18","guid":{"rendered":"https:\/\/iafgh.cat\/?p=2425"},"modified":"2024-06-12T13:02:57","modified_gmt":"2024-06-12T13:02:57","slug":"visita-al-crai-de-la-universitat-de-barcelona","status":"publish","type":"post","link":"https:\/\/iafgh.cat\/?p=2425","title":{"rendered":"Visita al CRAI de la Universitat de Barcelona"},"content":{"rendered":"\n<p>El passat 5 de juny del 2024, vam visitar el departament del Fons antic de llibres de la Universitat de Barcelona que, amb el nom&nbsp;CRAI&nbsp;\u2013Centre de Recursos per a l&#8217;Aprenentatge i la Investigaci\u00f3- \u00e9s un lloc on poder trobar informaci\u00f3 interessant de les nostres mat\u00e8ries, com ara la genealogia, l&#8217;her\u00e0ldica i, per descomptat, de la hist\u00f2ria en general. Aquest fons documental va ser creat a partir de tots els llibres de les biblioteques de molts dels convents de Barcelona que, a causa de la desamortitzaci\u00f3 de&nbsp;Mendizabal&nbsp;(1836),&nbsp;van ser dipositats en un fons com\u00fa fins que no es constru\u00ed l&#8217;actual edifici de la Universitat. Lamentablement, alguns lots de llibres es van perdre en els trasllats, fins i tot tenim not\u00edcia d&#8217;uns manuscrits que gr\u00e0cies a la intervenci\u00f3 del conegut Mari\u00e0 Aguil\u00f3 van ser salvats de ser utilitzats per fer pasta de paper.<\/p>\n\n\n\n<p>Vam ser 8 assistents que atesos curosament per la responsable del Departament, la Sra. Neus Anna Verger, vam poder veure algun exemplar manuscrit, com una c\u00f2pia de Cavallers Catalans de Francesc&nbsp;Tarafa; diferents llibres de genealogia i un extraordinari tractat d&#8217;esgrima, amb uns gravats d&#8217;alt\u00edssim nivell art\u00edstic. Us enviem la relaci\u00f3 de llibres que vam poder veure i, en les fotografies que adjuntem podreu comprovar l&#8217;inter\u00e8s d&#8217;aquest fons bibliogr\u00e0fic. Tothom que vulgui pot anar a consultar-hi llibres, \u00f2bviament, dins de l&#8217;horari, com tamb\u00e9 pot saber els llibres que hi ha a trav\u00e9s de la consulta en l\u00ednia del web:&nbsp;CRAI, a l&#8217;apartat de Fons i col\u00b7leccions, on hi ha manuscrits, incunables, impresos gravats i pergamins.<\/p>\n\n\n\n<p><strong>Ms 84<\/strong><\/p>\n\n\n\n<p>Tarafa, Francesc. <em>Cr\u00f2nica dels cavallers catalans<\/em>. 1603.<\/p>\n\n\n\n<ul class=\"wp-block-list\">\n<li>Enlla\u00e7 al registre de cat\u00e0leg:<\/li>\n<\/ul>\n\n\n\n<p><a href=\"https:\/\/cercabib.ub.edu\/permalink\/34CSUC_UB\/1eiigjf\/alma991007023239706708\">https:\/\/cercabib.ub.edu\/permalink\/34CSUC_UB\/1eiigjf\/alma991007023239706708<\/a><\/p>\n\n\n\n<ul class=\"wp-block-list\">\n<li>Enlla\u00e7 a la c\u00f2pia digital:<\/li>\n<\/ul>\n\n\n\n<p><a href=\"https:\/\/bipadiub.contentdm.oclc.org\/digital\/collection\/manuscrits\/id\/9495\">https:\/\/bipadiub.contentdm.oclc.org\/digital\/collection\/manuscrits\/id\/9495<\/a><\/p>\n\n\n\n<p><strong>Ms 957<\/strong><strong><\/strong><\/p>\n\n\n\n<p>&nbsp; Agust\u00ed i Albanell, Antoni. <em>Di\u00e1logo de armes y linajes. <\/em>1601.<\/p>\n\n\n\n<ul class=\"wp-block-list\">\n<li>Enlla\u00e7 al registre de cat\u00e0leg:<\/li>\n<\/ul>\n\n\n\n<p><a href=\"https:\/\/cercabib.ub.edu\/permalink\/34CSUC_UB\/1eiigjf\/alma991001326889706708\">https:\/\/cercabib.ub.edu\/permalink\/34CSUC_UB\/1eiigjf\/alma991001326889706708<\/a><\/p>\n\n\n\n<ul class=\"wp-block-list\">\n<li>Enlla\u00e7 a la c\u00f2pia digital:<\/li>\n<\/ul>\n\n\n\n<p><a href=\"https:\/\/bipadi.ub.edu\/digital\/collection\/manuscrits\/id\/63161\">https:\/\/bipadi.ub.edu\/digital\/collection\/manuscrits\/id\/63161<\/a><\/p>\n\n\n\n<p><strong>Ms 238<\/strong><\/p>\n\n\n\n<p><em>Nombres, qualidades y armas blasonadas de quinientas y m\u00e1s familias de la ducal ciudad y seren\u00edssima rep\u00fablica de Venecia. <\/em>1757<\/p>\n\n\n\n<p>No catalogat ni digitalitzat<\/p>\n\n\n\n<p><strong>Ms 436<\/strong><\/p>\n\n\n\n<p>Joseph Gifreu de la Palma, <em>Arte de el Blas\u00f3n. <\/em>S. XVIII<\/p>\n\n\n\n<p>No catalogat ni digitalitzat<\/p>\n\n\n\n<p><\/p>\n\n\n\n<p><strong>XVI-2705<\/strong><\/p>\n\n\n\n<p>Ruscelli, Girolamo.&nbsp;<em>Le Imprese illvstri\u202f: con espositioni et discorsi<\/em>. 1580.<\/p>\n\n\n\n<ul class=\"wp-block-list\">\n<li>Enlla\u00e7 al registre de cat\u00e0leg:<\/li>\n<\/ul>\n\n\n\n<p><a href=\"https:\/\/cercabib.ub.edu\/permalink\/34CSUC_UB\/1eiigjf\/alma991002446689706708\">https:\/\/cercabib.ub.edu\/permalink\/34CSUC_UB\/1eiigjf\/alma991002446689706708<\/a><\/p>\n\n\n\n<p>No digitalitzat<\/p>\n\n\n\n<p><strong>C-214\/2\/9 i 10<\/strong><\/p>\n\n\n\n<p>L\u00f3pez de Haro, Alonso. <em>Nobiliario genealogico de los reyes y titulos de Espa\u00f1a <\/em>&#8230;&nbsp; Madrid : Luis Sanchez, 1622. 2 volums.<\/p>\n\n\n\n<ul class=\"wp-block-list\">\n<li>Enlla\u00e7 al registre de cat\u00e0leg: <a href=\"https:\/\/cercabib.ub.edu\/permalink\/34CSUC_UB\/1eiigjf\/alma991003239239706708\">https:\/\/cercabib.ub.edu\/permalink\/34CSUC_UB\/1eiigjf\/alma991003239239706708<\/a><\/li>\n<\/ul>\n\n\n\n<ul class=\"wp-block-list\">\n<li>Enlla\u00e7 a la c\u00f2pia digital d\u2019un altre exemplar:<\/li>\n<\/ul>\n\n\n\n<p>Vol. 1: <a href=\"http:\/\/www.bibgirona.cat\/pandora\/details.vm?lang=ca&amp;view=Ripoll&amp;q=id:0000000364\">http:\/\/www.bibgirona.cat\/pandora\/details.vm?lang=ca&amp;view=Ripoll&amp;q=id:0000000364<\/a><\/p>\n\n\n\n<p>Vol. 2: <a href=\"http:\/\/www.bibgirona.cat\/pandora\/details.vm?lang=ca&amp;view=Ripoll&amp;q=id:0000000365\">http:\/\/www.bibgirona.cat\/pandora\/details.vm?lang=ca&amp;view=Ripoll&amp;q=id:0000000365<\/a><\/p>\n\n\n\n<p><strong>XVII-1883-1885<\/strong><\/p>\n\n\n\n<p>Salazar y Castro, Luis de. <em>Historia genealogica de la Casa de Lara : justificada con instrumentos y escritores de inuiolable fe<\/em>. Madrid : Imprenta Real, Mateo de Llanos y Guzman, 1696-1697. 3 volums.<\/p>\n\n\n\n<ul class=\"wp-block-list\">\n<li>Enlla\u00e7 al registre de cat\u00e0leg:<\/li>\n<\/ul>\n\n\n\n<p><a href=\"https:\/\/cercabib.ub.edu\/permalink\/34CSUC_UB\/1eiigjf\/alma991002231159706708\">https:\/\/cercabib.ub.edu\/permalink\/34CSUC_UB\/1eiigjf\/alma991002231159706708<\/a><\/p>\n\n\n\n<ul class=\"wp-block-list\">\n<li>Enlla\u00e7 a la c\u00f2pia digital d\u2019un altre exemplar:<\/li>\n<\/ul>\n\n\n\n<p>Vol. 1: <a href=\"http:\/\/www.bibgirona.cat\/pandora\/details.vm?lang=ca&amp;view=Ripoll&amp;q=id:0000001042\">http:\/\/www.bibgirona.cat\/pandora\/details.vm?lang=ca&amp;view=Ripoll&amp;q=id:0000001042<\/a><\/p>\n\n\n\n<p>&nbsp;Vol. 2: <a href=\"http:\/\/www.bibgirona.cat\/pandora\/details.vm?lang=ca&amp;view=Ripoll&amp;q=id:0000001043\">http:\/\/www.bibgirona.cat\/pandora\/details.vm?lang=ca&amp;view=Ripoll&amp;q=id:0000001043<\/a><\/p>\n\n\n\n<p>Vol. 3 <a href=\"http:\/\/www.bibgirona.cat\/pandora\/details.vm?lang=ca&amp;view=Ripoll&amp;q=id:0000001044\">http:\/\/www.bibgirona.cat\/pandora\/details.vm?lang=ca&amp;view=Ripoll&amp;q=id:0000001044<\/a><\/p>\n\n\n\n<p><\/p>\n\n\n\n<p><strong>XVIII-6740-6741<\/strong><\/p>\n\n\n\n<p>Garma i de Duran, Francesc Xavier de. <em>Adarga catalana : arte heraldica y practicas reglas del blason. <\/em>1753. 2 volums.<\/p>\n\n\n\n<ul class=\"wp-block-list\">\n<li>Enlla\u00e7 al registre de cat\u00e0leg:<\/li>\n<\/ul>\n\n\n\n<p><a href=\"https:\/\/cercabib.ub.edu\/permalink\/34CSUC_UB\/1eiigjf\/alma991003083429706708\">https:\/\/cercabib.ub.edu\/permalink\/34CSUC_UB\/1eiigjf\/alma991003083429706708<\/a><\/p>\n\n\n\n<ul class=\"wp-block-list\">\n<li>Enlla\u00e7 a la c\u00f2pia digital d\u2019un altre exemplar:<\/li>\n<\/ul>\n\n\n\n<p><a href=\"https:\/\/books.google.es\/books?vid=BDM:13020100029223&amp;hl=ca&amp;printsec=frontcover#v=onepage&amp;q&amp;f=false\"><\/a>Vol. 1: <a href=\"https:\/\/www.bibgirona.cat\/pandora\/viewer.vm?id=0000000741&amp;page=1&amp;lang=ca\">https:\/\/www.bibgirona.cat\/pandora\/viewer.vm?id=0000000741&amp;page=1&amp;lang=ca<\/a><\/p>\n\n\n\n<p>Vol. 2: <a href=\"https:\/\/www.bibgirona.cat\/pandora\/viewer.vm?id=0000000742&amp;page=1&amp;lang=ca\">https:\/\/www.bibgirona.cat\/pandora\/viewer.vm?id=0000000742&amp;page=1&amp;lang=ca<\/a><\/p>\n\n\n\n<p><strong>B-Es-XVIII-An\u00f2nim. 406<\/strong><\/p>\n\n\n\n<p><em>Las Armas del Rey de Francia, A\u00f1o de 1732. Las Armas del Rey de Espa\u00f1a. Las Armas del Elector de Treveris. Las Armas del duque de Parma y Plasencia. <\/em>1732<\/p>\n\n\n\n<ul class=\"wp-block-list\">\n<li>Enlla\u00e7 al registre de cat\u00e0leg:<\/li>\n<\/ul>\n\n\n\n<p><a href=\"https:\/\/cercabib.ub.edu\/permalink\/34CSUC_UB\/1eiigjf\/alma991002732719706708\">https:\/\/cercabib.ub.edu\/permalink\/34CSUC_UB\/1eiigjf\/alma991002732719706708<\/a><\/p>\n\n\n\n<ul class=\"wp-block-list\">\n<li>Enlla\u00e7 a la c\u00f2pia digital:<\/li>\n<\/ul>\n\n\n\n<p><a href=\"https:\/\/mdc.csuc.cat\/digital\/collection\/gravatsBRUB\/id\/890\">https:\/\/mdc.csuc.cat\/digital\/collection\/gravatsBRUB\/id\/890<\/a><\/p>\n\n\n\n<p><strong>B-Es-XVIII-An\u00f2nim. 407<\/strong><\/p>\n\n\n\n<p><em>Armas del emperador ; Armas del dvqve de Lorena ; Armas del Rey de la Gran Breta\u00f1a ; Armas del rey de Svezia.<\/em><\/p>\n\n\n\n<ul class=\"wp-block-list\">\n<li>Enlla\u00e7 al registre de cat\u00e0leg:<\/li>\n<\/ul>\n\n\n\n<p><a href=\"https:\/\/cercabib.ub.edu\/permalink\/34CSUC_UB\/1eiigjf\/alma991002732799706708\">https:\/\/cercabib.ub.edu\/permalink\/34CSUC_UB\/1eiigjf\/alma991002732799706708<\/a><\/p>\n\n\n\n<ul class=\"wp-block-list\">\n<li>Enlla\u00e7 a la c\u00f2pia digital:<\/li>\n<\/ul>\n\n\n\n<p><a href=\"https:\/\/mdc.csuc.cat\/digital\/collection\/gravatsBRUB\/id\/891\">https:\/\/mdc.csuc.cat\/digital\/collection\/gravatsBRUB\/id\/891<\/a><\/p>\n\n\n\n<p><strong>B-Es-XVIII-An\u00f2nim. 408<\/strong><\/p>\n\n\n\n<p><em>Armas del Elector de Saxonia. Armas del Rey de Polonia. Armas del Elector de Brandebour. Armas del Svltan de los Tvrcos<\/em><\/p>\n\n\n\n<ul class=\"wp-block-list\">\n<li>Enlla\u00e7 al registre de cat\u00e0leg:<\/li>\n<\/ul>\n\n\n\n<p><a href=\"https:\/\/cercabib.ub.edu\/permalink\/34CSUC_UB\/1eiigjf\/alma991002732839706708\">https:\/\/cercabib.ub.edu\/permalink\/34CSUC_UB\/1eiigjf\/alma991002732839706708<\/a><\/p>\n\n\n\n<ul class=\"wp-block-list\">\n<li>Enlla\u00e7 a la c\u00f2pia digital:<\/li>\n<\/ul>\n\n\n\n<p><a href=\"https:\/\/mdc.csuc.cat\/digital\/collection\/gravatsBRUB\/id\/846\">https:\/\/mdc.csuc.cat\/digital\/collection\/gravatsBRUB\/id\/846<\/a><\/p>\n\n\n\n<p><strong>B-Es-XVIII-An\u00f2nim. 409<\/strong><\/p>\n\n\n\n<p><em>Armas del elector de Baviera. Armas del zar de Moscobia. Armas del elector de Brunswich o Hanover. Armas del elector Palatino<\/em><\/p>\n\n\n\n<ul class=\"wp-block-list\">\n<li>Enlla\u00e7 al registre de cat\u00e0leg:<\/li>\n<\/ul>\n\n\n\n<p><a href=\"https:\/\/cercabib.ub.edu\/permalink\/34CSUC_UB\/1eiigjf\/alma991002732939706708\">https:\/\/cercabib.ub.edu\/permalink\/34CSUC_UB\/1eiigjf\/alma991002732939706708<\/a><\/p>\n\n\n\n<ul class=\"wp-block-list\">\n<li>Enlla\u00e7 a la c\u00f2pia digital:<\/li>\n<\/ul>\n\n\n\n<p><a href=\"https:\/\/mdc.csuc.cat\/digital\/collection\/gravatsBRUB\/id\/844\">https:\/\/mdc.csuc.cat\/digital\/collection\/gravatsBRUB\/id\/844<\/a><\/p>\n\n\n\n<p><strong>B-Es-XVIII-An\u00f2nim. 410<\/strong><\/p>\n\n\n\n<p><em>Armas de la Republica de Luca. Armas de la Republica de Genova. Las Armas del Granduque de Toscana. Armas del Duque de Modena<\/em><\/p>\n\n\n\n<ul class=\"wp-block-list\">\n<li>Enlla\u00e7 al registre de cat\u00e0leg:<\/li>\n<\/ul>\n\n\n\n<p><a href=\"https:\/\/cercabib.ub.edu\/permalink\/34CSUC_UB\/1eiigjf\/alma991002732979706708\">https:\/\/cercabib.ub.edu\/permalink\/34CSUC_UB\/1eiigjf\/alma991002732979706708<\/a><\/p>\n\n\n\n<ul class=\"wp-block-list\">\n<li>Enlla\u00e7 a la c\u00f2pia digital:<\/li>\n<\/ul>\n\n\n\n<p><a href=\"https:\/\/mdc.csuc.cat\/digital\/collection\/gravatsBRUB\/id\/845\">https:\/\/mdc.csuc.cat\/digital\/collection\/gravatsBRUB\/id\/845<\/a><\/p>\n","protected":false},"excerpt":{"rendered":"<p>El passat 5 de juny del 2024, vam visitar el departament del Fons antic de llibres de la Universitat de Barcelona que, amb el nom&nbsp;CRAI&nbsp;\u2013Centre de Recursos per a l&#8217;Aprenentatge i la Investigaci\u00f3- \u00e9s un lloc on poder trobar informaci\u00f3 interessant de les nostres mat\u00e8ries, com ara la genealogia, l&#8217;her\u00e0ldica i, per descomptat, de la &#8230;<\/p>\n<p><a href=\"https:\/\/iafgh.cat\/?p=2425\" class=\"more-link\">More <span class=\"meta-nav\">&rarr;<\/span><\/a><\/p>\n","protected":false},"author":1,"featured_media":2427,"comment_status":"closed","ping_status":"closed","sticky":false,"template":"","format":"standard","meta":{"footnotes":""},"categories":[1],"tags":[],"class_list":["post-2425","post","type-post","status-publish","format-standard","has-post-thumbnail","hentry","category-general"],"_links":{"self":[{"href":"https:\/\/iafgh.cat\/index.php?rest_route=\/wp\/v2\/posts\/2425","targetHints":{"allow":["GET"]}}],"collection":[{"href":"https:\/\/iafgh.cat\/index.php?rest_route=\/wp\/v2\/posts"}],"about":[{"href":"https:\/\/iafgh.cat\/index.php?rest_route=\/wp\/v2\/types\/post"}],"author":[{"embeddable":true,"href":"https:\/\/iafgh.cat\/index.php?rest_route=\/wp\/v2\/users\/1"}],"replies":[{"embeddable":true,"href":"https:\/\/iafgh.cat\/index.php?rest_route=%2Fwp%2Fv2%2Fcomments&post=2425"}],"version-history":[{"count":2,"href":"https:\/\/iafgh.cat\/index.php?rest_route=\/wp\/v2\/posts\/2425\/revisions"}],"predecessor-version":[{"id":2429,"href":"https:\/\/iafgh.cat\/index.php?rest_route=\/wp\/v2\/posts\/2425\/revisions\/2429"}],"wp:featuredmedia":[{"embeddable":true,"href":"https:\/\/iafgh.cat\/index.php?rest_route=\/wp\/v2\/media\/2427"}],"wp:attachment":[{"href":"https:\/\/iafgh.cat\/index.php?rest_route=%2Fwp%2Fv2%2Fmedia&parent=2425"}],"wp:term":[{"taxonomy":"category","embeddable":true,"href":"https:\/\/iafgh.cat\/index.php?rest_route=%2Fwp%2Fv2%2Fcategories&post=2425"},{"taxonomy":"post_tag","embeddable":true,"href":"https:\/\/iafgh.cat\/index.php?rest_route=%2Fwp%2Fv2%2Ftags&post=2425"}],"curies":[{"name":"wp","href":"https:\/\/api.w.org\/{rel}","templated":true}]}}