{"id":2393,"date":"2024-03-19T12:48:06","date_gmt":"2024-03-19T12:48:06","guid":{"rendered":"https:\/\/iafgh.cat\/?p=2393"},"modified":"2024-05-31T08:29:46","modified_gmt":"2024-05-31T08:29:46","slug":"cicle-de-conferencies-icgenher-2","status":"publish","type":"post","link":"https:\/\/iafgh.cat\/?p=2393","title":{"rendered":"Cicle de confer\u00e8ncies\u00a0ICGenHer"},"content":{"rendered":"\n<p>organitzades per l&#8217;UNAM&nbsp;de M\u00e8xic. &#8220;<em>Seminario&nbsp;Permanente&nbsp;de Paleografia&nbsp;y&nbsp;Dipolom\u00e1tica<\/em>&#8221; dirigida pel Dr.&nbsp;Miguel&nbsp;\u00c1ngel&nbsp;Cer\u00f3n i coordinades a Barcelona per Ignasi Ametlla.&nbsp;<\/p>\n\n\n\n<p>V\u00eddeo&nbsp;confer\u00e8ncies: aquestes&nbsp;confer\u00e8ncies&nbsp;les podreu seguir per Facebook (https;\/\/www.facebook.com\/sepepadi\/) i les penjarem a la p\u00e0gina web de la ICGenHer.<\/p>\n\n\n\n<p><\/p>\n\n\n\n<p class=\"has-white-color has-vivid-cyan-blue-to-vivid-purple-gradient-background has-text-color has-background has-link-color wp-elements-3fd618fbc887527ff357f10c5937ca64\">Divendres 12 d\u2019abril del 2024, a les 18 h.<\/p>\n\n\n\n<h2 class=\"wp-block-heading\">&#8220;La Her\u00e1ldica como signo de identidad&#8221;.<\/h2>\n\n\n\n<p>Dra. Leticia Darna i Galobart<\/p>\n\n\n\n<p><em>Socia i fundadora de la ICGenHer<\/em><\/p>\n\n\n\n<p>L&#8217;her\u00e0ldica \u00e9s un sistema nascut a principis del segle XII en tot l&#8217;Occident europeu medieval. Els artistes l&#8217;han volgut plasmar al llarg de la hist\u00f2ria en les seves obres arquitect\u00f2niques, escult\u00f2riques i pict\u00f2riques. Aqu\u00ed s&#8217;analitzen i estudien les manifestacions her\u00e0ldiques com a signe d&#8217;identificaci\u00f3 dels personatges de la reialesa, noblesa, Esgl\u00e9sia, de les corporacions gremials, i tamb\u00e9 la dels pagesos. Aquestes manifestacions es veuen reflectides en la sigil\u00b7lografia, l&#8217;arquitectura, l&#8217;escultura dels sepulcres, claus de volta i capitells tant en les catedrals com als castells o edificis civils, en les pintures al fresc o en retaules, cassetonats o en l&#8217;orfebreria. Tot aix\u00f2 com a instrument hist\u00f2ric en la cronologia i autoria d&#8217;edificis o obres d&#8217;art.<\/p>\n\n\n\n<figure class=\"wp-block-image size-full\"><a href=\"https:\/\/iafgh.cat\/wp-content\/uploads\/2024\/04\/17.jpg\"><img loading=\"lazy\" decoding=\"async\" width=\"304\" height=\"301\" src=\"https:\/\/iafgh.cat\/wp-content\/uploads\/2024\/04\/17.jpg\" alt=\"\" class=\"wp-image-2413\" srcset=\"https:\/\/iafgh.cat\/wp-content\/uploads\/2024\/04\/17.jpg 304w, https:\/\/iafgh.cat\/wp-content\/uploads\/2024\/04\/17-300x297.jpg 300w, https:\/\/iafgh.cat\/wp-content\/uploads\/2024\/04\/17-150x150.jpg 150w\" sizes=\"auto, (max-width: 304px) 100vw, 304px\" \/><\/a><\/figure>\n\n\n\n<figure class=\"wp-block-embed is-type-video is-provider-youtube wp-block-embed-youtube wp-embed-aspect-16-9 wp-has-aspect-ratio\"><div class=\"wp-block-embed__wrapper\">\n<iframe loading=\"lazy\" title=\"LA HER\u00c1LDICA COMO SIGNO DE IDENTIDAD, Dra. Leticia Darna.\" width=\"660\" height=\"371\" src=\"https:\/\/www.youtube.com\/embed\/MHZSBlXwX3A?start=25&#038;feature=oembed\" frameborder=\"0\" allow=\"accelerometer; autoplay; clipboard-write; encrypted-media; gyroscope; picture-in-picture; web-share\" referrerpolicy=\"strict-origin-when-cross-origin\" allowfullscreen><\/iframe>\n<\/div><\/figure>\n\n\n\n<h2 class=\"wp-block-heading\"><\/h2>\n\n\n\n<p class=\"has-white-color has-vivid-cyan-blue-to-vivid-purple-gradient-background has-text-color has-background has-link-color wp-elements-7bc76c36bcc299244501e532b1ea0c8b\">Divendres 27 de setembre de 2024, a les 17 h.<\/p>\n\n\n\n<h2 class=\"wp-block-heading\">&#8220;Asistencia, sociedad y escritura en la Europa Mediterr\u00e1nea (s. XIV-XVII)&#8221;.<\/h2>\n\n\n\n<h2 class=\"wp-block-heading\">Dr. Salvatore Marino<\/h2>\n\n\n\n<h2 class=\"wp-block-heading has-small-font-size\"><em>Professor de la UB<\/em>&nbsp;<\/h2>\n\n\n\n<p>La confer\u00e8ncia&nbsp;se&nbsp;centrar\u00e0 en les fonts escrites per a l&#8217;estudi dels grans hospitals urbans i de les societats mediterr\u00e0nies de la baixa edat mitjana i primera edat moderna. S&#8217;analitzaran diferents tipologies documentals: llibres comptables i patrimonials, inventaris, registres d&#8217;exp\u00f2sits, de nodrisses i de malalts, protocols notarials, privilegis reals i pontificis.<strong>&nbsp;<\/strong><\/p>\n\n\n\n<figure class=\"wp-block-image size-large is-resized\"><a href=\"https:\/\/iafgh.cat\/wp-content\/uploads\/2024\/04\/Sixtus-part.jpg\"><img loading=\"lazy\" decoding=\"async\" width=\"1024\" height=\"542\" src=\"https:\/\/iafgh.cat\/wp-content\/uploads\/2024\/04\/Sixtus-part-1024x542.jpg\" alt=\"\" class=\"wp-image-2408\" style=\"width:840px;height:auto\" srcset=\"https:\/\/iafgh.cat\/wp-content\/uploads\/2024\/04\/Sixtus-part-1024x542.jpg 1024w, https:\/\/iafgh.cat\/wp-content\/uploads\/2024\/04\/Sixtus-part-300x159.jpg 300w, https:\/\/iafgh.cat\/wp-content\/uploads\/2024\/04\/Sixtus-part-768x406.jpg 768w, https:\/\/iafgh.cat\/wp-content\/uploads\/2024\/04\/Sixtus-part-1536x813.jpg 1536w, https:\/\/iafgh.cat\/wp-content\/uploads\/2024\/04\/Sixtus-part-2048x1083.jpg 2048w, https:\/\/iafgh.cat\/wp-content\/uploads\/2024\/04\/Sixtus-part-1240x656.jpg 1240w, https:\/\/iafgh.cat\/wp-content\/uploads\/2024\/04\/Sixtus-part-508x269.jpg 508w\" sizes=\"auto, (max-width: 1024px) 100vw, 1024px\" \/><\/a><\/figure>\n\n\n\n<h2 class=\"wp-block-heading\">&nbsp;<\/h2>\n\n\n\n<p class=\"has-white-color has-vivid-cyan-blue-to-vivid-purple-gradient-background has-text-color has-background has-link-color wp-elements-ac21bd879fb6dfc44d65d91341bad2ca\">Divendres 11 d\u2019octubre de 2024, a les 17 h.<\/p>\n\n\n\n<h2 class=\"wp-block-heading\">&#8220;Del Portolano catal\u00e1n al mapamundi de Da Vinci&#8221;<\/h2>\n\n\n\n<h2 class=\"wp-block-heading\">Manel Capdevila i Maresma<\/h2>\n\n\n\n<h2 class=\"wp-block-heading has-small-font-size\"><em>Enginyer de sistemes, consultor i expert en hist\u00f2ria<\/em><\/h2>\n\n\n\n<p>Nascut a Arenys de Mar en 1945, \u00e9s un enginyer de sistemes, consultor i expert en hist\u00f2ria. La seva especialitzaci\u00f3 es troba en la ci\u00e8ncia medieval relacionada amb l&#8217;astronomia, l&#8217;alqu\u00edmia catalana i la ci\u00e8ncia n\u00e0utica. Aquestes \u00e0rees inclouen instruments n\u00e0utics, taules de navegaci\u00f3, cartografia catalana i portolans, p\u00f3lvora catalana i l&#8217;ampolleta catalana.<\/p>\n\n\n\n<p>La confer\u00e8ncia comen\u00e7a amb els cart\u00f2grafs catalans medievals, entre altres, Jafuda Cresques, fill d&#8217;Abraham Cresques, que segons Fangs i el Marqu\u00e8s de&nbsp;Santarem&nbsp;va ser qui va ensenyar als cart\u00f2grafs portuguesos a fer mapes, passant pel mapamundi de Leonardo de 1503 (amb projecci\u00f3 OCTANT) que \u00e9s el primer mapa amb el nom d&#8217;Am\u00e8rica, i acaba amb el primer mapa d&#8217;Austr\u00e0lia, fet en llengua catalana en Dieppe en 1547, i conservat en la&nbsp;Huntigton&nbsp;Library&nbsp;de la Berkeley University.<\/p>\n\n\n\n<figure class=\"wp-block-image size-full\"><a href=\"https:\/\/iafgh.cat\/wp-content\/uploads\/2024\/04\/mapa.jpg\"><img loading=\"lazy\" decoding=\"async\" width=\"440\" height=\"224\" src=\"https:\/\/iafgh.cat\/wp-content\/uploads\/2024\/04\/mapa.jpg\" alt=\"\" class=\"wp-image-2409\" srcset=\"https:\/\/iafgh.cat\/wp-content\/uploads\/2024\/04\/mapa.jpg 440w, https:\/\/iafgh.cat\/wp-content\/uploads\/2024\/04\/mapa-300x153.jpg 300w\" sizes=\"auto, (max-width: 440px) 100vw, 440px\" \/><\/a><\/figure>\n\n\n\n<p><\/p>\n\n\n\n<p class=\"has-white-color has-vivid-cyan-blue-to-vivid-purple-gradient-background has-text-color has-background has-link-color wp-elements-7ff1c8ba5e606e6e4372879282046310\">Divendres 25 d&#8217;octubre del 2022, a les 17 h.<\/p>\n\n\n\n<h2 class=\"wp-block-heading\">&#8220;Del Condado de Barcelona al Principado de Catalu\u00f1a&#8221;<\/h2>\n\n\n\n<h2 class=\"wp-block-heading\">Dr. Josep Serrano i Daura<\/h2>\n\n\n\n<h2 class=\"wp-block-heading has-small-font-size\"><em style=\"font-style: italic;\">Dr. en Dret<\/em>, <em>s<em>oci de la ICGenHer<\/em><\/em> <\/h2>\n\n\n\n<p>Aquesta intervenci\u00f3 presenta el proc\u00e9s de formaci\u00f3 dels comtats catalans arran de la conquesta carol\u00edngia contra els sarra\u00efns iniciada el s. VIII, fins a la conformaci\u00f3 del qual, a la fi del s. XII, es coneix com a Catalunya. Se seguir\u00e0 en tot cas, el proc\u00e9s de separaci\u00f3 d&#8217;aquells territoris respecte de la Monarquia franca a la fi del s. X, i la delimitaci\u00f3 territorial del nou Principat catal\u00e0 per Ramon Berenguer IV de Barcelona.<\/p>\n\n\n\n<figure class=\"wp-block-image size-full\"><a href=\"https:\/\/iafgh.cat\/wp-content\/uploads\/2024\/05\/Ramon-Berenguer.jpg\"><img loading=\"lazy\" decoding=\"async\" width=\"324\" height=\"596\" src=\"https:\/\/iafgh.cat\/wp-content\/uploads\/2024\/05\/Ramon-Berenguer.jpg\" alt=\"\" class=\"wp-image-2420\" srcset=\"https:\/\/iafgh.cat\/wp-content\/uploads\/2024\/05\/Ramon-Berenguer.jpg 324w, https:\/\/iafgh.cat\/wp-content\/uploads\/2024\/05\/Ramon-Berenguer-163x300.jpg 163w\" sizes=\"auto, (max-width: 324px) 100vw, 324px\" \/><\/a><\/figure>\n\n\n\n<p>Ramon Berenguer IV de Barcelona<\/p>\n\n\n\n<p>Confer\u00e8ncies transmeses per internet, Facebook Live: <a href=\"https:\/\/www.facebook.com\/sepepadi\/\">https:\/\/www.facebook.com\/sepepadi\/<\/a><\/p>\n","protected":false},"excerpt":{"rendered":"<p>organitzades per l&#8217;UNAM&nbsp;de M\u00e8xic. &#8220;Seminario&nbsp;Permanente&nbsp;de Paleografia&nbsp;y&nbsp;Dipolom\u00e1tica&#8221; dirigida pel Dr.&nbsp;Miguel&nbsp;\u00c1ngel&nbsp;Cer\u00f3n i coordinades a Barcelona per Ignasi Ametlla.&nbsp; V\u00eddeo&nbsp;confer\u00e8ncies: aquestes&nbsp;confer\u00e8ncies&nbsp;les podreu seguir per Facebook (https;\/\/www.facebook.com\/sepepadi\/) i les penjarem a la p\u00e0gina web de la ICGenHer. Divendres 12 d\u2019abril del 2024, a les 18 h. &#8220;La Her\u00e1ldica como signo de identidad&#8221;. Dra. Leticia Darna i Galobart Socia i &#8230;<\/p>\n<p><a href=\"https:\/\/iafgh.cat\/?p=2393\" class=\"more-link\">More <span class=\"meta-nav\">&rarr;<\/span><\/a><\/p>\n","protected":false},"author":1,"featured_media":2394,"comment_status":"closed","ping_status":"closed","sticky":false,"template":"","format":"standard","meta":{"footnotes":""},"categories":[1],"tags":[],"class_list":["post-2393","post","type-post","status-publish","format-standard","has-post-thumbnail","hentry","category-general"],"_links":{"self":[{"href":"https:\/\/iafgh.cat\/index.php?rest_route=\/wp\/v2\/posts\/2393","targetHints":{"allow":["GET"]}}],"collection":[{"href":"https:\/\/iafgh.cat\/index.php?rest_route=\/wp\/v2\/posts"}],"about":[{"href":"https:\/\/iafgh.cat\/index.php?rest_route=\/wp\/v2\/types\/post"}],"author":[{"embeddable":true,"href":"https:\/\/iafgh.cat\/index.php?rest_route=\/wp\/v2\/users\/1"}],"replies":[{"embeddable":true,"href":"https:\/\/iafgh.cat\/index.php?rest_route=%2Fwp%2Fv2%2Fcomments&post=2393"}],"version-history":[{"count":10,"href":"https:\/\/iafgh.cat\/index.php?rest_route=\/wp\/v2\/posts\/2393\/revisions"}],"predecessor-version":[{"id":2505,"href":"https:\/\/iafgh.cat\/index.php?rest_route=\/wp\/v2\/posts\/2393\/revisions\/2505"}],"wp:featuredmedia":[{"embeddable":true,"href":"https:\/\/iafgh.cat\/index.php?rest_route=\/wp\/v2\/media\/2394"}],"wp:attachment":[{"href":"https:\/\/iafgh.cat\/index.php?rest_route=%2Fwp%2Fv2%2Fmedia&parent=2393"}],"wp:term":[{"taxonomy":"category","embeddable":true,"href":"https:\/\/iafgh.cat\/index.php?rest_route=%2Fwp%2Fv2%2Fcategories&post=2393"},{"taxonomy":"post_tag","embeddable":true,"href":"https:\/\/iafgh.cat\/index.php?rest_route=%2Fwp%2Fv2%2Ftags&post=2393"}],"curies":[{"name":"wp","href":"https:\/\/api.w.org\/{rel}","templated":true}]}}