{"id":2346,"date":"2023-11-17T09:22:55","date_gmt":"2023-11-17T09:22:55","guid":{"rendered":"https:\/\/iafgh.cat\/?p=2346"},"modified":"2023-12-14T11:24:48","modified_gmt":"2023-12-14T11:24:48","slug":"presentacions-de-llibres","status":"publish","type":"post","link":"https:\/\/iafgh.cat\/?p=2346","title":{"rendered":"\u00d2pera Magna d&#8217;Armand de Fluvi\u00e0"},"content":{"rendered":"\n<p><\/p>\n\n\n\n<p><em>La ICGenHer i Armand de Fluvi\u00e0,<\/em><\/p>\n\n\n\n<p>El dimecres 13 de desembre, a les 19 h de la tarda, va tenir lloc la presentaci\u00f3 del segon volum (B) del llibre &#8220;Nobiliari General Catal\u00e0&#8221; d&#8217;Armand de Fluvi\u00e0, titulat &#8220;Llinatges i fam\u00edlies de la noblesa immemorial&#8221;. L&#8217;esdeveniment va tenir lloc a la prestigiosa Llibreria ONA de Barcelona, oferint una oportunitat \u00fanica per explorar aquesta obra dedicada a la genealogia nobili\u00e0ria catalana.<\/p>\n\n\n\n<p>La presentaci\u00f3 va ser condu\u00efda per distingits experts, entre ells Flocel Sebat\u00e9, doctor en hist\u00f2ria medieval, que va aportar una visi\u00f3 erudita al contingut del llibre. A m\u00e9s, Pedro Moreno-Meyerhoff, doctor en Dret i membre de la ICGenHer, va compartir la seva perspectiva experta, aportant un enfocament jur\u00eddic a la tem\u00e0tica. L&#8217;autor del llibre i president de la ICGenHer, Armand de Fluvi\u00e0 i Escorsa, va estar present per explicar el seu treball i respondre a preguntes del p\u00fablic.<\/p>\n\n\n\n<p>L&#8217;esdeveniment va ser una oportunitat \u00fanica per aprofundir en la rica hist\u00f2ria de la noblesa catalana i explorar els llinatges i les fam\u00edlies que han contribu\u00eft a la seva distingida hist\u00f2ria. La Llibreria ONA de Barcelona va ser el marc perfecte per a aquesta presentaci\u00f3, oferint un espai cultural on els amants de la hist\u00f2ria i la genealogia van poder connectar amb aquest fascinant aspecte del patrimoni catal\u00e0.<\/p>\n\n\n\n<figure class=\"wp-block-image size-large\"><a href=\"https:\/\/iafgh.cat\/wp-content\/uploads\/2023\/11\/Publisitat-Nobiliari2-scaled.jpg\"><img loading=\"lazy\" decoding=\"async\" width=\"1024\" height=\"612\" src=\"https:\/\/iafgh.cat\/wp-content\/uploads\/2023\/11\/Publisitat-Nobiliari2-1024x612.jpg\" alt=\"\" class=\"wp-image-2348\" srcset=\"https:\/\/iafgh.cat\/wp-content\/uploads\/2023\/11\/Publisitat-Nobiliari2-1024x612.jpg 1024w, https:\/\/iafgh.cat\/wp-content\/uploads\/2023\/11\/Publisitat-Nobiliari2-300x179.jpg 300w, https:\/\/iafgh.cat\/wp-content\/uploads\/2023\/11\/Publisitat-Nobiliari2-768x459.jpg 768w, https:\/\/iafgh.cat\/wp-content\/uploads\/2023\/11\/Publisitat-Nobiliari2-1536x918.jpg 1536w, https:\/\/iafgh.cat\/wp-content\/uploads\/2023\/11\/Publisitat-Nobiliari2-2048x1225.jpg 2048w, https:\/\/iafgh.cat\/wp-content\/uploads\/2023\/11\/Publisitat-Nobiliari2-1240x741.jpg 1240w, https:\/\/iafgh.cat\/wp-content\/uploads\/2023\/11\/Publisitat-Nobiliari2-508x304.jpg 508w\" sizes=\"auto, (max-width: 1024px) 100vw, 1024px\" \/><\/a><\/figure>\n\n\n\n<figure class=\"wp-block-embed is-type-video is-provider-youtube wp-block-embed-youtube wp-embed-aspect-16-9 wp-has-aspect-ratio\"><div class=\"wp-block-embed__wrapper\">\n<iframe loading=\"lazy\" title=\"Nobiliari General Catal\u00e0 d&#039;Armand de Fluvi\u00e0 per Flocel Sabat\u00e8, Dr. en historial medieval\" width=\"660\" height=\"371\" src=\"https:\/\/www.youtube.com\/embed\/Xe4clfgZ7-g?feature=oembed\" frameborder=\"0\" allow=\"accelerometer; autoplay; clipboard-write; encrypted-media; gyroscope; picture-in-picture; web-share\" referrerpolicy=\"strict-origin-when-cross-origin\" allowfullscreen><\/iframe>\n<\/div><figcaption class=\"wp-element-caption\"><strong>Flocel Sebat\u00e9<\/strong>, doctor en hist\u00f2ria medieval<\/figcaption><\/figure>\n\n\n\n<figure class=\"wp-block-embed is-type-video is-provider-youtube wp-block-embed-youtube wp-embed-aspect-16-9 wp-has-aspect-ratio\"><div class=\"wp-block-embed__wrapper\">\n<iframe loading=\"lazy\" title=\"Pedro Moreno-Meyerhoff, doctor en Dret i membre de la ICGenHer i Armand de Fluvi\u00e0\" width=\"660\" height=\"371\" src=\"https:\/\/www.youtube.com\/embed\/gwJyfYZCYl4?feature=oembed\" frameborder=\"0\" allow=\"accelerometer; autoplay; clipboard-write; encrypted-media; gyroscope; picture-in-picture; web-share\" referrerpolicy=\"strict-origin-when-cross-origin\" allowfullscreen><\/iframe>\n<\/div><figcaption class=\"wp-element-caption\"><strong>Pedro Moreno-Meyerhoff<\/strong>, doctor en Dret i membre de la ICGenHer<\/figcaption><\/figure>\n\n\n\n<figure class=\"wp-block-embed is-type-video is-provider-youtube wp-block-embed-youtube wp-embed-aspect-16-9 wp-has-aspect-ratio\"><div class=\"wp-block-embed__wrapper\">\n<iframe loading=\"lazy\" title=\"Nobiliari General Catal\u00e0 d&#039;Armand de Fluvi\u00e0\" width=\"660\" height=\"371\" src=\"https:\/\/www.youtube.com\/embed\/B_Gd-75gfrw?feature=oembed\" frameborder=\"0\" allow=\"accelerometer; autoplay; clipboard-write; encrypted-media; gyroscope; picture-in-picture; web-share\" referrerpolicy=\"strict-origin-when-cross-origin\" allowfullscreen><\/iframe>\n<\/div><figcaption class=\"wp-element-caption\"><strong>Armand de Fluvi\u00e0 i Escorsa<\/strong>, autor i president de la ICGenHer<\/figcaption><\/figure>\n","protected":false},"excerpt":{"rendered":"<p>La ICGenHer i Armand de Fluvi\u00e0, El dimecres 13 de desembre, a les 19 h de la tarda, va tenir lloc la presentaci\u00f3 del segon volum (B) del llibre &#8220;Nobiliari General Catal\u00e0&#8221; d&#8217;Armand de Fluvi\u00e0, titulat &#8220;Llinatges i fam\u00edlies de la noblesa immemorial&#8221;. L&#8217;esdeveniment va tenir lloc a la prestigiosa Llibreria ONA de Barcelona, oferint &#8230;<\/p>\n<p><a href=\"https:\/\/iafgh.cat\/?p=2346\" class=\"more-link\">More <span class=\"meta-nav\">&rarr;<\/span><\/a><\/p>\n","protected":false},"author":1,"featured_media":2379,"comment_status":"closed","ping_status":"closed","sticky":false,"template":"","format":"standard","meta":{"footnotes":""},"categories":[1],"tags":[],"class_list":["post-2346","post","type-post","status-publish","format-standard","has-post-thumbnail","hentry","category-general"],"_links":{"self":[{"href":"https:\/\/iafgh.cat\/index.php?rest_route=\/wp\/v2\/posts\/2346","targetHints":{"allow":["GET"]}}],"collection":[{"href":"https:\/\/iafgh.cat\/index.php?rest_route=\/wp\/v2\/posts"}],"about":[{"href":"https:\/\/iafgh.cat\/index.php?rest_route=\/wp\/v2\/types\/post"}],"author":[{"embeddable":true,"href":"https:\/\/iafgh.cat\/index.php?rest_route=\/wp\/v2\/users\/1"}],"replies":[{"embeddable":true,"href":"https:\/\/iafgh.cat\/index.php?rest_route=%2Fwp%2Fv2%2Fcomments&post=2346"}],"version-history":[{"count":8,"href":"https:\/\/iafgh.cat\/index.php?rest_route=\/wp\/v2\/posts\/2346\/revisions"}],"predecessor-version":[{"id":2382,"href":"https:\/\/iafgh.cat\/index.php?rest_route=\/wp\/v2\/posts\/2346\/revisions\/2382"}],"wp:featuredmedia":[{"embeddable":true,"href":"https:\/\/iafgh.cat\/index.php?rest_route=\/wp\/v2\/media\/2379"}],"wp:attachment":[{"href":"https:\/\/iafgh.cat\/index.php?rest_route=%2Fwp%2Fv2%2Fmedia&parent=2346"}],"wp:term":[{"taxonomy":"category","embeddable":true,"href":"https:\/\/iafgh.cat\/index.php?rest_route=%2Fwp%2Fv2%2Fcategories&post=2346"},{"taxonomy":"post_tag","embeddable":true,"href":"https:\/\/iafgh.cat\/index.php?rest_route=%2Fwp%2Fv2%2Ftags&post=2346"}],"curies":[{"name":"wp","href":"https:\/\/api.w.org\/{rel}","templated":true}]}}