{"id":2336,"date":"2023-10-31T11:26:23","date_gmt":"2023-10-31T11:26:23","guid":{"rendered":"https:\/\/iafgh.cat\/?p=2336"},"modified":"2025-01-06T20:50:20","modified_gmt":"2025-01-06T20:50:20","slug":"nobiliari-general-catala-volum-2-b","status":"publish","type":"post","link":"https:\/\/iafgh.cat\/?p=2336","title":{"rendered":"Nobiliari general catal\u00e0, volum 2-B"},"content":{"rendered":"\n<h1 class=\"wp-block-heading\" id=\"nobiliari-general-catala-les-families-nobles-catalanes-per-armand-de-fluvia\">&#8220;Nobiliari general catal\u00e0&#8221;, les fam\u00edlies nobles catalanes per Armand de Fluvi\u00e0<\/h1>\n\n\n\n<figure class=\"wp-block-image size-large\"><a href=\"https:\/\/www.youtube.com\/watch?v=f0Dk1wvLLvI\"><img loading=\"lazy\" decoding=\"async\" width=\"1024\" height=\"596\" src=\"https:\/\/iafgh.cat\/wp-content\/uploads\/2020\/07\/imatge1-1024x596.jpg\" alt=\"\" class=\"wp-image-1926\" srcset=\"https:\/\/iafgh.cat\/wp-content\/uploads\/2020\/07\/imatge1-1024x596.jpg 1024w, https:\/\/iafgh.cat\/wp-content\/uploads\/2020\/07\/imatge1-300x174.jpg 300w, https:\/\/iafgh.cat\/wp-content\/uploads\/2020\/07\/imatge1-768x447.jpg 768w, https:\/\/iafgh.cat\/wp-content\/uploads\/2020\/07\/imatge1-1536x893.jpg 1536w, https:\/\/iafgh.cat\/wp-content\/uploads\/2020\/07\/imatge1-1240x721.jpg 1240w, https:\/\/iafgh.cat\/wp-content\/uploads\/2020\/07\/imatge1-508x295.jpg 508w, https:\/\/iafgh.cat\/wp-content\/uploads\/2020\/07\/imatge1.jpg 1857w\" sizes=\"auto, (max-width: 1024px) 100vw, 1024px\" \/><\/a><\/figure>\n\n\n\n<p>El genealogista, heraldista i president de la Instituci\u00f3 Catalana de Genealogia i Her\u00e0ldica \u00e9s una de les persones que m\u00e9s sap de marquesos, ducs i comtes, \u00e9s a dir, de la noblesa. Armand de Fluvi\u00e0 ens ha vingut a presentar la seva opera magna, &#8220;Nobiliari general catal\u00e0&#8221;, una obra sobre les fam\u00edlies catalanes o d&#8217;origen catal\u00e0 que pertanyen a la noblesa.<\/p>\n\n\n\n<figure class=\"wp-block-image size-large\"><a href=\"https:\/\/www.youtube.com\/watch?v=f0Dk1wvLLvI\"><img loading=\"lazy\" decoding=\"async\" width=\"1024\" height=\"595\" src=\"https:\/\/iafgh.cat\/wp-content\/uploads\/2020\/07\/imatge2-1024x595.jpg\" alt=\"\" class=\"wp-image-1928\" srcset=\"https:\/\/iafgh.cat\/wp-content\/uploads\/2020\/07\/imatge2-1024x595.jpg 1024w, https:\/\/iafgh.cat\/wp-content\/uploads\/2020\/07\/imatge2-300x174.jpg 300w, https:\/\/iafgh.cat\/wp-content\/uploads\/2020\/07\/imatge2-768x446.jpg 768w, https:\/\/iafgh.cat\/wp-content\/uploads\/2020\/07\/imatge2-1536x892.jpg 1536w, https:\/\/iafgh.cat\/wp-content\/uploads\/2020\/07\/imatge2-1240x720.jpg 1240w, https:\/\/iafgh.cat\/wp-content\/uploads\/2020\/07\/imatge2-508x295.jpg 508w, https:\/\/iafgh.cat\/wp-content\/uploads\/2020\/07\/imatge2.jpg 1860w\" sizes=\"auto, (max-width: 1024px) 100vw, 1024px\" \/><\/a><\/figure>\n\n\n\n<p class=\"has-accent-color has-text-color\"><strong><em>Nou volum del <\/em><\/strong><\/p>\n\n\n\n<p class=\"has-accent-color has-text-color\"><strong>NOBILIARI GENERAL CATAL\u00c0.<\/strong><\/p>\n\n\n\n<p><strong>Volum&nbsp;II-B<\/strong><br>Llinatges i fam\u00edlies de la noblesa immemorial. Els magnats, nobles i cavallers que apareixen com a tals des del segle X al XIV.<\/p>\n\n\n\n<p>Escrit introductori per Flocel Sabater i Curull<\/p>\n\n\n\n<p>Volum&nbsp;II:<\/p>\n\n\n\n<p><\/p>\n\n\n\n<p><em>Novetat<\/em>&nbsp;(B): Montbr\u00fa, Montcada, Montcorb, Montesquiu, Montferrer, Montoliu, Montpalau, Mosset, Mur, \u00d2dena, Oms, Orioles, Or\u00eds-Manlleu, Palafolls, Palau (Despalau?), Palmerola, Palol (Palou?), Paracolls, Pau, Peguera, Penayfor, Perapertusa, Perell\u00f3s, Plegamans, Porqueres, Queix\u00e0s, Queralt (\u00f2lim Gurb), Queralt (Reard), Requesens, Ribelles, Rocacorba, Rocaverd, Rosanes, Saga, Sagarriga, Sagarriga (de Millars), Sagarriga (de Perpiny\u00e0), Sales, Salses, Samas\u00f3, Sanespleda (Senespleda), Santaeug\u00e8nia, Santapau, Santhip\u00f2lit, Santjuli\u00e0, Santmart\u00ed, Santvicen\u00e7, Saplana, Saportella, Sarri\u00e0, Srroca, Satrilla, Savall, Savassona, Segurioles, Senesterra, Sentmenat (Santmenat), Serrallonga, Sescomes, Sestorres (o Torres), So (abans Llo o Ali\u00f3), Talamanca, Taradell, Termens, Terrades, Timor, Toralla, Tornamira, Torroella (de Santaeug\u00e8nia-Montgr\u00ed), Torroella o Torrella, Torroja, Tost, Tous, Tregur\u00e0, Urtx, Vallgornera, Verg\u00f3s, Vernet, Vilademany, Vilademuls, Vilagelans, Vilagut, Vilanova, Vilaragut, Vilafranca, Voltreg\u00e0, Voltrera, Xetmar (o Xammar).<\/p>\n\n\n\n<p>Autor: Armand de Fluvi\u00e0<br>Pr\u00f2leg: Flocel Sabater i Curull<br>Escuts: Xavier Garcia i Laia Font<br>Relleu portada: Llu\u00eds Filella<br>Direcci\u00f3 i producci\u00f3: Ignasi Ametlla<br>Format: 30 x 42 cm (A3)<br>Presentaci\u00f3: Enquadernat en tela i daurat.<br>Paper: blanc-cru 100 gr.<br>ISBN:\u00a0978-84-941352-9-3 (Obra completa)<br>P\u00e0gines: 248, 88 fam\u00edlies i 56 escuts en color.<br>P.V.P .: 225 euros<\/p>\n\n\n\n<p><a href=\"mailto:armand@armanddefluvia.com\"><\/a>Informaci\u00f3 i compra:&nbsp;<a rel=\"noreferrer noopener\" href=\"mailto:correu@icgenher.cat\" target=\"_blank\">correu@icgenher.cat<\/a> <\/p>\n","protected":false},"excerpt":{"rendered":"<p>&#8220;Nobiliari general catal\u00e0&#8221;, les fam\u00edlies nobles catalanes per Armand de Fluvi\u00e0 El genealogista, heraldista i president de la Instituci\u00f3 Catalana de Genealogia i Her\u00e0ldica \u00e9s una de les persones que m\u00e9s sap de marquesos, ducs i comtes, \u00e9s a dir, de la noblesa. Armand de Fluvi\u00e0 ens ha vingut a presentar la seva opera magna, &#8230;<\/p>\n<p><a href=\"https:\/\/iafgh.cat\/?p=2336\" class=\"more-link\">More <span class=\"meta-nav\">&rarr;<\/span><\/a><\/p>\n","protected":false},"author":1,"featured_media":2337,"comment_status":"closed","ping_status":"closed","sticky":false,"template":"","format":"standard","meta":{"footnotes":""},"categories":[1],"tags":[],"class_list":["post-2336","post","type-post","status-publish","format-standard","has-post-thumbnail","hentry","category-general"],"_links":{"self":[{"href":"https:\/\/iafgh.cat\/index.php?rest_route=\/wp\/v2\/posts\/2336","targetHints":{"allow":["GET"]}}],"collection":[{"href":"https:\/\/iafgh.cat\/index.php?rest_route=\/wp\/v2\/posts"}],"about":[{"href":"https:\/\/iafgh.cat\/index.php?rest_route=\/wp\/v2\/types\/post"}],"author":[{"embeddable":true,"href":"https:\/\/iafgh.cat\/index.php?rest_route=\/wp\/v2\/users\/1"}],"replies":[{"embeddable":true,"href":"https:\/\/iafgh.cat\/index.php?rest_route=%2Fwp%2Fv2%2Fcomments&post=2336"}],"version-history":[{"count":2,"href":"https:\/\/iafgh.cat\/index.php?rest_route=\/wp\/v2\/posts\/2336\/revisions"}],"predecessor-version":[{"id":2571,"href":"https:\/\/iafgh.cat\/index.php?rest_route=\/wp\/v2\/posts\/2336\/revisions\/2571"}],"wp:featuredmedia":[{"embeddable":true,"href":"https:\/\/iafgh.cat\/index.php?rest_route=\/wp\/v2\/media\/2337"}],"wp:attachment":[{"href":"https:\/\/iafgh.cat\/index.php?rest_route=%2Fwp%2Fv2%2Fmedia&parent=2336"}],"wp:term":[{"taxonomy":"category","embeddable":true,"href":"https:\/\/iafgh.cat\/index.php?rest_route=%2Fwp%2Fv2%2Fcategories&post=2336"},{"taxonomy":"post_tag","embeddable":true,"href":"https:\/\/iafgh.cat\/index.php?rest_route=%2Fwp%2Fv2%2Ftags&post=2336"}],"curies":[{"name":"wp","href":"https:\/\/api.w.org\/{rel}","templated":true}]}}