{"id":2292,"date":"2023-05-11T12:46:20","date_gmt":"2023-05-11T12:46:20","guid":{"rendered":"https:\/\/iafgh.cat\/?p=2292"},"modified":"2023-05-11T12:50:37","modified_gmt":"2023-05-11T12:50:37","slug":"ignasi-casanovas-permanyer-recerca-dun-fons-historic-de-la-catalunya-vella","status":"publish","type":"post","link":"https:\/\/iafgh.cat\/?p=2292","title":{"rendered":"IGNASI CASANOVAS-PERMANYER. Recerca d&#8217;un fons\u00a0hist\u00f2ric\u00a0de la Catalunya Vella."},"content":{"rendered":"\n<p>Aquesta obra que teniu a les mans, ja sigui un dels volums o el conjunt que ha de tenir l\u2019edici\u00f3, t\u00e9 una import\u00e0ncia hist\u00f2rica de gran relleu, car s\u2019ha aplegat, organitzat i posat sobre la taula un grup documental prou desconegut per a la hist\u00f2ria de la Catalunya Vella. Particularment en l\u2019aplicaci\u00f3 del dret civil, de la praxi notarial, i del coneixement de les estructures socials de la pagesia i del conjunt de dades que aplega cada regest que ha fet.<\/p>\n\n\n\n<figure class=\"wp-block-image size-large\"><a href=\"https:\/\/iafgh.cat\/wp-content\/uploads\/2023\/05\/20230426_1906531-scaled.jpg\"><img loading=\"lazy\" decoding=\"async\" width=\"1024\" height=\"577\" src=\"https:\/\/iafgh.cat\/wp-content\/uploads\/2023\/05\/20230426_1906531-1024x577.jpg\" alt=\"\" class=\"wp-image-2293\" srcset=\"https:\/\/iafgh.cat\/wp-content\/uploads\/2023\/05\/20230426_1906531-1024x577.jpg 1024w, https:\/\/iafgh.cat\/wp-content\/uploads\/2023\/05\/20230426_1906531-300x169.jpg 300w, https:\/\/iafgh.cat\/wp-content\/uploads\/2023\/05\/20230426_1906531-768x432.jpg 768w, https:\/\/iafgh.cat\/wp-content\/uploads\/2023\/05\/20230426_1906531-1536x865.jpg 1536w, https:\/\/iafgh.cat\/wp-content\/uploads\/2023\/05\/20230426_1906531-2048x1153.jpg 2048w, https:\/\/iafgh.cat\/wp-content\/uploads\/2023\/05\/20230426_1906531-1240x698.jpg 1240w, https:\/\/iafgh.cat\/wp-content\/uploads\/2023\/05\/20230426_1906531-508x286.jpg 508w\" sizes=\"auto, (max-width: 1024px) 100vw, 1024px\" \/><\/a><\/figure>\n\n\n\n<p><br>En un temps en qu\u00e8 els notaris i un bon nombre dels seus documents reflectien la vida dom\u00e8stica i quotidiana aix\u00ed com les relacions agr\u00e0ries de la societat rural d\u2019una forma mai vista fins aleshores, l\u2019autor ens els ha servit en safates cronol\u00f2giques, documentades, ordenades, comprensibles, ben resumides i entenedores. I d\u2019aix\u00f2 en resulta una base s\u00f2lida i perfecta per realitzar estudis hist\u00f2rics de tota mena. Des de la baixa edat mitjana fins a l\u2019\u00e8poca moderna i ja ben entrats els segles XIX i XX, s\u00f3n un referent b\u00e0sic i una eina extraordin\u00e0ria que ajudaran a l\u2019estudi hist\u00f2ric. Podr\u00edem dir que s\u00f3n els fonaments de l\u2019edifici de l\u2019historiador.<br>La tasca de reunir dades familiars dins de l\u2019\u00e0rea gironina fins al segle XIX comporta el rep\u00e0s full per full de tots i cada un dels protocols notarials d\u2019una o diverses poblacions, perqu\u00e8 malauradament els notaris gironins no tenien el bon costum d\u2019afegir \u00edndexs als protocols. A m\u00e9s, cal estudiar altres llibres, lligalls, expedients i escrits d\u2019arxius de poblacions i institucions diverses on tingueren interessos i, a aix\u00f2, afegir-hi la documentaci\u00f3 eclesi\u00e0stica i d\u2019arxius patrimonials que es pugui arribar a tenir a l\u2019abast. La majoria de vegades, en no existir un llistat dels documents en els llibres, fa de la recerca una comesa pacient, lenta i constant, a voltes absolutament decebedora fins que apareix a la llum algun nou paper que dona altre impuls i esperan\u00e7a a la investigaci\u00f3.<\/p>\n\n\n\n<figure class=\"wp-block-image size-large\"><a href=\"https:\/\/iafgh.cat\/wp-content\/uploads\/2023\/05\/20230426_1953151-scaled.jpg\"><img loading=\"lazy\" decoding=\"async\" width=\"1024\" height=\"462\" src=\"https:\/\/iafgh.cat\/wp-content\/uploads\/2023\/05\/20230426_1953151-1024x462.jpg\" alt=\"\" class=\"wp-image-2296\" srcset=\"https:\/\/iafgh.cat\/wp-content\/uploads\/2023\/05\/20230426_1953151-1024x462.jpg 1024w, https:\/\/iafgh.cat\/wp-content\/uploads\/2023\/05\/20230426_1953151-300x135.jpg 300w, https:\/\/iafgh.cat\/wp-content\/uploads\/2023\/05\/20230426_1953151-768x346.jpg 768w, https:\/\/iafgh.cat\/wp-content\/uploads\/2023\/05\/20230426_1953151-1536x692.jpg 1536w, https:\/\/iafgh.cat\/wp-content\/uploads\/2023\/05\/20230426_1953151-2048x923.jpg 2048w, https:\/\/iafgh.cat\/wp-content\/uploads\/2023\/05\/20230426_1953151-1240x559.jpg 1240w, https:\/\/iafgh.cat\/wp-content\/uploads\/2023\/05\/20230426_1953151-508x229.jpg 508w\" sizes=\"auto, (max-width: 1024px) 100vw, 1024px\" \/><\/a><\/figure>\n\n\n\n<p><br>D\u2019acord amb el m\u00e8rit d\u2019aix\u00f2, l\u2019obra serveix en general als estudiosos del m\u00f3n rural i, d\u2019una manera expl\u00edcita, de la fam\u00edlia. Car la majoria de relacions de documents que trobem en aquesta publicaci\u00f3 s\u00f3n del contingut cronol\u00f2gic d\u2019un arxiu oficial, per\u00f2 aqu\u00ed ell ho ha establert per a 40 nissagues amb els documents que l\u2019acompanyen i donen fe de la seva exist\u00e8ncia.<\/p>\n\n\n\n<p><br>A m\u00e9s de ser una obra monumental de refer\u00e8ncia per a historiadors, tamb\u00e9 ho \u00e9s per a juristes. Perqu\u00e8 l\u2019autor, format en el m\u00f3n de les lleis, exerc\u00ed molts anys com a notari i aix\u00f2 l\u2019ha fet capa\u00e7 d\u2019interpretar i ajustar les seves refer\u00e8ncies al camp de les codificacions i usos i costums de la Catalunya Vella. En concret la documentaci\u00f3 que ens esmenta t\u00e9 una gran base de l\u2019antic Liber Iudiciorum, dels Usatges, dels usos i costums locals, de Girona i de Barcelona, aix\u00ed com el ius commune procedent del dret rom\u00e0 i de l\u2019eclesi\u00e0stic que tingueren tanta vig\u00e8ncia de l\u2019edat mitjana a l\u2019\u00e8poca moderna i s\u2019adaptaren a trav\u00e9s dels segles duent-nos a les codificacions del segle XIX, respectant el conjunt del dret civil catal\u00e0 que les havia format. (Extracte del pr\u00f2leg de Santiago de Llobet del segon volum)<\/p>\n\n\n\n<figure class=\"wp-block-embed is-type-video is-provider-youtube wp-block-embed-youtube wp-embed-aspect-16-9 wp-has-aspect-ratio\"><div class=\"wp-block-embed__wrapper\">\n<iframe loading=\"lazy\" title=\"La noblesa gironina de privilegi de generositat d&#039;Ignasi Casanovas-Permanyer i Casas\" width=\"660\" height=\"371\" src=\"https:\/\/www.youtube.com\/embed\/ijA9v7ySlyw?feature=oembed\" frameborder=\"0\" allow=\"accelerometer; autoplay; clipboard-write; encrypted-media; gyroscope; picture-in-picture; web-share\" referrerpolicy=\"strict-origin-when-cross-origin\" allowfullscreen><\/iframe>\n<\/div><figcaption class=\"wp-element-caption\">Dimecres 26 d&#8217;abril, presentaci\u00f3 a la llibreria Ona de Barcelona, a c\u00e0rrec de Josep M. Salrach, historiador; Jordi Mestres, qu\u00edmic i genealogista i l\u2019autor Ignasi Casanovas-Permanyer.<\/figcaption><\/figure>\n\n\n\n<p><\/p>\n\n\n\n<figure class=\"wp-block-embed is-type-video is-provider-youtube wp-block-embed-youtube wp-embed-aspect-16-9 wp-has-aspect-ratio\"><div class=\"wp-block-embed__wrapper\">\n<iframe loading=\"lazy\" title=\"La noblesa gironina de privilegi de generositat, a c\u00e0rrec de Jordi Mestres, qu\u00edmic i genealogista\" width=\"660\" height=\"371\" src=\"https:\/\/www.youtube.com\/embed\/nfA0Gex9MDo?feature=oembed\" frameborder=\"0\" allow=\"accelerometer; autoplay; clipboard-write; encrypted-media; gyroscope; picture-in-picture; web-share\" referrerpolicy=\"strict-origin-when-cross-origin\" allowfullscreen><\/iframe>\n<\/div><figcaption class=\"wp-element-caption\">Llibreria Ona, dimecres 26 d&#8217;abril, presentaci\u00f3 del llibre a c\u00e0rrec de Jordi Mestres, qu\u00edmic i genealogista.<\/figcaption><\/figure>\n\n\n\n<figure class=\"wp-block-embed is-type-video is-provider-youtube wp-block-embed-youtube wp-embed-aspect-16-9 wp-has-aspect-ratio\"><div class=\"wp-block-embed__wrapper\">\n<iframe loading=\"lazy\" title=\"1. Presentaci\u00f3 del llibre a c\u00e0rrec del Dr. Josep M. Salrach, catedr\u00e0tic de hist\u00f2ria\" width=\"660\" height=\"371\" src=\"https:\/\/www.youtube.com\/embed\/jSinsCqHlco?feature=oembed\" frameborder=\"0\" allow=\"accelerometer; autoplay; clipboard-write; encrypted-media; gyroscope; picture-in-picture; web-share\" referrerpolicy=\"strict-origin-when-cross-origin\" allowfullscreen><\/iframe>\n<\/div><figcaption class=\"wp-element-caption\">Presentaci\u00f3 del llibre a c\u00e0rrec del Dr. Josep M. Salrach, catedr\u00e0tic de hist\u00f2ria.<\/figcaption><\/figure>\n\n\n\n<figure class=\"wp-block-embed is-type-video is-provider-youtube wp-block-embed-youtube wp-embed-aspect-4-3 wp-has-aspect-ratio\"><div class=\"wp-block-embed__wrapper\">\n<iframe loading=\"lazy\" title=\"Presentaci\u00f3 del llibre a c\u00e0rrec del Dr. Josep M. Salrach, catedr\u00e0tic de hist\u00f2ria\" width=\"660\" height=\"371\" src=\"https:\/\/www.youtube.com\/embed\/osuIcFQcsC0?feature=oembed\" frameborder=\"0\" allow=\"accelerometer; autoplay; clipboard-write; encrypted-media; gyroscope; picture-in-picture; web-share\" referrerpolicy=\"strict-origin-when-cross-origin\" allowfullscreen><\/iframe>\n<\/div><figcaption class=\"wp-element-caption\">2 Presentaci\u00f3 del llibre a c\u00e0rrec del Dr. Josep M. Salrach, catedr\u00e0tic de hist\u00f2ria.<\/figcaption><\/figure>\n","protected":false},"excerpt":{"rendered":"<p>Aquesta obra que teniu a les mans, ja sigui un dels volums o el conjunt que ha de tenir l\u2019edici\u00f3, t\u00e9 una import\u00e0ncia hist\u00f2rica de gran relleu, car s\u2019ha aplegat, organitzat i posat sobre la taula un grup documental prou desconegut per a la hist\u00f2ria de la Catalunya Vella. Particularment en l\u2019aplicaci\u00f3 del dret civil, &#8230;<\/p>\n<p><a href=\"https:\/\/iafgh.cat\/?p=2292\" class=\"more-link\">More <span class=\"meta-nav\">&rarr;<\/span><\/a><\/p>\n","protected":false},"author":1,"featured_media":2294,"comment_status":"closed","ping_status":"closed","sticky":false,"template":"","format":"standard","meta":{"footnotes":""},"categories":[1],"tags":[],"class_list":["post-2292","post","type-post","status-publish","format-standard","has-post-thumbnail","hentry","category-general"],"_links":{"self":[{"href":"https:\/\/iafgh.cat\/index.php?rest_route=\/wp\/v2\/posts\/2292","targetHints":{"allow":["GET"]}}],"collection":[{"href":"https:\/\/iafgh.cat\/index.php?rest_route=\/wp\/v2\/posts"}],"about":[{"href":"https:\/\/iafgh.cat\/index.php?rest_route=\/wp\/v2\/types\/post"}],"author":[{"embeddable":true,"href":"https:\/\/iafgh.cat\/index.php?rest_route=\/wp\/v2\/users\/1"}],"replies":[{"embeddable":true,"href":"https:\/\/iafgh.cat\/index.php?rest_route=%2Fwp%2Fv2%2Fcomments&post=2292"}],"version-history":[{"count":1,"href":"https:\/\/iafgh.cat\/index.php?rest_route=\/wp\/v2\/posts\/2292\/revisions"}],"predecessor-version":[{"id":2297,"href":"https:\/\/iafgh.cat\/index.php?rest_route=\/wp\/v2\/posts\/2292\/revisions\/2297"}],"wp:featuredmedia":[{"embeddable":true,"href":"https:\/\/iafgh.cat\/index.php?rest_route=\/wp\/v2\/media\/2294"}],"wp:attachment":[{"href":"https:\/\/iafgh.cat\/index.php?rest_route=%2Fwp%2Fv2%2Fmedia&parent=2292"}],"wp:term":[{"taxonomy":"category","embeddable":true,"href":"https:\/\/iafgh.cat\/index.php?rest_route=%2Fwp%2Fv2%2Fcategories&post=2292"},{"taxonomy":"post_tag","embeddable":true,"href":"https:\/\/iafgh.cat\/index.php?rest_route=%2Fwp%2Fv2%2Ftags&post=2292"}],"curies":[{"name":"wp","href":"https:\/\/api.w.org\/{rel}","templated":true}]}}