{"id":2280,"date":"2023-04-26T08:19:02","date_gmt":"2023-04-26T08:19:02","guid":{"rendered":"https:\/\/iafgh.cat\/?p=2280"},"modified":"2023-05-11T13:12:36","modified_gmt":"2023-05-11T13:12:36","slug":"arxiu-nacional-de-catalunya-un-patrimonio-abierto-a-todos","status":"publish","type":"post","link":"https:\/\/iafgh.cat\/?p=2280","title":{"rendered":"&#8220;Arxiu Nacional de Catalunya&#8221;. Un patrimonio abierto a todos"},"content":{"rendered":"\n<p>Divendres, 28 d\u2019abril del 2023 a les&nbsp;18h.<\/p>\n\n\n\n<p>ICGenHer.<br><br>Cicle de confer\u00e8ncies&nbsp;ICGenHer, organitzades per a la&nbsp;UNAM&nbsp;de M\u00e8xic. \u201cSeminario&nbsp;Permanente&nbsp;de Paleografia&nbsp;y&nbsp;Dipolom\u00e1tica\u201d dirigida pel Dr. Miguel \u00c1ngel&nbsp;Cer\u00f3n&nbsp;i coordinades a Barcelona per Ignasi Ametlla.<\/p>\n\n\n\n<p><br><em><strong>Videoconfer\u00e8ncies<\/strong><\/em>: aquestes confer\u00e8ncies nom\u00e9s les podreu seguir per Facebook i les penjarem a la p\u00e0gina web de la&nbsp;ICGenHer.<\/p>\n\n\n\n<figure class=\"wp-block-embed is-type-video is-provider-youtube wp-block-embed-youtube wp-embed-aspect-16-9 wp-has-aspect-ratio\"><div class=\"wp-block-embed__wrapper\">\n<iframe loading=\"lazy\" title=\"Arxiu Nacional de Catalunya. Un patrimonio abierto a todos, impartida pel Dr. Miquel P\u00e9rez i Latre.\" width=\"660\" height=\"371\" src=\"https:\/\/www.youtube.com\/embed\/TurQogPDhpU?feature=oembed\" frameborder=\"0\" allow=\"accelerometer; autoplay; clipboard-write; encrypted-media; gyroscope; picture-in-picture; web-share\" referrerpolicy=\"strict-origin-when-cross-origin\" allowfullscreen><\/iframe>\n<\/div><figcaption class=\"wp-element-caption\"><strong>Divendres 28 d&#8217;abril del 2023<\/strong><br>&#8220;<em>Arxiu Nacional de Catalunya. Un patrimonio abierto a todos&#8221;,<\/em> impartida pel Dr. Miquel P\u00e9rez i Latre.<\/figcaption><\/figure>\n\n\n\n<p>Confer\u00e8ncia en castell\u00e0, sobre la import\u00e0ncia de l&#8217;Arxiu Nacional de Catalunya, per a la preservaci\u00f3 del patrimoni documental de Catalunya i la seva rellev\u00e0ncia per a la recerca i l&#8217;educaci\u00f3 en la hist\u00f2ria i la cultura del nostre pa\u00eds, impartida pel Dr. Miquel P\u00e9rez i&nbsp;Latre, responsable de difusi\u00f3 de l&#8217;ANC. El Sr. Miquel P\u00e9rez i&nbsp;Latre, \u00e9s la persona del centre encarregada de les tasques de comunicaci\u00f3 i difusi\u00f3 dels fons i documents que es conserven.<\/p>\n\n\n\n<p>DR. MIQUEL P\u00c9REZ i LATRE<br>Llicenciat en Hist\u00f2ria Moderna per a la UB (1992), i doctor en Hist\u00f2ria per la UPF (Institut Universitari d&#8217;Hist\u00f2ria Jaume Vicens Vives, 2001) amb la tesi Diputaci\u00f3 i Monarquia. El Poder Pol\u00edtic a Catalunya, 1563-1599. Membre del Cos d\u2019Arxivers de la Generalitat de Catalunya des del 2007. Treballa des de 1997 a l\u2019Arxiu Nacional de Catalunya.<\/p>\n\n\n\n<p>\u00c9s autor de:<\/p>\n\n\n\n<p>\u2022 Entre el rei i la terra. El poder pol\u00edtic a Catalunya al segle XVI. Vic: Eumo Editorial, 2004.<br>\u2022 La Generalitat de Catalunya en temps de Felip II. Pol\u00edtica, administraci\u00f3 i territori. Barcelona: Afers, 2004.<br>\u2022 \u201cDogmatizadores de malas doctrinas. Els juristes i les institucions catalanes en un temps de conflicte (1563-1602)\u201d, a Afers. Fulls de Recerca i Pensament, n\u00fam. 60 (Barcelona-Catarroja, 2008), p. 401-430.<br>\u2022 \u201cEls Llupi\u00e0 i la pol\u00edtica a l\u2019Edat Moderna\u201d, a Josep FERN\u00c1NDEZ TRABAL (dir.). Hist\u00f2ria dels Llupi\u00e0 (1088-1771) i dels seus llinatges incorporats: Icard, Roger i Vallseca. Perpiny\u00e0: Edicions Trabucaire, 2006, p. 141-184.<br>\u2022 \u201cPerviv\u00e8ncia i dissoluci\u00f3. La Corona d\u2019Arag\u00f3 en temps de Felip I (II)\u201d, a Ernest BELENGUER (dir.). Hist\u00f2ria de la Corona d\u2019Arag\u00f3, vol. II: L\u2019\u00c9poca moderna (1479-1715). Ferran II i els \u00c0ustria. Barcelona: Edicions 62, 2007, p. 213-248.<br>\u2022 \u201cL\u2019Arxiu Reial de Barcelona a les acaballes de la Catalunya sobirana: les propostes d\u2019endre\u00e7 de 1701-1702\u201d, a Antoni Saumell i Soler. Miscel\u00b7l\u00e0nia In Memoriam. Barcelona: Universitat Pompeu Fabra, 2007, p. 347-356.<br>\u2022 \u201cDesordenada llic\u00e8ncia o moderada llibertat: el govern de Catalunya a ulls dels ambaixadors (1557-1602)\u201d, a Joaquim ALBAREDA (i altres). Una relaci\u00f3 dif\u00edcil. Catalunya i l\u2019Espanya moderna. Barcelona: Editorial Base, 2007, p. 19-46.<br>\u2022 \u201cLes torbacions dels anys 1587-1593\u201d, a Som una naci\u00f3. 4. Catalunya oprimida. Aliances, guerres i dominis forans (segles XV-XVII), Barcelona: Edicions 62, 2007, p. 146-163.<br>\u2022 \u201cNuncis i ambaixadors a la Cort general de Catalunya (segle XVI)\u201d, a Remedios FERRERO i Llu\u00eds GUIA (eds.). Corts i Parlaments de la Corona d\u2019Arag\u00f3. Unes institucions emblem\u00e0tiques en una monarquia composta, Val\u00e8ncia: Universitat de Val\u00e8ncia, 2008, p. 163-180.<\/p>\n","protected":false},"excerpt":{"rendered":"<p>Divendres, 28 d\u2019abril del 2023 a les&nbsp;18h. ICGenHer. Cicle de confer\u00e8ncies&nbsp;ICGenHer, organitzades per a la&nbsp;UNAM&nbsp;de M\u00e8xic. \u201cSeminario&nbsp;Permanente&nbsp;de Paleografia&nbsp;y&nbsp;Dipolom\u00e1tica\u201d dirigida pel Dr. Miguel \u00c1ngel&nbsp;Cer\u00f3n&nbsp;i coordinades a Barcelona per Ignasi Ametlla. Videoconfer\u00e8ncies: aquestes confer\u00e8ncies nom\u00e9s les podreu seguir per Facebook i les penjarem a la p\u00e0gina web de la&nbsp;ICGenHer. Confer\u00e8ncia en castell\u00e0, sobre la import\u00e0ncia de l&#8217;Arxiu &#8230;<\/p>\n<p><a href=\"https:\/\/iafgh.cat\/?p=2280\" class=\"more-link\">More <span class=\"meta-nav\">&rarr;<\/span><\/a><\/p>\n","protected":false},"author":1,"featured_media":2289,"comment_status":"closed","ping_status":"closed","sticky":false,"template":"","format":"standard","meta":{"footnotes":""},"categories":[1],"tags":[],"class_list":["post-2280","post","type-post","status-publish","format-standard","has-post-thumbnail","hentry","category-general"],"_links":{"self":[{"href":"https:\/\/iafgh.cat\/index.php?rest_route=\/wp\/v2\/posts\/2280","targetHints":{"allow":["GET"]}}],"collection":[{"href":"https:\/\/iafgh.cat\/index.php?rest_route=\/wp\/v2\/posts"}],"about":[{"href":"https:\/\/iafgh.cat\/index.php?rest_route=\/wp\/v2\/types\/post"}],"author":[{"embeddable":true,"href":"https:\/\/iafgh.cat\/index.php?rest_route=\/wp\/v2\/users\/1"}],"replies":[{"embeddable":true,"href":"https:\/\/iafgh.cat\/index.php?rest_route=%2Fwp%2Fv2%2Fcomments&post=2280"}],"version-history":[{"count":5,"href":"https:\/\/iafgh.cat\/index.php?rest_route=\/wp\/v2\/posts\/2280\/revisions"}],"predecessor-version":[{"id":2301,"href":"https:\/\/iafgh.cat\/index.php?rest_route=\/wp\/v2\/posts\/2280\/revisions\/2301"}],"wp:featuredmedia":[{"embeddable":true,"href":"https:\/\/iafgh.cat\/index.php?rest_route=\/wp\/v2\/media\/2289"}],"wp:attachment":[{"href":"https:\/\/iafgh.cat\/index.php?rest_route=%2Fwp%2Fv2%2Fmedia&parent=2280"}],"wp:term":[{"taxonomy":"category","embeddable":true,"href":"https:\/\/iafgh.cat\/index.php?rest_route=%2Fwp%2Fv2%2Fcategories&post=2280"},{"taxonomy":"post_tag","embeddable":true,"href":"https:\/\/iafgh.cat\/index.php?rest_route=%2Fwp%2Fv2%2Ftags&post=2280"}],"curies":[{"name":"wp","href":"https:\/\/api.w.org\/{rel}","templated":true}]}}