{"id":2254,"date":"2023-03-31T11:44:46","date_gmt":"2023-03-31T11:44:46","guid":{"rendered":"https:\/\/iafgh.cat\/?p=2254"},"modified":"2023-04-20T11:52:40","modified_gmt":"2023-04-20T11:52:40","slug":"la-noblesa-gironina-de-privilegi-de-generositat-setge-de-la-forca-de-girona-1462","status":"publish","type":"post","link":"https:\/\/iafgh.cat\/?p=2254","title":{"rendered":"La noblesa gironina de privilegi de generositat. Setge de la for\u00e7a de Girona 1462"},"content":{"rendered":"\n<div class=\"wp-block-media-text alignwide is-stacked-on-mobile\"><figure class=\"wp-block-media-text__media\"><img loading=\"lazy\" decoding=\"async\" width=\"1024\" height=\"702\" src=\"https:\/\/iafgh.cat\/wp-content\/uploads\/2023\/03\/Targeta-de-presentacio-1024x702.jpg\" alt=\"\" class=\"wp-image-2256 size-full\" srcset=\"https:\/\/iafgh.cat\/wp-content\/uploads\/2023\/03\/Targeta-de-presentacio-1024x702.jpg 1024w, https:\/\/iafgh.cat\/wp-content\/uploads\/2023\/03\/Targeta-de-presentacio-300x206.jpg 300w, https:\/\/iafgh.cat\/wp-content\/uploads\/2023\/03\/Targeta-de-presentacio-768x526.jpg 768w, https:\/\/iafgh.cat\/wp-content\/uploads\/2023\/03\/Targeta-de-presentacio-1240x850.jpg 1240w, https:\/\/iafgh.cat\/wp-content\/uploads\/2023\/03\/Targeta-de-presentacio-508x348.jpg 508w, https:\/\/iafgh.cat\/wp-content\/uploads\/2023\/03\/Targeta-de-presentacio.jpg 1468w\" sizes=\"auto, (max-width: 1024px) 100vw, 1024px\" \/><\/figure><div class=\"wp-block-media-text__content\">\n<figure class=\"wp-block-table\"><table><tbody><tr><td><strong>Ignasi Casanovas-Permanyer i Cases<\/strong><\/td><\/tr><\/tbody><\/table><\/figure>\n\n\n\n<figure class=\"wp-block-video\"><video height=\"720\" style=\"aspect-ratio: 1280 \/ 720;\" width=\"1280\" controls src=\"https:\/\/iafgh.cat\/wp-content\/uploads\/2023\/04\/IMG_0667_1280x720.mp4\"><\/video><\/figure>\n\n\n\n<p>La col\u00b7lecci\u00f3 La Noblesa Gironina de Privilegi de Generositat. Setge de la for\u00e7a de Girona 1462, \u00e9s una iniciativa del Sr. <strong>Ignasi Casanovas-Permanyer i Casas <\/strong>i del<strong> Reial Estament Militar del Principat de Girona<\/strong><\/p>\n\n\n\n<p><strong>Primer volum<\/strong>. Aquesta obra recull tota la informaci\u00f3 que hem pogut trobar sobre la vida i obres d\u2019aquells pagesos que, essent senyors i titulars de la senyoria \u00fatil i propietaris de les seves cases, l\u2019estiu del 1462, a risc de la seva vida i del seu patrimoni, acudiren sense cap recan\u00e7a a defensar i alliberar la reina Joana Enr\u00edquez i el seu fill, el futur Ferran II el Cat\u00f2lic, que els distingiren amb la titulaci\u00f3 de generosos. Aquells pagesos conscients de la contesa foren els que aconseguiren despr\u00e9s l\u2019alliberament i la transformaci\u00f3 de la societat feudal i estamental que deix\u00e0 pas amb el temps a la claredat de l\u2019edat moderna i l\u2019edat contempor\u00e0nia, que \u00e9s la que s\u2019ha viscut fins avui. Tota aquesta hist\u00f2ria ha comportat l\u2019estudi de la genealogia i l\u2019her\u00e0ldica, disciplines i ci\u00e8ncies d\u2019una ajuda impagable, sense les quals no hauria estat possible aquest treball que oferim als amants dels estudis hist\u00f2rics i, per tant, de la genealogia i l\u2019her\u00e0ldica.<\/p>\n\n\n\n<p>L\u2019autor, <strong>Ignasi Casanovas-Permanyer i Cases<\/strong>, nascut a la ciutat de Barcelona l\u2019any 1940, com a descendent de fam\u00edlia de juristes i de metges, ha dedicat la seva vida a l\u2019estudi de la hist\u00f2ria i del dret. Llicenciat en dret per la Universitat de Barcelona, ha desenvolupat la seva professional en l\u2019\u00e0mbit de l\u2019administraci\u00f3. Ha estat interventor de l\u2019armada, secretari de primera categoria de l\u2019administraci\u00f3 local, oficial lletrat de l\u2019Ajuntament de Barcelona i notari de Barcelona. Ha dedicat els seus esfor\u00e7os i les estones lliures a l\u2019estudi de la genealogia i tamb\u00e9 de l\u2019her\u00e0ldica, primer de la seva fam\u00edlia i despr\u00e9s de les fam\u00edlies dels pagesos que l\u2019estiu de l\u2019any 1462 acudiren a la For\u00e7a Vella de Girona en defensa de Ferran II i la seva mare la reina Joana i foren ennoblits per aquests.<\/p>\n\n\n\n<p><\/p>\n\n\n\n<p><\/p>\n\n\n\n<p><em><strong>Privilegi de generositat, volum primer:<\/strong><\/em><\/p>\n\n\n\n<p><\/p>\n\n\n\n<p><strong>Els Albuss\u00e0<\/strong><\/p>\n\n\n\n<p><em>&nbsp;&nbsp;&nbsp;&nbsp;<\/em>Casa d\u2019Albuss\u00e0, ve\u00efnat de Casals, parr\u00f2quia de sant Andreu de Seriny\u00e0, comtat de Besal\u00fa i bisbat de Girona <em><\/em><\/p>\n\n\n\n<p><\/p>\n\n\n\n<p><strong>Els Almar<\/strong><\/p>\n\n\n\n<p>Casa d\u2019Almar, parr\u00f2quia de Sant Climent de Peralta, comarca del Baix Empord\u00e0, comtat d\u2019Emp\u00faries i bisbat de Girona <em><\/em><\/p>\n\n\n\n<p><\/p>\n\n\n\n<p><strong>Els Alzina<\/strong><\/p>\n\n\n\n<p>Casa d\u2019Alzina, ve\u00efnat de la Vall de Bai\u00f3, parr\u00f2quia de sant Andreu de Seriny\u00e0, comtat de Besal\u00fa, bisbat de Girona<\/p>\n\n\n\n<p><\/p>\n\n\n\n<p><strong>Els Benejam<\/strong><\/p>\n\n\n\n<p>Casa de Benejam, ve\u00efnat de la Farr\u00e9s, parr\u00f2quia de sant Feliu de Fontcoberta. comtat de Besal\u00fa i bisbat de Girona<\/p>\n\n\n\n<p><\/p>\n\n\n\n<p><strong>Els Bofill<\/strong><\/p>\n\n\n\n<p>Casa de Bofill, ve\u00efnat de sant Crist\u00f2fol de Raset, parr\u00f2quia de sant Gen\u00eds de Cervi\u00e0, comtat i bisbat de Girona<\/p>\n\n\n\n<p><\/p>\n\n\n\n<p><strong>Els Bosch<\/strong><\/p>\n\n\n\n<p>Casa de Bosch, Riudellots de la Selva, ciutat de Girona, vegueria i bisbat de Girona&nbsp;<\/p>\n\n\n\n<p>&nbsp;&nbsp;&nbsp;&nbsp;&nbsp;&nbsp;&nbsp;&nbsp;&nbsp;&nbsp;&nbsp;&nbsp;&nbsp;&nbsp;&nbsp;&nbsp;&nbsp;&nbsp;&nbsp;&nbsp;&nbsp;&nbsp;&nbsp;&nbsp;&nbsp;&nbsp;&nbsp;&nbsp;&nbsp;&nbsp;&nbsp;&nbsp;&nbsp;&nbsp;&nbsp;&nbsp;&nbsp;&nbsp;&nbsp;&nbsp;&nbsp;&nbsp;&nbsp;&nbsp;&nbsp;&nbsp;&nbsp;&nbsp;&nbsp;&nbsp;&nbsp;&nbsp;&nbsp;&nbsp;&nbsp;&nbsp;&nbsp;&nbsp;&nbsp;&nbsp;&nbsp;&nbsp;&nbsp;&nbsp;&nbsp;&nbsp;&nbsp;&nbsp;&nbsp;&nbsp;&nbsp;&nbsp;&nbsp;&nbsp;&nbsp;&nbsp;&nbsp;&nbsp;&nbsp;&nbsp;&nbsp;&nbsp;&nbsp;&nbsp;&nbsp;&nbsp;&nbsp;&nbsp;&nbsp;&nbsp;&nbsp;&nbsp;&nbsp;&nbsp;&nbsp;&nbsp;&nbsp;&nbsp;&nbsp;&nbsp;&nbsp;<\/p>\n\n\n\n<p><strong>Els Brugada<\/strong><\/p>\n\n\n\n<p>Casa de brugada, parr\u00f2quia de sant miquel de campmajor, comtat de besal\u00fa i bisbat de Girona<\/p>\n\n\n\n<p><\/p>\n\n\n\n<p><strong>Els Bruguera<\/strong><\/p>\n\n\n\n<p>Casa de Bruguera, ve\u00efnat de la Vall de Bai\u00f3, parr\u00f2quia de sant Andreu de Seriny\u00e0, comtat de Besal\u00fa i bisbat de Girona<\/p>\n\n\n\n<p>&nbsp;&nbsp;&nbsp;&nbsp;&nbsp;&nbsp;&nbsp;&nbsp;&nbsp;&nbsp;&nbsp;&nbsp;&nbsp;&nbsp;&nbsp;&nbsp;&nbsp;&nbsp;&nbsp;&nbsp;&nbsp;&nbsp;&nbsp;&nbsp;&nbsp;&nbsp;&nbsp;&nbsp;&nbsp;&nbsp;&nbsp;&nbsp;&nbsp;&nbsp;&nbsp;&nbsp;&nbsp;&nbsp;&nbsp;&nbsp;&nbsp;&nbsp;&nbsp;&nbsp;&nbsp;&nbsp;&nbsp;&nbsp;&nbsp;&nbsp;&nbsp;&nbsp;&nbsp;&nbsp;&nbsp;&nbsp;&nbsp;&nbsp;&nbsp;&nbsp;&nbsp;&nbsp;&nbsp;&nbsp;&nbsp;&nbsp;&nbsp;&nbsp;&nbsp;&nbsp;&nbsp;&nbsp;&nbsp;&nbsp;&nbsp;&nbsp;&nbsp;&nbsp;&nbsp;&nbsp;&nbsp;&nbsp;&nbsp;&nbsp;&nbsp;&nbsp;&nbsp;&nbsp;&nbsp;&nbsp;&nbsp;&nbsp;&nbsp;&nbsp;&nbsp;&nbsp;&nbsp;&nbsp;&nbsp;&nbsp;<\/p>\n\n\n\n<p><strong>Els Budall\u00e9s<\/strong><\/p>\n\n\n\n<p>Casa de Budall\u00e9s, ve\u00efnat de Vilafranca de Perduts, parr\u00f2quia de Sant Andreu de Seriny\u00e0, comtat de Besal\u00fa i bisbat de Girona<\/p>\n\n\n\n<p><\/p>\n\n\n\n<p><strong>Els Calm de Vilamala i de Conangles<\/strong><\/p>\n\n\n\n<p>Casa de Calm, parr\u00f2quia de Sant Esteve d\u2019en Bas, vescomtat de Bas, comtat de Besal\u00fa i bisbat de Girona&nbsp;&nbsp;&nbsp;&nbsp;&nbsp;&nbsp;&nbsp;&nbsp;&nbsp;&nbsp;&nbsp;&nbsp;&nbsp;&nbsp;&nbsp;&nbsp;&nbsp;&nbsp;&nbsp;&nbsp;&nbsp;&nbsp;&nbsp;&nbsp;&nbsp;&nbsp;&nbsp;&nbsp;&nbsp;&nbsp;&nbsp;&nbsp;&nbsp;&nbsp;&nbsp;&nbsp;&nbsp;&nbsp;&nbsp;&nbsp;&nbsp;&nbsp;&nbsp;&nbsp;&nbsp;&nbsp;&nbsp;&nbsp;&nbsp;&nbsp;&nbsp;&nbsp;&nbsp;&nbsp;&nbsp;&nbsp;&nbsp;&nbsp;&nbsp;&nbsp;&nbsp;&nbsp;&nbsp;&nbsp;&nbsp;&nbsp;&nbsp;&nbsp;<\/p>\n\n\n\n<p><strong>Els Carbonel<\/strong>l<\/p>\n\n\n\n<p>Casa de Carbonell, ve\u00efnat de Casals, sant Miquel Sesvinyes, parr\u00f2quia de Sant Andreu de Seriny\u00e0, comtat de Besal\u00fa i bisbat de Girona<\/p>\n\n\n\n<p><\/p>\n\n\n\n<p><strong>Els Carreres Damunt<\/strong><\/p>\n\n\n\n<p>Casa de Carreres d\u2019Amunt, ve\u00efnat de la Cellera d\u2019Amont, parr\u00f2quia de Sant Andreu de Seriny\u00e0, comtat de Besal\u00fa i di\u00f2cesi de Girona<\/p>\n\n\n\n<p><\/p>\n\n\n\n<p><strong>Els Carreres Davall<\/strong><\/p>\n\n\n\n<p>Casa de Carreres Davall, parr\u00f2quia de Sant Andreu de Seriny\u00e0, comtat de Besal\u00fa i bisbat de Girona<\/p>\n\n\n\n<ul class=\"wp-block-list\">\n<li><\/li>\n<\/ul>\n\n\n\n<p>&nbsp;&nbsp;&nbsp;&nbsp;&nbsp;&nbsp;&nbsp;&nbsp;&nbsp;&nbsp;&nbsp;&nbsp;&nbsp;&nbsp;&nbsp;&nbsp;&nbsp;&nbsp;&nbsp;&nbsp;&nbsp;&nbsp;&nbsp;&nbsp;&nbsp;&nbsp;&nbsp;&nbsp;&nbsp;&nbsp;&nbsp;&nbsp;&nbsp;&nbsp;&nbsp;&nbsp;&nbsp;&nbsp;&nbsp;&nbsp;&nbsp;&nbsp;&nbsp;&nbsp;&nbsp;&nbsp;&nbsp;&nbsp;&nbsp;&nbsp;&nbsp;&nbsp;&nbsp;&nbsp;&nbsp;&nbsp;&nbsp;&nbsp;&nbsp;&nbsp;&nbsp;&nbsp;&nbsp;&nbsp;&nbsp;&nbsp;&nbsp;&nbsp;&nbsp;&nbsp;&nbsp;&nbsp;&nbsp;&nbsp;&nbsp;&nbsp;&nbsp;&nbsp;&nbsp;&nbsp;&nbsp;&nbsp;&nbsp;&nbsp;&nbsp;&nbsp;&nbsp;&nbsp;&nbsp;&nbsp;&nbsp;&nbsp;&nbsp;&nbsp;&nbsp;&nbsp;&nbsp;&nbsp;&nbsp;&nbsp;&nbsp;&nbsp;&nbsp;&nbsp;&nbsp;&nbsp;&nbsp;&nbsp;&nbsp;Comprar el llibre:&nbsp;&nbsp;&nbsp;&nbsp;<a rel=\"noreferrer noopener\" href=\"https:\/\/www.zonallibres.cat\/\" data-type=\"URL\" data-id=\"https:\/\/www.zonallibres.cat\/\" target=\"_blank\">https:\/\/www.zonallibres.cat\/<\/a><\/p>\n<\/div><\/div>\n\n\n\n<ul class=\"wp-block-list\">\n<li>-Entrevista de\u00a0Clara Ribas,\u00a0periodista del diari El Punt Avui: <a href=\"https:\/\/www.elpuntavui.cat\/societat\/article\/5-societat\/2279662-44-pagesos-van-salvar-el-rei-ferran-el-catolic.html\">https:\/\/www.elpuntavui.cat\/societat\/article\/5-societat\/2279662-44-pagesos-van-salvar-el-rei-ferran-el-catolic.html<\/a><\/li>\n<\/ul>\n\n\n\n<p><\/p>\n\n\n\n<p><strong>Dimecres 26 d&#8217;abril<\/strong><br><mark style=\"background-color:rgba(0, 0, 0, 0)\" class=\"has-inline-color has-accent-color\">Presentaci\u00f3 a Barcelona:<\/mark><br><em>La noblesa gironina de privilegi de Generositat<\/em> d\u2019Ignasi Casanovas-Permanyer<\/p>\n\n\n\n<p>Presentaci\u00f3 del llibre a c\u00e0rrec de Josep M. Salrach, historiador; Jordi Mestres, qu\u00edmic i genealogista i l\u2019autor Ignasi Casanovas-Permanyer.<\/p>\n\n\n\n<p><strong>19.00 h, <\/strong>a la llibreria Ona, al carrer Pau Claris, 94 (Barcelona). Amb el suport de la llibreria ONA.<\/p>\n\n\n\n<p><br><br><strong>Dijous 18 de maig<\/strong><br><mark style=\"background-color:rgba(0, 0, 0, 0)\" class=\"has-inline-color has-accent-color\">Presentaci\u00f3 a Girona:<\/mark><br><em>La noblesa gironina de privilegi de Generositat<\/em> d\u2019Ignasi Casanovas-Permanyer<\/p>\n\n\n\n<p>Presentaci\u00f3 del llibre a c\u00e0rrec de Joan Boadas, arxiver; Jordi Mestres, qu\u00edmic i genealogista i l\u2019autor Sr. Ignasi Casanovas-Permanyer.<\/p>\n\n\n\n<p><strong>19.00 h, <\/strong>auditori Josep Viader \u2013 Casa de Cultura de Girona, Pl. de l\u2019Hospital, 6 (Girona). Amb el suport de la llibreria 22 de Girona.<\/p>\n","protected":false},"excerpt":{"rendered":"<p>Dimecres 26 d&#8217;abrilPresentaci\u00f3 a Barcelona:La noblesa gironina de privilegi de Generositat d\u2019Ignasi Casanovas-Permanyer Presentaci\u00f3 del llibre a c\u00e0rrec de Josep M. Salrach, historiador; Jordi Mestres, qu\u00edmic i genealogista i l\u2019autor Ignasi Casanovas-Permanyer. 19.00 h, a la llibreria Ona, al carrer Pau Claris, 94 (Barcelona). Amb el suport de la llibreria ONA. Dijous 18 de maigPresentaci\u00f3 &#8230;<\/p>\n<p><a href=\"https:\/\/iafgh.cat\/?p=2254\" class=\"more-link\">More <span class=\"meta-nav\">&rarr;<\/span><\/a><\/p>\n","protected":false},"author":1,"featured_media":2255,"comment_status":"closed","ping_status":"closed","sticky":false,"template":"","format":"standard","meta":{"footnotes":""},"categories":[1],"tags":[],"class_list":["post-2254","post","type-post","status-publish","format-standard","has-post-thumbnail","hentry","category-general"],"_links":{"self":[{"href":"https:\/\/iafgh.cat\/index.php?rest_route=\/wp\/v2\/posts\/2254","targetHints":{"allow":["GET"]}}],"collection":[{"href":"https:\/\/iafgh.cat\/index.php?rest_route=\/wp\/v2\/posts"}],"about":[{"href":"https:\/\/iafgh.cat\/index.php?rest_route=\/wp\/v2\/types\/post"}],"author":[{"embeddable":true,"href":"https:\/\/iafgh.cat\/index.php?rest_route=\/wp\/v2\/users\/1"}],"replies":[{"embeddable":true,"href":"https:\/\/iafgh.cat\/index.php?rest_route=%2Fwp%2Fv2%2Fcomments&post=2254"}],"version-history":[{"count":11,"href":"https:\/\/iafgh.cat\/index.php?rest_route=\/wp\/v2\/posts\/2254\/revisions"}],"predecessor-version":[{"id":2279,"href":"https:\/\/iafgh.cat\/index.php?rest_route=\/wp\/v2\/posts\/2254\/revisions\/2279"}],"wp:featuredmedia":[{"embeddable":true,"href":"https:\/\/iafgh.cat\/index.php?rest_route=\/wp\/v2\/media\/2255"}],"wp:attachment":[{"href":"https:\/\/iafgh.cat\/index.php?rest_route=%2Fwp%2Fv2%2Fmedia&parent=2254"}],"wp:term":[{"taxonomy":"category","embeddable":true,"href":"https:\/\/iafgh.cat\/index.php?rest_route=%2Fwp%2Fv2%2Fcategories&post=2254"},{"taxonomy":"post_tag","embeddable":true,"href":"https:\/\/iafgh.cat\/index.php?rest_route=%2Fwp%2Fv2%2Ftags&post=2254"}],"curies":[{"name":"wp","href":"https:\/\/api.w.org\/{rel}","templated":true}]}}