{"id":2250,"date":"2023-03-31T09:46:21","date_gmt":"2023-03-31T09:46:21","guid":{"rendered":"https:\/\/iafgh.cat\/?p=2250"},"modified":"2023-04-26T15:20:28","modified_gmt":"2023-04-26T15:20:28","slug":"videoconferencies","status":"publish","type":"post","link":"https:\/\/iafgh.cat\/?p=2250","title":{"rendered":"Videoconfer\u00e8ncies:"},"content":{"rendered":"\n<p>ORIGEN ANCESTRAL DEL&nbsp;LINAJE&nbsp;ASTURIANO&nbsp;DE&nbsp;LOS&nbsp;FERN\u00c1NDEZ DE LA&nbsp;MEANA. (Genealog\u00eda&nbsp;y&nbsp;gen\u00e9tica)<\/p>\n\n\n\n<p>Dimecres, 26 d&#8217;abril del 2023 a les&nbsp;18h.<\/p>\n\n\n\n<figure class=\"wp-block-embed is-type-video is-provider-youtube wp-block-embed-youtube wp-embed-aspect-16-9 wp-has-aspect-ratio\"><div class=\"wp-block-embed__wrapper\">\n<iframe loading=\"lazy\" title=\"JORDI MESTRES DE LA MEANA\" width=\"660\" height=\"371\" src=\"https:\/\/www.youtube.com\/embed\/GwMnXCK7JpQ?feature=oembed\" frameborder=\"0\" allow=\"accelerometer; autoplay; clipboard-write; encrypted-media; gyroscope; picture-in-picture; web-share\" referrerpolicy=\"strict-origin-when-cross-origin\" allowfullscreen><\/iframe>\n<\/div><\/figure>\n\n\n\n<div class=\"wp-block-media-text alignwide is-stacked-on-mobile\"><figure class=\"wp-block-media-text__media\"><img loading=\"lazy\" decoding=\"async\" width=\"663\" height=\"1024\" src=\"https:\/\/iafgh.cat\/wp-content\/uploads\/2023\/03\/CartellJordiMestres-663x1024.jpg\" alt=\"\" class=\"wp-image-2252 size-full\" srcset=\"https:\/\/iafgh.cat\/wp-content\/uploads\/2023\/03\/CartellJordiMestres-663x1024.jpg 663w, https:\/\/iafgh.cat\/wp-content\/uploads\/2023\/03\/CartellJordiMestres-194x300.jpg 194w, https:\/\/iafgh.cat\/wp-content\/uploads\/2023\/03\/CartellJordiMestres-768x1187.jpg 768w, https:\/\/iafgh.cat\/wp-content\/uploads\/2023\/03\/CartellJordiMestres-994x1536.jpg 994w, https:\/\/iafgh.cat\/wp-content\/uploads\/2023\/03\/CartellJordiMestres-1325x2048.jpg 1325w, https:\/\/iafgh.cat\/wp-content\/uploads\/2023\/03\/CartellJordiMestres-1240x1916.jpg 1240w, https:\/\/iafgh.cat\/wp-content\/uploads\/2023\/03\/CartellJordiMestres-508x785.jpg 508w, https:\/\/iafgh.cat\/wp-content\/uploads\/2023\/03\/CartellJordiMestres.jpg 1650w\" sizes=\"auto, (max-width: 663px) 100vw, 663px\" \/><\/figure><div class=\"wp-block-media-text__content\">\n<p>ICGenHer.<br><br>Cicle de confer\u00e8ncies&nbsp;ICGenHer, organitzades per a la&nbsp;UNAM&nbsp;de M\u00e8xic. &#8220;Seminario&nbsp;Permanente&nbsp;de Paleografia&nbsp;y&nbsp;Dipolom\u00e1tica&#8221; dirigida pel Dr. Miguel \u00c1ngel&nbsp;Cer\u00f3n&nbsp;i coordinades a Barcelona per Ignasi Ametlla.<\/p>\n\n\n\n<p><br><strong><em>Videoconfer\u00e8ncies<\/em><\/strong>: aquestes confer\u00e8ncies nom\u00e9s les podreu seguir per Facebook i les penjarem a la p\u00e0gina web de la&nbsp;ICGenHer.<\/p>\n\n\n\n<p><a rel=\"noreferrer noopener\" href=\"http:\/\/www.facebook.com\/sepepadi\/\" target=\"_blank\">http:\/\/www.facebook.com\/sepepadi\/<\/a><br><br>Dimecres, 26 d&#8217;abril del 2023 a les\u00a018h.<br><br>ORIGEN ANCESTRAL DEL\u00a0LINAJE\u00a0ASTURIANO\u00a0<\/p>\n\n\n\n<p>DE&nbsp;LOS&nbsp;FERN\u00c1NDEZ DE LA&nbsp;MEANA. (Genealog\u00eda&nbsp;y&nbsp;gen\u00e9tica)<br><br>JORDI MESTRES DE LA&nbsp;MEANA<br>Doctor en Qu\u00edmica (Universitat de Girona)<br>Investigador Principal&nbsp;del IMIM&nbsp;Institut Hospital de la Mar de Recerques M\u00e8diques<br>M\u00e0ster en Dret Nobiliari i&nbsp;Premial, Her\u00e0ldica i Genealogia (UNED)<br>Membre de la Junta de Govern, de la Instituci\u00f3 Catalana de Genealogia i Her\u00e0ldica (ICGenHer)<br><br>Resumen:&nbsp;Este&nbsp;trabajo&nbsp;presenta la&nbsp;localizaci\u00f3n&nbsp;del origen&nbsp;del apellido&nbsp;Meana&nbsp;en&nbsp;Asturias&nbsp;y&nbsp;la&nbsp;identificaci\u00f3n&nbsp;del marcador&nbsp;gen\u00e9tico&nbsp;que&nbsp;caracteriza&nbsp;el cromosoma Y del&nbsp;linaje&nbsp;Fern\u00e1ndez de la&nbsp;Meana. En&nbsp;el Archivo&nbsp;Hist\u00f3rico&nbsp;Nacional&nbsp;se ha&nbsp;encontrado&nbsp;la que&nbsp;ser\u00eda&nbsp;la&nbsp;referencia&nbsp;m\u00e1s&nbsp;antigua&nbsp;del&nbsp;top\u00f3nimo&nbsp;que&nbsp;da&nbsp;origen&nbsp;al apellido&nbsp;en una&nbsp;donaci\u00f3n&nbsp;que&nbsp;hizo&nbsp;Gutierre&nbsp;Fern\u00e1ndez en 1443 al&nbsp;monasterio&nbsp;de Santa&nbsp;Mar\u00eda&nbsp;de&nbsp;Valdedi\u00f3s&nbsp;de unas&nbsp;tierras&nbsp;en La&nbsp;Meana.&nbsp;Este&nbsp;documento&nbsp;sit\u00faa&nbsp;el origen&nbsp;bajomedieval&nbsp;del apellido&nbsp;Meana&nbsp;en la&nbsp;toponimia&nbsp;local asturiana,&nbsp;concretamente&nbsp;en el&nbsp;valle&nbsp;de&nbsp;Pe\u00f3n,&nbsp;concejo&nbsp;de&nbsp;Villaviciosa.&nbsp;<\/p>\n\n\n\n<p>El an\u00e1lisis&nbsp;de&nbsp;genealog\u00eda&nbsp;gen\u00e9tica&nbsp;de&nbsp;descendientes&nbsp;vivos&nbsp;de&nbsp;losprimeros&nbsp;Meana&nbsp;ha&nbsp;establecido&nbsp;que el&nbsp;marcardor&nbsp;gen\u00e9tico&nbsp;que&nbsp;caracteriza&nbsp;el&nbsp;linaje&nbsp;Fern\u00e1ndez de la&nbsp;Meana&nbsp;por&nbsp;l\u00ednea&nbsp;de&nbsp;var\u00f3n&nbsp;es&nbsp;el R-KMS36,&nbsp;perteneciente&nbsp;al haplogrupo&nbsp;R1a.&nbsp;Este&nbsp;resultado&nbsp;permite&nbsp;establecer&nbsp;el origen&nbsp;ancestral del&nbsp;linaje&nbsp;hace&nbsp;unos&nbsp;2500&nbsp;a\u00f1os&nbsp;en&nbsp;la estepa&nbsp;euroasi\u00e1tica&nbsp;y&nbsp;especular que&nbsp;su&nbsp;entrada a la pen\u00ednsula&nbsp;ib\u00e9rica&nbsp;podr\u00eda&nbsp;asociarse&nbsp;con la llegada&nbsp;de alanos&nbsp;o&nbsp;visigodos&nbsp;a&nbsp;principios&nbsp;del&nbsp;siglo&nbsp;V.<\/p>\n<\/div><\/div>\n","protected":false},"excerpt":{"rendered":"<p>ORIGEN ANCESTRAL DEL&nbsp;LINAJE&nbsp;ASTURIANO&nbsp;DE&nbsp;LOS&nbsp;FERN\u00c1NDEZ DE LA&nbsp;MEANA. (Genealog\u00eda&nbsp;y&nbsp;gen\u00e9tica) Dimecres, 26 d&#8217;abril del 2023 a les&nbsp;18h. ICGenHer. Cicle de confer\u00e8ncies&nbsp;ICGenHer, organitzades per a la&nbsp;UNAM&nbsp;de M\u00e8xic. &#8220;Seminario&nbsp;Permanente&nbsp;de Paleografia&nbsp;y&nbsp;Dipolom\u00e1tica&#8221; dirigida pel Dr. Miguel \u00c1ngel&nbsp;Cer\u00f3n&nbsp;i coordinades a Barcelona per Ignasi Ametlla. Videoconfer\u00e8ncies: aquestes confer\u00e8ncies nom\u00e9s les podreu seguir per Facebook i les penjarem a la p\u00e0gina web de la&nbsp;ICGenHer. http:\/\/www.facebook.com\/sepepadi\/ Dimecres, &#8230;<\/p>\n<p><a href=\"https:\/\/iafgh.cat\/?p=2250\" class=\"more-link\">More <span class=\"meta-nav\">&rarr;<\/span><\/a><\/p>\n","protected":false},"author":1,"featured_media":2251,"comment_status":"closed","ping_status":"closed","sticky":false,"template":"","format":"standard","meta":{"footnotes":""},"categories":[1],"tags":[],"class_list":["post-2250","post","type-post","status-publish","format-standard","has-post-thumbnail","hentry","category-general"],"_links":{"self":[{"href":"https:\/\/iafgh.cat\/index.php?rest_route=\/wp\/v2\/posts\/2250","targetHints":{"allow":["GET"]}}],"collection":[{"href":"https:\/\/iafgh.cat\/index.php?rest_route=\/wp\/v2\/posts"}],"about":[{"href":"https:\/\/iafgh.cat\/index.php?rest_route=\/wp\/v2\/types\/post"}],"author":[{"embeddable":true,"href":"https:\/\/iafgh.cat\/index.php?rest_route=\/wp\/v2\/users\/1"}],"replies":[{"embeddable":true,"href":"https:\/\/iafgh.cat\/index.php?rest_route=%2Fwp%2Fv2%2Fcomments&post=2250"}],"version-history":[{"count":3,"href":"https:\/\/iafgh.cat\/index.php?rest_route=\/wp\/v2\/posts\/2250\/revisions"}],"predecessor-version":[{"id":2286,"href":"https:\/\/iafgh.cat\/index.php?rest_route=\/wp\/v2\/posts\/2250\/revisions\/2286"}],"wp:featuredmedia":[{"embeddable":true,"href":"https:\/\/iafgh.cat\/index.php?rest_route=\/wp\/v2\/media\/2251"}],"wp:attachment":[{"href":"https:\/\/iafgh.cat\/index.php?rest_route=%2Fwp%2Fv2%2Fmedia&parent=2250"}],"wp:term":[{"taxonomy":"category","embeddable":true,"href":"https:\/\/iafgh.cat\/index.php?rest_route=%2Fwp%2Fv2%2Fcategories&post=2250"},{"taxonomy":"post_tag","embeddable":true,"href":"https:\/\/iafgh.cat\/index.php?rest_route=%2Fwp%2Fv2%2Ftags&post=2250"}],"curies":[{"name":"wp","href":"https:\/\/api.w.org\/{rel}","templated":true}]}}