{"id":2222,"date":"2022-10-11T08:46:54","date_gmt":"2022-10-11T08:46:54","guid":{"rendered":"https:\/\/iafgh.cat\/?p=2222"},"modified":"2022-11-30T18:28:43","modified_gmt":"2022-11-30T18:28:43","slug":"genealogies-gironines","status":"publish","type":"post","link":"https:\/\/iafgh.cat\/?p=2222","title":{"rendered":"Genealogies Gironines"},"content":{"rendered":"\n<p>Els or\u00edgens de 100 protagonistes de la hist\u00f2ria de Girona i comarques<\/p>\n\n\n\n<p><strong>Jordi Mestres<\/strong> (Girona, 1967) \u00e9s investigador de l\u2019Institut Hospital del Mar d\u2019Investigacions M\u00e8diques (IMIM) i professor de la UPF, per\u00f2 una de les seves pas\u00adsi\u00adons \u00e9s la gene\u00ada\u00adlo\u00adgia i l\u2019her\u00e0ldica. Acaba de publi\u00adcar Gene\u00ada\u00adlo\u00adgies giro\u00adni\u00adnes, un volum que cont\u00e9 cent gene\u00ada\u00adlo\u00adgies de pro\u00adta\u00adgo\u00adnis\u00adtes de la hist\u00f2ria de Girona i comarques nascuts entre el 1813 i el 1927. En total, 86 gironins i 14 gironines que abasten m\u00e9s de 5.200 ances\u00adtres nas\u00adcuts en unes 400 pobla\u00adci\u00adons dife\u00adrents i que, entre altres carac\u00adter\u00edsti\u00adques, reve\u00adlen rela\u00adci\u00adons de paren\u00adtesc remo\u00adtes entre una bona part d\u2019ells. <\/p>\n\n\n\n<p><a href=\"https:\/\/www.zonallibres.cat\/\">https:\/\/www.zonallibres.cat\/<\/a><\/p>\n\n\n\n<figure class=\"wp-block-image size-large\"><a href=\"https:\/\/iafgh.cat\/wp-content\/uploads\/2022\/10\/GenealogiesGironines2.jpg\"><img loading=\"lazy\" decoding=\"async\" width=\"1024\" height=\"684\" src=\"https:\/\/iafgh.cat\/wp-content\/uploads\/2022\/10\/GenealogiesGironines2-1024x684.jpg\" alt=\"\" class=\"wp-image-2223\" srcset=\"https:\/\/iafgh.cat\/wp-content\/uploads\/2022\/10\/GenealogiesGironines2-1024x684.jpg 1024w, https:\/\/iafgh.cat\/wp-content\/uploads\/2022\/10\/GenealogiesGironines2-300x200.jpg 300w, https:\/\/iafgh.cat\/wp-content\/uploads\/2022\/10\/GenealogiesGironines2-768x513.jpg 768w, https:\/\/iafgh.cat\/wp-content\/uploads\/2022\/10\/GenealogiesGironines2-1240x829.jpg 1240w, https:\/\/iafgh.cat\/wp-content\/uploads\/2022\/10\/GenealogiesGironines2-508x339.jpg 508w, https:\/\/iafgh.cat\/wp-content\/uploads\/2022\/10\/GenealogiesGironines2.jpg 1465w\" sizes=\"auto, (max-width: 1024px) 100vw, 1024px\" \/><\/a><\/figure>\n\n\n\n<div class=\"wp-block-columns alignfull are-vertically-aligned-center is-layout-flex wp-container-core-columns-is-layout-9d6595d7 wp-block-columns-is-layout-flex\">\n<div class=\"wp-block-column is-layout-flow wp-block-column-is-layout-flow\" style=\"flex-basis:25%\"><\/div>\n\n\n\n<div class=\"wp-block-column is-layout-flow wp-block-column-is-layout-flow\" style=\"flex-basis:50%\">\n<div class=\"wp-block-media-text alignwide is-stacked-on-mobile\" style=\"grid-template-columns:66% auto\"><figure class=\"wp-block-media-text__media\"><img loading=\"lazy\" decoding=\"async\" width=\"1024\" height=\"576\" src=\"https:\/\/iafgh.cat\/wp-content\/uploads\/2022\/10\/IMG-20221002-WA0010-1024x576.jpeg\" alt=\"\" class=\"wp-image-2236 size-full\" srcset=\"https:\/\/iafgh.cat\/wp-content\/uploads\/2022\/10\/IMG-20221002-WA0010-1024x576.jpeg 1024w, https:\/\/iafgh.cat\/wp-content\/uploads\/2022\/10\/IMG-20221002-WA0010-300x169.jpeg 300w, https:\/\/iafgh.cat\/wp-content\/uploads\/2022\/10\/IMG-20221002-WA0010-768x432.jpeg 768w, https:\/\/iafgh.cat\/wp-content\/uploads\/2022\/10\/IMG-20221002-WA0010-1536x864.jpeg 1536w, https:\/\/iafgh.cat\/wp-content\/uploads\/2022\/10\/IMG-20221002-WA0010-2048x1152.jpeg 2048w, https:\/\/iafgh.cat\/wp-content\/uploads\/2022\/10\/IMG-20221002-WA0010-1240x698.jpeg 1240w, https:\/\/iafgh.cat\/wp-content\/uploads\/2022\/10\/IMG-20221002-WA0010-508x286.jpeg 508w\" sizes=\"auto, (max-width: 1024px) 100vw, 1024px\" \/><\/figure><div class=\"wp-block-media-text__content\"><\/div><\/div>\n\n\n\n<p>Maria Gay i Tibau, religiosa (1813); 2. Joaquim Hugas i Vilanova, metge (1819); 3. Narc\u00eds Monturiol i Estarriol, inventor (1819); 4. Pere Colomer i Mestres, bisbe (1822); 5. Francesc Sunyer i Capdevila, metge (1826); 6. Pelagi de Camps i de Matas, hisendat (1828); 7. Frederic Tr\u00e8mols i Borrell, apotecari (1831); 8. Enric Claudi Girbal i Nadal, historiador (1839); 9. Joan Vidal de Llobatera i Iglesias, pol\u00edtic (1840); 10. Josep Vancells i Marqu\u00e8s, escriptor (1842); 11. Joaquim Vayreda i Vila, pintor (1843); 12. Isabel Vila i Pujol, sindicalista (1843); 13. Joaquim Almeda i Roig, advocat (1843); 14. Narc\u00eds Gelats i Durall, banquer (1845); 15. Joaquim Botet i Sis\u00f3, historiador (1846); 16. Narc\u00eds Xifra i Masmitj\u00e0, enginyer (1848); 17. Joaquim Llach i Coll, pol\u00edtic (1849); 18. Emili Grahit i Papell, historiador (1850); 19. Antoni Agramont i Quintana, m\u00fasic (1851); 20. Ramon Turr\u00f3 i Darder, veterinari (1854); 21. Jaume Roure i Prats, pol\u00edtic (1858); 22. Joaquim Ruyra i Oms, escriptor (1858); 23. Josep Cort\u00e9s i Sol\u00e9s, traginer (1859); 24. Ferran Agull\u00f3 i Vidal, periodista (1863); 25. Prudenci Bertrana i Comte, escriptor (1867); 26. Joaquim Codina i Vinyes, mic\u00f2leg (1867); 27. Pere Pagans i Llad\u00f3, empresari (1868); 28. Pere Rigau i Poch, m\u00fasic (1868); 29. Caterina Albert i Parad\u00eds, escriptora (1869); 30. Josep Vicens i Juli, m\u00fasic (1870); 31. Josep Pous i Pag\u00e8s, escriptor (1873); 32. Carme Auguet i Comalada, mestra (1874); 33. Juli Garreta i Arboix, compositor (1875); 34. Agust\u00ed Riera i Pau, pol\u00edtic (1876); 35. Francesc Camb\u00f3 i Batlle, pol\u00edtic (1876); 36. Josep Irla i Bosch, pol\u00edtic (1876); 37. Celestina Vigneaux i Civils, mestra (1878); 38. Tom\u00e0s Carreras i Artau, etn\u00f2leg (1879); 39. Rafael Mas\u00f3 i Valent\u00ed, arquitecte (1880); 40. Antoni Ribas i de Conill, astr\u00f2nom (1880); 41. Carles Rahola i Llorens, escriptor (1881); 42. Francesc Mandri i Vila, metge (1883); 43. Vicen\u00e7 Bou i Geli, compositor (1885); 44. Miquel de Palol i Felip, escriptor (1885); 45. Josep Torra i Mercadal, cisteller (1885); 46.Laure\u00e0 Dalmau i Pla, metge (1886); 47. Josep Tharrats i Vilar, industrial (1886); 48. Miquel Santal\u00f3 i Parvorell, alcalde (1887); 49. Ricard Guin\u00f3 i Boix, escultor (1890); 50. Merc\u00e8 Moner i Raguer, pianista (1892); 51. Josep Coll i Ligora, m\u00fasic (1893); 52. Fidel Aguilar i Marc\u00f3, escultor (1894); 53. Pelagi Negre i Pastell, genealogista (1895); 54. Josep Pla i Casadevall, escriptor (1897); 55. Joan Badia i Casa\u00f1as, escriptor (1899); 56. Llu\u00eds Pericot i Garcia, arque\u00f2leg (1899); 57. Francesc Mas i Ros, compositor (1901); 58. Salvadora Cat\u00e0 i Verdura, bugadera (1901); 59. Carles Fages de Climent, escriptor (1902); 60. Manuel Bonmat\u00ed i Romaguera, periodista (1903); 61. Salvador Dal\u00ed i Dom\u00e8nech, pintor (1904); 62. Albert de Quintana i Verg\u00e9s, alcalde (1904); 63. Jaume Marqu\u00e8s i Casanovas, religi\u00f3s (1906); 64. Joaquim Serra i Corominas, compositor (1907); 65. Manuel Saderra i Puigferrer, m\u00fasic (1908); 66. Antoni Franquet i Alemany, alcalde (1909); 67. Antoni Var\u00e9s i Martinell, fot\u00f2graf (1909); 68. Matilde Alis i Clop\u00e9s, llevadora (1909); 69. Francesc Geli i Fraser, llibreter (1910); 70. Jaume Vicens i Vives, historiador (1910); 71. Jaume Roca i Delpech, m\u00fasic (1910); 72. Santiago Sobrequ\u00e9s i Vidal, historiador (1911); 73. Xavier Montsalvatge i Bassols, m\u00fasic (1912); 74. Bartomeu Vallmaj\u00f3 i Soler, compositor (1912); 75. Pere Ordis i Llach, alcalde (1913); 76. Llu\u00eds Buscarons i Pastells, m\u00fasic (1913); 77. Maria Assumpci\u00f3 Soler i Font, mestra (1913); 78. Ant\u00f2nia Adroher i Pascual, sindicalista (1913); 79. Salvador Espriu i Castell\u00f3, escriptor (1913); 80. Narc\u00eds Jubany i Arnau, cardenal (1913); 81. Maria Castanyer i Figueras, escriptora (1913); 82. Josep Bonet i Cuff\u00ed, alcalde (1913); 83. Jaume Ministral i Masi\u00e0, escriptor (1914); 84. Josep Vert i Planas, historiador (1914); 85. Dom\u00e8nec Balmanya i Perera, futbolista (1914); 86. Francina Boris i Codina, locutora (1915); 87. Fernando Viader i Gust\u00e0, genealogista (1916); 88. Josep Viader i Moliner, m\u00fasic (1917); 89. Joaquim Pla i Dalmau, editor (1917); 90. Josep M. Gironella i Pous, escriptor (1917); 91. Ricard Viladesau i Caner, m\u00fasic (1918); 92. Joan Vi\u00f1as i Bona, locutor (1918); 93. Josep Puig i Puig, futbolista (1922); 94. Enric Mirambell i Belloc, cronista (1922); 95. Miquel Oliva i Prat, arque\u00f2leg (1922); 96. Josep Campistol i Vila, metge (1922); 97. Maria Cobars\u00ed i Corretger, dinamitzadora (1923); 98. Manel Nadal i Oller, empresari (1923); 99. Ignasi de Ribot i de Balle, alcalde (1926); 100. Em\u00edlia Xargay i Pag\u00e8s, pintora (1927).<\/p>\n<\/div>\n\n\n\n<div class=\"wp-block-column is-layout-flow wp-block-column-is-layout-flow\" style=\"flex-basis:25%\"><\/div>\n<\/div>\n\n\n\n<div class=\"wp-block-columns alignfull are-vertically-aligned-center is-layout-flex wp-container-core-columns-is-layout-9d6595d7 wp-block-columns-is-layout-flex\">\n<div class=\"wp-block-column is-vertically-aligned-center is-layout-flow wp-block-column-is-layout-flow\" style=\"flex-basis:100%\">\n<div class=\"wp-block-columns alignwide is-layout-flex wp-container-core-columns-is-layout-9d6595d7 wp-block-columns-is-layout-flex\">\n<div class=\"wp-block-column is-layout-flow wp-block-column-is-layout-flow\"><\/div>\n\n\n\n<div class=\"wp-block-column is-layout-flow wp-block-column-is-layout-flow\"><\/div>\n<\/div>\n<\/div>\n<\/div>\n\n\n\n<p><strong>zonallibres.cat<\/strong><\/p>\n\n\n\n<p><a href=\"https:\/\/www.zonallibres.cat\/product-page\/genealogies-gironines-de-jordi-mestres\">https:\/\/www.zonallibres.cat\/product-page\/genealogies-gironines-de-jordi-mestres<\/a><br><\/p>\n\n\n\n<p><strong>Diari de Girona<\/strong><\/p>\n\n\n\n<p><a href=\"https:\/\/www.diaridegirona.cat\/opinio\/2022\/11\/25\/genealogies-gironines-79074356.html\">https:\/\/www.diaridegirona.cat\/opinio\/2022\/11\/25\/genealogies-gironines-79074356.html<\/a><br><\/p>\n\n\n\n<p><strong>El Punt Avui<\/strong><\/p>\n\n\n\n<p><a rel=\"noreferrer noopener\" href=\"https:\/\/www.elpuntavui.cat\/societat\/article\/5-societat\/2207825-genealogies-que-son-historia-gironina.html\" target=\"_blank\">https:\/\/www.elpuntavui.cat\/societat\/article\/5-societat\/2207825-genealogies-que-son-historia-gironina.html<\/a><br><\/p>\n\n\n\n<p><strong>Portal Giron\u00ed<\/strong><\/p>\n\n\n\n<p><a href=\"https:\/\/portalgironi.cat\/index.php\/historia\/genealog\/4234-genealogia-publicacio-100-genealogies\" target=\"_blank\" rel=\"noreferrer noopener\">https:\/\/portalgironi.cat\/index.php\/historia\/genealog\/4234-genealogia-publicacio-100-genealogies<\/a><\/p>\n\n\n\n<p><strong>El Punt.cat<\/strong><\/p>\n\n\n\n<p><a href=\"http:\/\/admin.elpunt.cat\/cultura\/article\/19-cultura\/2202692-joaquim-nadal-es-parent-llunya-de-xavier-trias.html?app_id\" target=\"_blank\" rel=\"noreferrer noopener\">http:\/\/admin.elpunt.cat\/cultura\/article\/19-cultura\/2202692-joaquim-nadal-es-parent-llunya-de-xavier-trias.html?app_id<\/a><\/p>\n\n\n\n<p><strong>ara<\/strong><br><a href=\"https:\/\/www.diaridegirona.cat\/fets-gent\/2022\/11\/03\/he-trobat-mes-tres-mil-78061278.amp.html\" target=\"_blank\" rel=\"noreferrer noopener\">https:\/\/www.diaridegirona.cat\/fets-gent\/2022\/11\/03\/he-trobat-mes-tres-mil-78061278.amp.html<\/a><\/p>\n","protected":false},"excerpt":{"rendered":"<p>Els or\u00edgens de 100 protagonistes de la hist\u00f2ria de Girona i comarques Jordi Mestres (Girona, 1967) \u00e9s investigador de l\u2019Institut Hospital del Mar d\u2019Investigacions M\u00e8diques (IMIM) i professor de la UPF, per\u00f2 una de les seves pas\u00adsi\u00adons \u00e9s la gene\u00ada\u00adlo\u00adgia i l\u2019her\u00e0ldica. Acaba de publi\u00adcar Gene\u00ada\u00adlo\u00adgies giro\u00adni\u00adnes, un volum que cont\u00e9 cent gene\u00ada\u00adlo\u00adgies de pro\u00adta\u00adgo\u00adnis\u00adtes &#8230;<\/p>\n<p><a href=\"https:\/\/iafgh.cat\/?p=2222\" class=\"more-link\">More <span class=\"meta-nav\">&rarr;<\/span><\/a><\/p>\n","protected":false},"author":1,"featured_media":2224,"comment_status":"closed","ping_status":"closed","sticky":false,"template":"","format":"standard","meta":{"footnotes":""},"categories":[1],"tags":[28,22,26,24,23,29,21,27,25],"class_list":["post-2222","post","type-post","status-publish","format-standard","has-post-thumbnail","hentry","category-general","tag-armand-de-fluvia","tag-genealogies-gironines","tag-girona-i-comarques","tag-icgenher","tag-ignasi-ametlla","tag-joaquim-nadal","tag-jordi-mestres","tag-laia-font","tag-protagonistes-de-la-historia"],"_links":{"self":[{"href":"https:\/\/iafgh.cat\/index.php?rest_route=\/wp\/v2\/posts\/2222","targetHints":{"allow":["GET"]}}],"collection":[{"href":"https:\/\/iafgh.cat\/index.php?rest_route=\/wp\/v2\/posts"}],"about":[{"href":"https:\/\/iafgh.cat\/index.php?rest_route=\/wp\/v2\/types\/post"}],"author":[{"embeddable":true,"href":"https:\/\/iafgh.cat\/index.php?rest_route=\/wp\/v2\/users\/1"}],"replies":[{"embeddable":true,"href":"https:\/\/iafgh.cat\/index.php?rest_route=%2Fwp%2Fv2%2Fcomments&post=2222"}],"version-history":[{"count":8,"href":"https:\/\/iafgh.cat\/index.php?rest_route=\/wp\/v2\/posts\/2222\/revisions"}],"predecessor-version":[{"id":2248,"href":"https:\/\/iafgh.cat\/index.php?rest_route=\/wp\/v2\/posts\/2222\/revisions\/2248"}],"wp:featuredmedia":[{"embeddable":true,"href":"https:\/\/iafgh.cat\/index.php?rest_route=\/wp\/v2\/media\/2224"}],"wp:attachment":[{"href":"https:\/\/iafgh.cat\/index.php?rest_route=%2Fwp%2Fv2%2Fmedia&parent=2222"}],"wp:term":[{"taxonomy":"category","embeddable":true,"href":"https:\/\/iafgh.cat\/index.php?rest_route=%2Fwp%2Fv2%2Fcategories&post=2222"},{"taxonomy":"post_tag","embeddable":true,"href":"https:\/\/iafgh.cat\/index.php?rest_route=%2Fwp%2Fv2%2Ftags&post=2222"}],"curies":[{"name":"wp","href":"https:\/\/api.w.org\/{rel}","templated":true}]}}