{"id":2215,"date":"2022-09-06T09:10:19","date_gmt":"2022-09-06T09:10:19","guid":{"rendered":"https:\/\/iafgh.cat\/?p=2215"},"modified":"2022-09-06T09:12:26","modified_gmt":"2022-09-06T09:12:26","slug":"els-uribe-salazar-setze-segles-dhistoria","status":"publish","type":"post","link":"https:\/\/iafgh.cat\/?p=2215","title":{"rendered":"Els Uribe-Salazar, setze segles d\u2019hist\u00f2ria"},"content":{"rendered":"\n<div class=\"wp-block-media-text alignwide is-stacked-on-mobile\" style=\"grid-template-columns:37% auto\"><figure class=\"wp-block-media-text__media\"><img loading=\"lazy\" decoding=\"async\" width=\"768\" height=\"1024\" src=\"https:\/\/iafgh.cat\/wp-content\/uploads\/2022\/09\/9c03fac4-7579-4900-ae07-fe272b962c2e-768x1024.jpg\" alt=\"\" class=\"wp-image-2217 size-full\" srcset=\"https:\/\/iafgh.cat\/wp-content\/uploads\/2022\/09\/9c03fac4-7579-4900-ae07-fe272b962c2e-768x1024.jpg 768w, https:\/\/iafgh.cat\/wp-content\/uploads\/2022\/09\/9c03fac4-7579-4900-ae07-fe272b962c2e-225x300.jpg 225w, https:\/\/iafgh.cat\/wp-content\/uploads\/2022\/09\/9c03fac4-7579-4900-ae07-fe272b962c2e-1152x1536.jpg 1152w, https:\/\/iafgh.cat\/wp-content\/uploads\/2022\/09\/9c03fac4-7579-4900-ae07-fe272b962c2e-1240x1653.jpg 1240w, https:\/\/iafgh.cat\/wp-content\/uploads\/2022\/09\/9c03fac4-7579-4900-ae07-fe272b962c2e-508x677.jpg 508w, https:\/\/iafgh.cat\/wp-content\/uploads\/2022\/09\/9c03fac4-7579-4900-ae07-fe272b962c2e.jpg 1536w\" sizes=\"auto, (max-width: 768px) 100vw, 768px\" \/><\/figure><div class=\"wp-block-media-text__content\">\n<p><\/p>\n\n\n\n<p>El 4 d\u2019agost passat, el senyor Agust\u00ed d\u2019Uribe-Salazar, fundador del Gabinet Uribe i membre de la ICGenHer, va fer lliurament del segon llibre de la hist\u00f2ria familiar dels Uribe-Salazar al Sr. Armand de Fluvi\u00e0 i Escorsa, president de la Instituci\u00f3 Catalana de Genealogia i Her\u00e0ldica, en la seu social d\u2019aquesta, a Barcelona, en un senzill acte envoltat de gran afecte, reconeixement i admiraci\u00f3 a la Instituci\u00f3 i a la gran figura del seu president.<\/p>\n\n\n\n<p>El Sr. d\u2019Uribe-Salazar explic\u00e0 al Sr. Armand de Fluvi\u00e0 que l\u2019any 2004 havia editat un primer llibre, basat en documents hist\u00f2rics de la fam\u00edlia guardats durant decennis en el <em>cortijo<\/em> familiar de Torredonjimeno (Ja\u00e9n), al costat de la bell\u00edssima execut\u00f2ria de noblesa promulgada per Felip II (III de Castella) el 1600 a favor d\u2019un avantpassat seu bisca\u00ed, el qual, com a membre de l\u2019orde de Calatrava, fou destinat, amb nom\u00e9s 14 anys, a formar-se com a cavaller en la Caserna General de l\u2019Encomienda a la ciutat de Martos. Al cap de pocs anys, i fruit de la seva brillant preparaci\u00f3 i personalitat, fou nomenat alcaid de la comanda del castell del penyal de Martos i administrador de la de V\u00edboras (Ja\u00e9n). Tant el primer com el segon llibre han estat editats privadament.<\/p>\n\n\n\n<p>Aquest nou llibre, publicat la primavera del 2022, \u00e9s de format DIN&nbsp;A4, impr\u00e8s en paper de 130 grams, i en les seves 372 p\u00e0gines s\u2019hi reprodueixen m\u00e9s de 330 imatges i documents, amb cobertes plastificades i editat amb la m\u00e9s moderna tecnologia. S\u2019hi recull la hist\u00f2ria d\u2019aquesta fam\u00edlia des del primer Orive, Orivi o Uribe, un cavaller got normand que, segons el genealogista fra Pedro de Murga (Rioja, 1610 &#8211; Madrid, 1685), desembarc\u00e0 en el port de Santo\u00f1a (Santander) en el segle v, passant per la hist\u00f2ria dels Salazares, des del segle vii, la uni\u00f3 de tots dos cognoms en el segle xv i fins als nets de l\u2019editor en el xxi. (El llibre pesa m\u00e9s de 2 quilograms.)<\/p>\n\n\n\n<p>Els Uribe-Salazar dels quals tracta el llibre (amb abundant documentaci\u00f3 des del segle xv fins al xxi) foren militars, religiosos, alts funcionaris de l\u2019Estat, juristes, membres d\u2019ordes militars, negociadors d\u2019Estat, promotors socials, investigadors macroecon\u00f2mics, agricultors, etc.<\/p>\n\n\n\n<p>El treball actual ha requerit 40 anys de captaci\u00f3, recopilaci\u00f3 i classificaci\u00f3 de dades i una mica m\u00e9s de dos anys d\u2019una molt intensa feina conjunta de recerca, redacci\u00f3 i diagramacions, entre Agust\u00ed d\u2019Uribe-Salazar i el periodista i investigador Luis Ignacio Manegat de Urmeneta, amb qui ja es va realitzar el primer llibre. Intentar resumir el contingut d\u2019aquesta obra no \u00e9s pas f\u00e0cil. Per\u00f2 la feina, tot i haver estat exhaustiva, aquesta vegada ha resultat m\u00e9s f\u00e0cil gr\u00e0cies a la immensa documentaci\u00f3 trobada a Internet que ha aportat multitud de matisos en forma d\u2019estudis i brillants treballs sobre hist\u00f2ria o sobre les diferents branques dels Uribe-Salazar, la qual cosa ens ha perm\u00e8s certificar que la branca del senyor Agust\u00ed d\u2019Uribe-Salazar \u00e9s, gaireb\u00e9 amb certesa, l\u2019\u00fanica que ha sobreviscut al pas de tants segles de la hist\u00f2ria d\u2019Espanya sense defallir.<\/p>\n\n\n\n<p><\/p>\n<\/div><\/div>\n\n\n\n<div class=\"wp-block-media-text alignwide is-stacked-on-mobile\" style=\"grid-template-columns:38% auto\"><figure class=\"wp-block-media-text__media\"><img loading=\"lazy\" decoding=\"async\" width=\"768\" height=\"1024\" src=\"https:\/\/iafgh.cat\/wp-content\/uploads\/2022\/09\/12f3230a-f434-446f-8aae-786f8793e8d3-1-768x1024.jpg\" alt=\"\" class=\"wp-image-2218 size-full\" srcset=\"https:\/\/iafgh.cat\/wp-content\/uploads\/2022\/09\/12f3230a-f434-446f-8aae-786f8793e8d3-1-768x1024.jpg 768w, https:\/\/iafgh.cat\/wp-content\/uploads\/2022\/09\/12f3230a-f434-446f-8aae-786f8793e8d3-1-225x300.jpg 225w, https:\/\/iafgh.cat\/wp-content\/uploads\/2022\/09\/12f3230a-f434-446f-8aae-786f8793e8d3-1-1152x1536.jpg 1152w, https:\/\/iafgh.cat\/wp-content\/uploads\/2022\/09\/12f3230a-f434-446f-8aae-786f8793e8d3-1-1240x1653.jpg 1240w, https:\/\/iafgh.cat\/wp-content\/uploads\/2022\/09\/12f3230a-f434-446f-8aae-786f8793e8d3-1-508x677.jpg 508w, https:\/\/iafgh.cat\/wp-content\/uploads\/2022\/09\/12f3230a-f434-446f-8aae-786f8793e8d3-1.jpg 1536w\" sizes=\"auto, (max-width: 768px) 100vw, 768px\" \/><\/figure><div class=\"wp-block-media-text__content\">\n<p>Hom ha consultat m\u00e9s de 15 grans arxius geneal\u00f2gics i uns 75 llibres de tota \u00edndole, a m\u00e9s de l\u2019arxiu hist\u00f2ric de la fam\u00edlia. Cal esmentar la reproducci\u00f3 de diversos arbres geneal\u00f2gics com els de la mateixa fam\u00edlia, i d\u2019altres com els dels F\u00e0bregas, Alonso-Castillo i Rovira. El material s\u2019ha dividit en sis grans cap\u00edtols, amb exquisida rigor i respecte hist\u00f2ric.<\/p>\n\n\n\n<p>En el llibre hi sobresurten les imatges de l\u2019execut\u00f2ria de noblesa del 1600, d\u2019una bellesa i colorit sorprenents passats quatre-cents anys des de la seva elaboraci\u00f3, els estudis i an\u00e0lisis de camp i les diverses metodologies o l\u00ednies de recerca que es recullen en el segon cap\u00edtol sobre les diferents branques immemorials dels Uribe-Salazar.<\/p>\n\n\n\n<p>Hem d\u2019afegir-hi els noms del Sr. Rafael Ca\u00f1ada Quesada, autor del treball \u00abLinajes nobles en la ciudad de Ja\u00e9n: Uribe\u00bb; el del Sr. Jorge Valverde Fraikin, autor d\u2019un impressionant treball de recerca geneal\u00f2gica sobre els Uribe-Salazar, incorporat en el cap\u00edtol vi del llibre, o el del Sr. Emilio Ortega Barranco, secretari de la Fundaci\u00f3 de la Santa Capella de Ja\u00e9n, els patrons de la qual foren durant segles els Uribe. Gr\u00e0cies a tots ells.<\/p>\n\n\n\n<p>No \u00e9s pas un llibre usual o com\u00fa&#8230; La diagramaci\u00f3 ha estat meticulosa, plena de colorit tant en els seus textos com en les imatges, que dona moviment constant a la narraci\u00f3.<\/p>\n\n\n\n<p>I, com assevera el senyor Agust\u00ed d\u2019Uribe-Salazar en el pr\u00f2leg, \u00ab<strong>la veritable noblesa s\u00f3n el m\u00e8rit i la virtut<\/strong>\u00bb.<\/p>\n\n\n\n<p>(En un pr\u00f2xim n\u00famero de la revista <em>Armoria<\/em> sortir\u00e0 un resum d\u2019aquest gran llibre.)<\/p>\n<\/div><\/div>\n","protected":false},"excerpt":{"rendered":"<p>El 4 d\u2019agost passat, el senyor Agust\u00ed d\u2019Uribe-Salazar, fundador del Gabinet Uribe i membre de la ICGenHer, va fer lliurament del segon llibre de la hist\u00f2ria familiar dels Uribe-Salazar al Sr. Armand de Fluvi\u00e0 i Escorsa, president de la Instituci\u00f3 Catalana de Genealogia i Her\u00e0ldica, en la seu social d\u2019aquesta, a Barcelona, en un senzill &#8230;<\/p>\n<p><a href=\"https:\/\/iafgh.cat\/?p=2215\" class=\"more-link\">More <span class=\"meta-nav\">&rarr;<\/span><\/a><\/p>\n","protected":false},"author":1,"featured_media":2220,"comment_status":"closed","ping_status":"closed","sticky":false,"template":"","format":"standard","meta":{"footnotes":""},"categories":[1],"tags":[],"class_list":["post-2215","post","type-post","status-publish","format-standard","has-post-thumbnail","hentry","category-general"],"_links":{"self":[{"href":"https:\/\/iafgh.cat\/index.php?rest_route=\/wp\/v2\/posts\/2215","targetHints":{"allow":["GET"]}}],"collection":[{"href":"https:\/\/iafgh.cat\/index.php?rest_route=\/wp\/v2\/posts"}],"about":[{"href":"https:\/\/iafgh.cat\/index.php?rest_route=\/wp\/v2\/types\/post"}],"author":[{"embeddable":true,"href":"https:\/\/iafgh.cat\/index.php?rest_route=\/wp\/v2\/users\/1"}],"replies":[{"embeddable":true,"href":"https:\/\/iafgh.cat\/index.php?rest_route=%2Fwp%2Fv2%2Fcomments&post=2215"}],"version-history":[{"count":1,"href":"https:\/\/iafgh.cat\/index.php?rest_route=\/wp\/v2\/posts\/2215\/revisions"}],"predecessor-version":[{"id":2219,"href":"https:\/\/iafgh.cat\/index.php?rest_route=\/wp\/v2\/posts\/2215\/revisions\/2219"}],"wp:featuredmedia":[{"embeddable":true,"href":"https:\/\/iafgh.cat\/index.php?rest_route=\/wp\/v2\/media\/2220"}],"wp:attachment":[{"href":"https:\/\/iafgh.cat\/index.php?rest_route=%2Fwp%2Fv2%2Fmedia&parent=2215"}],"wp:term":[{"taxonomy":"category","embeddable":true,"href":"https:\/\/iafgh.cat\/index.php?rest_route=%2Fwp%2Fv2%2Fcategories&post=2215"},{"taxonomy":"post_tag","embeddable":true,"href":"https:\/\/iafgh.cat\/index.php?rest_route=%2Fwp%2Fv2%2Ftags&post=2215"}],"curies":[{"name":"wp","href":"https:\/\/api.w.org\/{rel}","templated":true}]}}