{"id":2189,"date":"2022-05-04T08:59:47","date_gmt":"2022-05-04T08:59:47","guid":{"rendered":"https:\/\/iafgh.cat\/?p=2189"},"modified":"2022-05-26T08:47:32","modified_gmt":"2022-05-26T08:47:32","slug":"cicle-de-videoconferencies-2","status":"publish","type":"post","link":"https:\/\/iafgh.cat\/?p=2189","title":{"rendered":"Cicle de videoconfer\u00e8ncies:"},"content":{"rendered":"\n<div class=\"wp-block-media-text alignwide is-stacked-on-mobile\" style=\"grid-template-columns:22% auto\"><figure class=\"wp-block-media-text__media\"><img loading=\"lazy\" decoding=\"async\" width=\"1024\" height=\"1024\" src=\"https:\/\/iafgh.cat\/wp-content\/uploads\/2022\/05\/fotojoseppalau-1024x1024.jpg\" alt=\"\" class=\"wp-image-2191 size-full\" srcset=\"https:\/\/iafgh.cat\/wp-content\/uploads\/2022\/05\/fotojoseppalau-1024x1024.jpg 1024w, https:\/\/iafgh.cat\/wp-content\/uploads\/2022\/05\/fotojoseppalau-300x300.jpg 300w, https:\/\/iafgh.cat\/wp-content\/uploads\/2022\/05\/fotojoseppalau-150x150.jpg 150w, https:\/\/iafgh.cat\/wp-content\/uploads\/2022\/05\/fotojoseppalau-768x768.jpg 768w, https:\/\/iafgh.cat\/wp-content\/uploads\/2022\/05\/fotojoseppalau-1536x1536.jpg 1536w, https:\/\/iafgh.cat\/wp-content\/uploads\/2022\/05\/fotojoseppalau-2048x2048.jpg 2048w, https:\/\/iafgh.cat\/wp-content\/uploads\/2022\/05\/fotojoseppalau-1240x1240.jpg 1240w, https:\/\/iafgh.cat\/wp-content\/uploads\/2022\/05\/fotojoseppalau-508x508.jpg 508w\" sizes=\"auto, (max-width: 1024px) 100vw, 1024px\" \/><\/figure><div class=\"wp-block-media-text__content\">\n<p>Cicle de videoconfer\u00e8ncies:<\/p>\n\n\n\n<p>ICGenHer, Instituci\u00f3 Catalana de Genealogia i Her\u00e0ldica, organitzades amb la UNAM, Universitat Nacional Aut\u00f2noma de M\u00e8xic, Seminario de Paleograf\u00eda y Diplom\u00e1tica de la FES Acatl\u00e1n UNAM, dirigida pel Dr. Miguel \u00c1ngel Cer\u00f3n i coordinades des de Barcelona per Ignasi Ametlla (ICGenHer \u2013 www.icgenher.cat).<\/p>\n\n\n\n<p>Es poden seguir a:<br><strong>FACEBOOK LIVE<\/strong>: https:\/\/www.facebook.com\/sepepadi\/<\/p>\n<\/div><\/div>\n\n\n\n<p><strong>Her\u00e1ldica y vexilolog\u00eda municipal: el caso de Catalunya.<\/strong><br>Dr. Josep M. Palau i Baduell<\/p>\n\n\n\n<p>Licenciado en Humanidades por la Universidad Pompeu Fabra (2002), especialidad Historia del Arte, y en Historia del Arte por la Universidad de Barcelona (2007), especialidad Arte Medieval. El a\u00f1o 2009 obtuvo el M\u00e1ster en Culturas Medievales por la Universidad de Barcelona, con premio extraordinario, y en 2016 el t\u00edtulo de doctor en historia con la tesis titulada El obispado de Urgell al inicio del siglo XIV (a trav\u00e9s de la visita pastoral de 1312 a 1315), dirigida por el Dr. Ignasi J. Baiges.<\/p>\n\n\n\n<p>Ha trabajado en el Centro de Arte Rom\u00e1nico Catal\u00e1n del Instituto de Estudios Catalanes como becario (2003-2005) y como t\u00e9cnico (2005-2008), donde ha desarrollado varias tareas relacionadas con el arte y la arquitectura rom\u00e1nicas. Actualmente es t\u00e9cnico de la Oficina de Asesoramiento Hist\u00f3rico del Instituto de Estudios Catalanes (IEC) donde, entre otros, se encarga de aspectos con el patrimonio, la her\u00e1ldica y la vexilolog\u00eda.<\/p>\n\n\n\n<p>Tambi\u00e9n es profesor asociado al Departamento de Humanidades de la Universidad Pompeu Fabra desde el curso 2009-2010, donde imparte asignaturas de arte antiguo y de arte medieval. Miembro de la Junta de Gobierno de la Instituci\u00f3 Catalana de Genealogia i Her\u00e0ldica.<\/p>\n\n\n\n<p><\/p>\n\n\n\n<p><strong>Her\u00e1ldica<\/strong>:<br>Es la ciencia que tiene por objeto el estudio de los escudos de armas. Trata del origen de los escudos, de su composici\u00f3n, de las leyes her\u00e1ldicas y de la manera de blasonar.<br><\/p>\n\n\n\n<p><strong>Vexilolog\u00eda<\/strong>:<br>Es la disciplina que trata de las banderas. La bandera es un trozo de ropa que, fijado en un palo, se\u00f1ala algo o identifica, representa o distingue un colectivo de personas, una sola persona o una idea.<\/p>\n\n\n\n<p><\/p>\n\n\n\n<h4 class=\"wp-block-heading\">Regulaci\u00f3n,&nbsp;registro&nbsp;y&nbsp;uso<\/h4>\n\n\n\n<p><em>V\u00e9ase&nbsp;tambi\u00e9n:&nbsp;S\u00edmbolos&nbsp;oficiales&nbsp;de&nbsp;las&nbsp;entidades&nbsp;locales&nbsp;de&nbsp;Catalu\u00f1a<\/em><\/p>\n\n\n\n<p>En&nbsp;la&nbsp;provincia&nbsp;de&nbsp;Barcelona,&nbsp;como&nbsp;en&nbsp;el&nbsp;resto&nbsp;de&nbsp;provincias&nbsp;de&nbsp;la&nbsp;Comunidad&nbsp;Aut\u00f3noma&nbsp;de&nbsp;Catalu\u00f1a,&nbsp;la&nbsp;denominaci\u00f3n,&nbsp;los&nbsp;s\u00edmbolos&nbsp;y&nbsp;el&nbsp;registro&nbsp;de&nbsp;entes&nbsp;locales&nbsp;de&nbsp;Catalu\u00f1a&nbsp;est\u00e1n&nbsp;regulados&nbsp;por&nbsp;el&nbsp;decreto&nbsp;139\/2007&nbsp;de&nbsp;26de&nbsp;junio&nbsp;de&nbsp;2007,&nbsp;publicado&nbsp;en&nbsp;el&nbsp;DOGC&nbsp;4914&nbsp;del&nbsp;28&nbsp;de&nbsp;junio&nbsp;de&nbsp;2007.<sup>[1]<\/sup>&nbsp;Este&nbsp;decreto&nbsp;sustituye&nbsp;al&nbsp;decreto&nbsp;263\/1991,&nbsp;de&nbsp;25&nbsp;de&nbsp;noviembre&nbsp;de&nbsp;1991,&nbsp;por&nbsp;el&nbsp;que&nbsp;se&nbsp;aprobaba&nbsp;el&nbsp;reglamento&nbsp;de&nbsp;los&nbsp;s\u00edmbolos&nbsp;de&nbsp;los&nbsp;entes&nbsp;locales&nbsp;de&nbsp;Catalu\u00f1a.<sup>[2]<\/sup>&nbsp;y&nbsp;mediante&nbsp;el&nbsp;cual,&nbsp;la&nbsp;Generalidad&nbsp;de&nbsp;Catalu\u00f1a&nbsp;era&nbsp;la&nbsp;instituci\u00f3n&nbsp;que&nbsp;regulaba&nbsp;y&nbsp;registraba&nbsp;los&nbsp;s\u00edmbolos,&nbsp;tales&nbsp;como&nbsp;la&nbsp;bandera&nbsp;o&nbsp;el&nbsp;escudo,&nbsp;de&nbsp;las&nbsp;entidades&nbsp;locales.&nbsp;El&nbsp;decreto&nbsp;263\/191&nbsp;llenaba&nbsp;un&nbsp;vac\u00edo&nbsp;de&nbsp;contenido&nbsp;dejado&nbsp;por&nbsp;el&nbsp;art\u00edculo&nbsp;37.1&nbsp;de&nbsp;la&nbsp;Ley&nbsp;8\/1987&nbsp;,&nbsp;de&nbsp;15&nbsp;de&nbsp;abri<a href=\"https:\/\/es-academic.com\/dic.nsf\/eswiki\/5742\">l<\/a>&nbsp;de&nbsp;1987,&nbsp;por&nbsp;la&nbsp;cual&nbsp;se&nbsp;autoriza&nbsp;a&nbsp;los&nbsp;municipios&nbsp;y&nbsp;otros&nbsp;reg\u00edmenes&nbsp;locales&nbsp;a&nbsp;dotarse&nbsp;de&nbsp;s\u00edmbolos&nbsp;propios&nbsp;por&nbsp;el&nbsp;art\u00edculo&nbsp;50.21&nbsp;de&nbsp;la&nbsp;ley&nbsp;8\/1987,&nbsp;pero&nbsp;sin&nbsp;regular,&nbsp;como&nbsp;lo&nbsp;hace&nbsp;el&nbsp;decreto,&nbsp;como&nbsp;deb\u00eda&nbsp;ser&nbsp;el&nbsp;s\u00edmbolo.<\/p>\n\n\n\n<p>El&nbsp;nuevo&nbsp;decreto&nbsp;139\/2007&nbsp;introduce&nbsp;un&nbsp;reconocimiento&nbsp;mucho&nbsp;m\u00e1s&nbsp;expl\u00edcito&nbsp;de&nbsp;la&nbsp;autonom\u00eda&nbsp;de&nbsp;los&nbsp;entes&nbsp;locales&nbsp;de&nbsp;Catalu\u00f1a,&nbsp;mayoritariamente&nbsp;representados&nbsp;por&nbsp;los&nbsp;ayuntamientos&nbsp;de&nbsp;los&nbsp;municipios,&nbsp;en&nbsp;relaci\u00f3n&nbsp;con&nbsp;su&nbsp;identificaci\u00f3n&nbsp;y&nbsp;simbolog\u00eda.<sup>[1]<\/sup>&nbsp;Este&nbsp;decreto,&nbsp;mediante&nbsp;su&nbsp;t\u00edtulo&nbsp;segundo&nbsp;disponen&nbsp;la&nbsp;capacidad&nbsp;de&nbsp;los&nbsp;entes&nbsp;locales&nbsp;a&nbsp;adoptar&nbsp;un&nbsp;escudo,&nbsp;una&nbsp;bandera&nbsp;y&nbsp;un&nbsp;emblema&nbsp;como&nbsp;s\u00edmbolos&nbsp;locales&nbsp;y&nbsp;que&nbsp;estos&nbsp;se&nbsp;deben&nbsp;inscribir&nbsp;sus&nbsp;s\u00edmbolos&nbsp;en&nbsp;el&nbsp;Registro&nbsp;de&nbsp;entidades&nbsp;locales&nbsp;de&nbsp;Catalu\u00f1a.<\/p>\n\n\n\n<p>La&nbsp;Generalidad&nbsp;de&nbsp;Catalu\u00f1a,&nbsp;a&nbsp;partir&nbsp;del&nbsp;decreto,&nbsp;comprueba&nbsp;que&nbsp;las&nbsp;normas&nbsp;her\u00e1ldicas&nbsp;sean&nbsp;respetadas,&nbsp;as\u00ed&nbsp;como&nbsp;otros&nbsp;datos&nbsp;en&nbsp;los&nbsp;que&nbsp;se&nbsp;fundamentan&nbsp;los&nbsp;s\u00edmbolos.&nbsp;Tambi\u00e9n&nbsp;comprueba&nbsp;si&nbsp;los&nbsp;s\u00edmbolos&nbsp;aprobados&nbsp;son&nbsp;susceptibles&nbsp;de&nbsp;ser&nbsp;confundidos&nbsp;con&nbsp;los&nbsp;de&nbsp;otra&nbsp;entidad&nbsp;local.&nbsp;Tambi\u00e9n&nbsp;regula&nbsp;el&nbsp;procedimiento&nbsp;aplicable&nbsp;para&nbsp;la&nbsp;adopci\u00f3n,&nbsp;la&nbsp;modificaci\u00f3n,&nbsp;el&nbsp;cambio&nbsp;o&nbsp;la&nbsp;rehabilitaci\u00f3n&nbsp;de&nbsp;los&nbsp;s\u00edmbolos.<\/p>\n\n\n\n<p>Entre&nbsp;otros&nbsp;puntos&nbsp;cabe&nbsp;destacar&nbsp;las&nbsp;siguientes&nbsp;regulaciones:<\/p>\n\n\n\n<ul class=\"wp-block-list\"><li><strong>Contenido:<\/strong><ul><li><strong>Elementos<\/strong>:&nbsp;El&nbsp;art\u00edculo&nbsp;20&nbsp;del&nbsp;decreto&nbsp;regula&nbsp;el&nbsp;contenido&nbsp;de&nbsp;los&nbsp;escudos,&nbsp;admitiendo&nbsp;solo&nbsp;elementos&nbsp;fundamentados&nbsp;en&nbsp;hechos&nbsp;hist\u00f3ricos&nbsp;o&nbsp;accidentes&nbsp;geogr\u00e1ficos,&nbsp;en&nbsp;caracter\u00edsticas&nbsp;propias&nbsp;de&nbsp;la&nbsp;entidad&nbsp;local&nbsp;o&nbsp;en&nbsp;su&nbsp;nombre.<\/li><li><strong>S\u00edmbolos&nbsp;de&nbsp;Catalu\u00f1a<\/strong>:&nbsp;Seg\u00fan&nbsp;el&nbsp;art\u00edculo&nbsp;21.1,&nbsp;solo&nbsp;se&nbsp;puede&nbsp;incorporar&nbsp;el&nbsp;Se\u00f1al&nbsp;Real,&nbsp;que&nbsp;figura&nbsp;en&nbsp;el&nbsp;escudo&nbsp;de&nbsp;Catalu\u00f1a,&nbsp;si&nbsp;el&nbsp;municipio&nbsp;tiene&nbsp;derecho&nbsp;hist\u00f3rico.&nbsp;Ese&nbsp;derecho&nbsp;puede&nbsp;ser&nbsp;por&nbsp;concesi\u00f3n&nbsp;real&nbsp;o&nbsp;el&nbsp;hecho&nbsp;que&nbsp;el&nbsp;lugar&nbsp;haya&nbsp;dependido&nbsp;jurisdiccionalmente&nbsp;directamente&nbsp;del&nbsp;rey.<\/li><li><strong>Blasonado<\/strong>:&nbsp;El&nbsp;blasonado&nbsp;debe&nbsp;ser&nbsp;lo&nbsp;m\u00e1s&nbsp;simple&nbsp;y&nbsp;sencillo&nbsp;posible,&nbsp;siempre&nbsp;que&nbsp;permita&nbsp;diferenciarse&nbsp;de&nbsp;otros&nbsp;escudos.&nbsp;El&nbsp;art\u00edculo&nbsp;25&nbsp;tambi\u00e9n&nbsp;dice&nbsp;que&nbsp;se&nbsp;le&nbsp;dar\u00e1&nbsp;preferencia&nbsp;a&nbsp;la&nbsp;se\u00f1al&nbsp;propia&nbsp;de&nbsp;la&nbsp;entidad&nbsp;ante&nbsp;otras&nbsp;figuras&nbsp;que&nbsp;puedan&nbsp;figurar.&nbsp;El&nbsp;art\u00edculo&nbsp;28.1&nbsp;trata&nbsp;sobre&nbsp;el&nbsp;uso&nbsp;de&nbsp;las&nbsp;coloraciones&nbsp;en&nbsp;el&nbsp;escudo,&nbsp;en&nbsp;her\u00e1ldica&nbsp;llamados&nbsp;esmaltes,&nbsp;que&nbsp;se&nbsp;pueden&nbsp;utilizar&nbsp;el&nbsp;campo&nbsp;del&nbsp;escudo.&nbsp;Los&nbsp;esmaltes&nbsp;utilizados&nbsp;deben&nbsp;acogerse&nbsp;a&nbsp;las&nbsp;normas&nbsp;de&nbsp;la&nbsp;her\u00e1ldica,&nbsp;no&nbsp;pudiendo&nbsp;combinar&nbsp;metal&nbsp;sobre&nbsp;metal&nbsp;ni&nbsp;color&nbsp;sobre&nbsp;color.&nbsp;Entre&nbsp;los&nbsp;esmaltes&nbsp;se&nbsp;distinguen&nbsp;los&nbsp;metales&nbsp;(oro&nbsp;y&nbsp;plata&nbsp;o&nbsp;arg\u00e9n),&nbsp;los&nbsp;colores&nbsp;(azur,&nbsp;gules,&nbsp;sinople,&nbsp;sable,&nbsp;p\u00farpura&#8230;)&nbsp;y&nbsp;los&nbsp;forros&nbsp;(armi\u00f1os,&nbsp;vero&#8230;).&nbsp;El&nbsp;art\u00edculo&nbsp;29&nbsp;tambi\u00e9n&nbsp;regula&nbsp;las&nbsp;esmaltes&nbsp;a&nbsp;utilizar&nbsp;para&nbsp;cargas&nbsp;y&nbsp;estos&nbsp;deben&nbsp;ser&nbsp;representados&nbsp;de&nbsp;acuerdo&nbsp;con&nbsp;la&nbsp;normativa&nbsp;her\u00e1ldica&nbsp;y&nbsp;nunca&nbsp;al&nbsp;natural&nbsp;(coloraci\u00f3n&nbsp;no&nbsp;descrita&nbsp;entre&nbsp;los&nbsp;esmaltes&nbsp;her\u00e1ldicos).<\/li><\/ul><\/li><li><strong>Forma:<\/strong>&nbsp;El&nbsp;art\u00edculo&nbsp;26&nbsp;recoge&nbsp;la&nbsp;forma&nbsp;que&nbsp;deben&nbsp;tener&nbsp;todos&nbsp;los&nbsp;escudos&nbsp;de&nbsp;las&nbsp;entidades&nbsp;locales,&nbsp;y&nbsp;\u00e9sta&nbsp;se&nbsp;describe&nbsp;como&nbsp;cuadrada,&nbsp;apoyada&nbsp;sobre&nbsp;uno&nbsp;de&nbsp;sus&nbsp;v\u00e9rtices&nbsp;y&nbsp;con&nbsp;una&nbsp;de&nbsp;sus&nbsp;diagonales&nbsp;dispuesta&nbsp;verticalmente&nbsp;y&nbsp;la&nbsp;otra&nbsp;horizontalmente.&nbsp;Algunos&nbsp;tratadistas&nbsp;recogen&nbsp;esta&nbsp;forma&nbsp;como&nbsp;escudo&nbsp;en&nbsp;forma&nbsp;de&nbsp;ciudad&nbsp;o&nbsp;municipio.&nbsp;La&nbsp;Generalidad,&nbsp;en&nbsp;la&nbsp;versi\u00f3n&nbsp;en&nbsp;castellano&nbsp;del&nbsp;decreto&nbsp;263\/191&nbsp;describ\u00eda&nbsp;la&nbsp;forma&nbsp;como&nbsp;<em>en&nbsp;forma&nbsp;de&nbsp;losange&nbsp;con&nbsp;\u00e1ngulos&nbsp;rectos<\/em><sup>[2]<\/sup>&nbsp;y&nbsp;en&nbsp;el&nbsp;decreto&nbsp;139\/2007,&nbsp;la&nbsp;describe&nbsp;como&nbsp;&#8220;embaldosada&#8221;.<sup><a href=\"https:\/\/es-academic.com\/dic.nsf\/eswiki\/567944#cite_note-reglamento2007-0\">[1]<\/a><\/sup><\/li><\/ul>\n\n\n\n<p>Esta&nbsp;forma&nbsp;de&nbsp;escudo&nbsp;fue&nbsp;la&nbsp;recomendada&nbsp;en&nbsp;una&nbsp;reuni\u00f3n&nbsp;internacional&nbsp;de&nbsp;her\u00e1ldica,&nbsp;celebrada&nbsp;en&nbsp;Roma&nbsp;en&nbsp;1958,&nbsp;como&nbsp;la&nbsp;m\u00e1s&nbsp;indicada&nbsp;para&nbsp;los&nbsp;armoriales&nbsp;c\u00edvicos,&nbsp;por&nbsp;tal&nbsp;de&nbsp;diferenciarlos&nbsp;mejor&nbsp;de&nbsp;las&nbsp;gentilicias.&nbsp;Esta&nbsp;recomendaci\u00f3n&nbsp;fue&nbsp;adoptada&nbsp;en&nbsp;Catalu\u00f1a&nbsp;en&nbsp;1981,&nbsp;cuando&nbsp;fue&nbsp;traspasado&nbsp;la&nbsp;competencia&nbsp;de&nbsp;oficializar&nbsp;los&nbsp;escudos&nbsp;c\u00edvicos.<sup>[3]<\/sup><\/p>\n\n\n\n<ul class=\"wp-block-list\"><li><strong>Timbre:<\/strong>&nbsp;El&nbsp;reglamento&nbsp;especifica&nbsp;mediante&nbsp;el&nbsp;art\u00edculo&nbsp;30.2&nbsp;que&nbsp;el&nbsp;timbre,&nbsp;que&nbsp;es&nbsp;un&nbsp;acompa\u00f1amiento&nbsp;situado&nbsp;encima&nbsp;del&nbsp;escudo,&nbsp;es&nbsp;siempre&nbsp;una&nbsp;corona&nbsp;que,&nbsp;ordinariamente,&nbsp;ser\u00e1&nbsp;una&nbsp;corona&nbsp;mural&nbsp;que&nbsp;le&nbsp;corresponda.&nbsp;La&nbsp;Generalidad&nbsp;utiliza&nbsp;un&nbsp;baremo&nbsp;para&nbsp;determinar&nbsp;el&nbsp;tipo,&nbsp;siendo&nbsp;una&nbsp;corona&nbsp;mural&nbsp;de&nbsp;pueblo&nbsp;si&nbsp;tiene&nbsp;menos&nbsp;de&nbsp;5.000&nbsp;habitantes,&nbsp;una&nbsp;corona&nbsp;de&nbsp;villa&nbsp;si&nbsp;tiene&nbsp;menos&nbsp;de&nbsp;20.000&nbsp;y&nbsp;una&nbsp;de&nbsp;ciudad&nbsp;si&nbsp;supera&nbsp;esta&nbsp;\u00faltima&nbsp;cantidad.&nbsp;En&nbsp;cuanto&nbsp;a&nbsp;otras&nbsp;entidades&nbsp;locales&nbsp;menores,&nbsp;\u00e9stas&nbsp;no&nbsp;pueden&nbsp;llevar&nbsp;timbre,&nbsp;seg\u00fan&nbsp;el&nbsp;art\u00edculo&nbsp;30.5.<\/li><\/ul>\n\n\n\n<p>El&nbsp;art\u00edculo&nbsp;30.3&nbsp;especifica&nbsp;que&nbsp;los&nbsp;escudos&nbsp;de&nbsp;los&nbsp;municipios&nbsp;que&nbsp;hist\u00f3ricamente&nbsp;hayan&nbsp;sido&nbsp;el&nbsp;centro&nbsp;de&nbsp;un&nbsp;principado,&nbsp;ducado,&nbsp;marquesado,&nbsp;condado,&nbsp;vizcondado&nbsp;o&nbsp;baron\u00eda&nbsp;antes&nbsp;de&nbsp;la&nbsp;abolici\u00f3n&nbsp;de&nbsp;las&nbsp;jurisdicciones&nbsp;se\u00f1oriales&nbsp;tienen&nbsp;que&nbsp;ir&nbsp;timbrados&nbsp;con&nbsp;la&nbsp;corona&nbsp;correspondiente&nbsp;a&nbsp;su&nbsp;t\u00edtulo.&nbsp;Solo&nbsp;pueden&nbsp;ir&nbsp;timbradas&nbsp;con&nbsp;corona&nbsp;Real&nbsp;la&nbsp;ciudad&nbsp;de&nbsp;Barcelona&nbsp;y&nbsp;las&nbsp;villas&nbsp;o&nbsp;ciudades&nbsp;que&nbsp;hayan&nbsp;obtenido&nbsp;el&nbsp;t\u00edtulo&nbsp;de&nbsp;real&nbsp;villa&nbsp;o&nbsp;real&nbsp;ciudad.<\/p>\n\n\n\n<ul class=\"wp-block-list\"><li><strong>Acompa\u00f1amientos:<\/strong>&nbsp;El&nbsp;art\u00edculo&nbsp;31&nbsp;habla&nbsp;sobre&nbsp;los&nbsp;acompa\u00f1amientos,&nbsp;describi\u00e9ndolos&nbsp;como&nbsp;todo&nbsp;elemento&nbsp;exterior&nbsp;al&nbsp;escudo.&nbsp;El&nbsp;art\u00edculo&nbsp;15&nbsp;del&nbsp;decreto&nbsp;263\/1991&nbsp;solo&nbsp;permit\u00eda&nbsp;los&nbsp;acompa\u00f1amientos&nbsp;que&nbsp;hayan&nbsp;sido&nbsp;objeto&nbsp;de&nbsp;concesi\u00f3n&nbsp;expresa,&nbsp;en&nbsp;cambio&nbsp;el&nbsp;art\u00edculo&nbsp;31.2&nbsp;del&nbsp;nuevo&nbsp;decreto,&nbsp;a&nbsp;parte&nbsp;de&nbsp;los&nbsp;acompa\u00f1amientos&nbsp;concedidos&nbsp;tambi\u00e9n&nbsp;acepta&nbsp;los&nbsp;que&nbsp;determine&nbsp;el&nbsp;ente&nbsp;local.<\/li><\/ul>\n\n\n\n<p>El&nbsp;escudo,&nbsp;al&nbsp;igual&nbsp;que&nbsp;el&nbsp;resto&nbsp;de&nbsp;s\u00edmbolos,&nbsp;se&nbsp;podr\u00e1n&nbsp;utilizar&nbsp;a&nbsp;partir&nbsp;de&nbsp;su&nbsp;oficializaci\u00f3n&nbsp;seg\u00fan&nbsp;el&nbsp;art\u00edculo&nbsp;23.&nbsp;El&nbsp;art\u00edculo&nbsp;32.1&nbsp;especifica&nbsp;que&nbsp;el&nbsp;escudo&nbsp;es&nbsp;de&nbsp;car\u00e1cter&nbsp;privativo&nbsp;a&nbsp;la&nbsp;entidad&nbsp;local&nbsp;a&nbsp;la&nbsp;que&nbsp;representa.&nbsp;Ning\u00fan&nbsp;ente&nbsp;local&nbsp;puede&nbsp;hacer&nbsp;uso&nbsp;de&nbsp;un&nbsp;escudo&nbsp;que&nbsp;no&nbsp;sea&nbsp;el&nbsp;propio.&nbsp;Las&nbsp;entidades&nbsp;privadas&nbsp;o&nbsp;particulares&nbsp;puede&nbsp;hacer&nbsp;uso&nbsp;del&nbsp;escudo&nbsp;si&nbsp;tienen&nbsp;la&nbsp;autorizaci\u00f3n&nbsp;expresa&nbsp;del&nbsp;ente&nbsp;local.<\/p>\n\n\n\n<p><\/p>\n\n\n\n<figure class=\"wp-block-embed is-type-video is-provider-youtube wp-block-embed-youtube wp-embed-aspect-16-9 wp-has-aspect-ratio\"><div class=\"wp-block-embed__wrapper\">\n<iframe loading=\"lazy\" title=\"Her\u00e1ldica y Vexilolog\u00eda Municipal: El caso de Catalunya de Josep M. Palau i Baduell\" width=\"660\" height=\"371\" src=\"https:\/\/www.youtube.com\/embed\/I0yfnxvXwiY?feature=oembed\" frameborder=\"0\" allow=\"accelerometer; autoplay; clipboard-write; encrypted-media; gyroscope; picture-in-picture; web-share\" referrerpolicy=\"strict-origin-when-cross-origin\" allowfullscreen><\/iframe>\n<\/div><\/figure>\n\n\n\n<p><a href=\"https:\/\/www.yumpu.com\/xx\/document\/read\/66856986\/heraldica-civica-a-catalunya-icgenher\" target=\"_blank\" rel=\"noreferrer noopener\">Her\u00e0ldica c\u00edvica a Catalunya d\u2019Armand de Fluvi\u00e0<\/a><\/p>\n\n\n\n<p><a href=\"https:\/\/sites.google.com\/site\/escutsibanderes\/municipis\/baix-camp\/reus\" target=\"_blank\" rel=\"noreferrer noopener\">Escuts i banderes de Catalunya de Josep M. Palau<\/a><\/p>\n\n\n\n<p><a href=\"https:\/\/www.yumpu.com\/es\/document\/read\/63254329\/recerca-heraldica-a-catalunya\" target=\"_blank\" rel=\"noreferrer noopener\">Recerca her\u00e0ldica a Catalunya de F. Pere Puigderrajols i Jarque<\/a><\/p>\n","protected":false},"excerpt":{"rendered":"<p>Cicle de videoconfer\u00e8ncies: ICGenHer, Instituci\u00f3 Catalana de Genealogia i Her\u00e0ldica, organitzades amb la UNAM, Universitat Nacional Aut\u00f2noma de M\u00e8xic, Seminario de Paleograf\u00eda y Diplom\u00e1tica de la FES Acatl\u00e1n UNAM, dirigida pel Dr. Miguel \u00c1ngel Cer\u00f3n i coordinades des de Barcelona per Ignasi Ametlla (ICGenHer \u2013 www.icgenher.cat). Es poden seguir a:FACEBOOK LIVE: https:\/\/www.facebook.com\/sepepadi\/ Her\u00e1ldica y vexilolog\u00eda &#8230;<\/p>\n<p><a href=\"https:\/\/iafgh.cat\/?p=2189\" class=\"more-link\">More <span class=\"meta-nav\">&rarr;<\/span><\/a><\/p>\n","protected":false},"author":1,"featured_media":2190,"comment_status":"closed","ping_status":"closed","sticky":false,"template":"","format":"standard","meta":{"footnotes":""},"categories":[1],"tags":[],"class_list":["post-2189","post","type-post","status-publish","format-standard","has-post-thumbnail","hentry","category-general"],"_links":{"self":[{"href":"https:\/\/iafgh.cat\/index.php?rest_route=\/wp\/v2\/posts\/2189","targetHints":{"allow":["GET"]}}],"collection":[{"href":"https:\/\/iafgh.cat\/index.php?rest_route=\/wp\/v2\/posts"}],"about":[{"href":"https:\/\/iafgh.cat\/index.php?rest_route=\/wp\/v2\/types\/post"}],"author":[{"embeddable":true,"href":"https:\/\/iafgh.cat\/index.php?rest_route=\/wp\/v2\/users\/1"}],"replies":[{"embeddable":true,"href":"https:\/\/iafgh.cat\/index.php?rest_route=%2Fwp%2Fv2%2Fcomments&post=2189"}],"version-history":[{"count":3,"href":"https:\/\/iafgh.cat\/index.php?rest_route=\/wp\/v2\/posts\/2189\/revisions"}],"predecessor-version":[{"id":2206,"href":"https:\/\/iafgh.cat\/index.php?rest_route=\/wp\/v2\/posts\/2189\/revisions\/2206"}],"wp:featuredmedia":[{"embeddable":true,"href":"https:\/\/iafgh.cat\/index.php?rest_route=\/wp\/v2\/media\/2190"}],"wp:attachment":[{"href":"https:\/\/iafgh.cat\/index.php?rest_route=%2Fwp%2Fv2%2Fmedia&parent=2189"}],"wp:term":[{"taxonomy":"category","embeddable":true,"href":"https:\/\/iafgh.cat\/index.php?rest_route=%2Fwp%2Fv2%2Fcategories&post=2189"},{"taxonomy":"post_tag","embeddable":true,"href":"https:\/\/iafgh.cat\/index.php?rest_route=%2Fwp%2Fv2%2Ftags&post=2189"}],"curies":[{"name":"wp","href":"https:\/\/api.w.org\/{rel}","templated":true}]}}