{"id":2173,"date":"2022-03-08T10:27:09","date_gmt":"2022-03-08T10:27:09","guid":{"rendered":"https:\/\/iafgh.cat\/?p=2173"},"modified":"2022-05-04T08:05:41","modified_gmt":"2022-05-04T08:05:41","slug":"cicle-de-videoconferencies","status":"publish","type":"post","link":"https:\/\/iafgh.cat\/?p=2173","title":{"rendered":"Cicle de videoconfer\u00e8ncies"},"content":{"rendered":"\n<div class=\"wp-block-media-text alignwide is-stacked-on-mobile\"><figure class=\"wp-block-media-text__media\"><img loading=\"lazy\" decoding=\"async\" width=\"1024\" height=\"684\" src=\"https:\/\/iafgh.cat\/wp-content\/uploads\/2022\/03\/NOM4068-1024x684.jpg\" alt=\"\" class=\"wp-image-2176 size-full\" srcset=\"https:\/\/iafgh.cat\/wp-content\/uploads\/2022\/03\/NOM4068-1024x684.jpg 1024w, https:\/\/iafgh.cat\/wp-content\/uploads\/2022\/03\/NOM4068-300x200.jpg 300w, https:\/\/iafgh.cat\/wp-content\/uploads\/2022\/03\/NOM4068-768x513.jpg 768w, https:\/\/iafgh.cat\/wp-content\/uploads\/2022\/03\/NOM4068-1536x1026.jpg 1536w, https:\/\/iafgh.cat\/wp-content\/uploads\/2022\/03\/NOM4068-2048x1369.jpg 2048w, https:\/\/iafgh.cat\/wp-content\/uploads\/2022\/03\/NOM4068-1240x829.jpg 1240w, https:\/\/iafgh.cat\/wp-content\/uploads\/2022\/03\/NOM4068-508x339.jpg 508w\" sizes=\"auto, (max-width: 1024px) 100vw, 1024px\" \/><\/figure><div class=\"wp-block-media-text__content\">\n<p>Cicle de videoconfer\u00e8ncies:<\/p>\n\n\n\n<p>ICGenHer, Instituci\u00f3 Catalana de Genealogia i Her\u00e0ldica, organitzades amb la UNAM, Universitat Nacional Aut\u00f2noma de M\u00e8xic, Seminario de Paleograf\u00eda y Diplom\u00e1tica de la FES Acatl\u00e1n UNAM, dirigida pel Dr. Miguel \u00c1ngel Cer\u00f3n i coordinades des de Barcelona per Ignasi Ametlla (ICGenHer &#8211; www.icgenher.cat).<\/p>\n\n\n\n<p>Es poden seguir a:<br><strong>FACEBOOK LIVE<\/strong>: https:\/\/www.facebook.com\/sepepadi\/<\/p>\n<\/div><\/div>\n\n\n\n<p><strong>-22 d&#8217;abril, Dr. Pedro Moreno-Meyerhoff.<\/strong><\/p>\n\n\n\n<p>T\u00edtulo de la lecci\u00f3n:<\/p>\n\n\n\n<p>LA CABALLER\u00cdA: FUNDAMENTO DE LA NOBLEZA<\/p>\n\n\n\n<ol class=\"wp-block-list\"><li>Or\u00edgenes de la caballer\u00eda.<\/li><li>La iniciaci\u00f3n caballeresca: aprendizaje y ceremonia de armar caballero.<\/li><li>La idea de nobleza.<\/li><li>El ideal caballeresco: armas, nobleza y honor.<\/li><\/ol>\n\n\n\n<p>Desde el siglo IX al XV, va consolid\u00e1ndose una instituci\u00f3n que surge de la oposici\u00f3n, luego de la alianza, de dos ideales contrapuestos (la paz y la guerra), ignorada por los poderes, sometida a un c\u00f3digo que siempre fue oral, hecha de hombres, en ocasiones desconocidos entre s\u00ed, y que ha marcado con su huella toda la vida de la Europa militar, es decir, de toda la clase dominante en una \u00e9poca en la que los jefes -el rey y sus altos servidores- eran, sino en principio, pero al menos de hecho, sobre todo hombres de guerra. Ha sido pues, el sustrato de la nobleza, no s\u00f3lo por la defensa comprometida de sus virtudes, sino tambi\u00e9n por el poder y la riqueza. Durante sus per\u00edodos de paz, entregados a los torneos, justas y desaf\u00edos, y en tiempos de guerra, a la cabeza de sus huestes, en las Cruzadas o en las \u00f3rdenes como la Teut\u00f3nica, el Temple, Santiago o Calatrava. Esa instituci\u00f3n que dio lugar a ficciones literarias, fijadas en el imaginario de los pueblos de Europa, tanto como la admiraci\u00f3n de Cervantes a trav\u00e9s del Quijote o el ciclo del rey Arturo y los caballeros de la Tabla Redonda. Esta instituci\u00f3n de la que algunos de sus usos, por ejemplo, algunos ritos, han permanecido en nuestras costumbres, es la Caballer\u00eda.<br><\/p>\n\n\n\n<p>La Caballer\u00eda, a pesar de todo, sigue siendo poco o mal conocida. Para seguir sus oscuros comienzos, su deslumbrante prosperidad y su lento declinar, s\u00f3lo contamos con unos pocos textos, y a\u00fan \u00e9stos deben ser utilizados con extrema prudencia.<br>Mi prop\u00f3sito es presentar esta instituci\u00f3n a trav\u00e9s de sus or\u00edgenes, explicar la iniciaci\u00f3n caballeresca mediante el rito de armar caballero, presentando los compromisos que \u00e9ste adquiere y se\u00f1alando igualmente que constituye la verdadera base de la nobleza.<\/p>\n\n\n\n<p>Prof. Dr. Pedro Moreno-Meyerhoff<br>Nacido en Barcelona, 1954. Doctor en Derecho por la Universidad de Barcelona, Profesor Titular de Derecho Procesal en las Universidades de Barcelona y L\u00e9rida. Historiador, genealogista y pintor. Miembro de la Instituci\u00f3 Catalana de Genealogia i Her\u00e0ldica, Acad\u00e9mico Correspondiente de la Real Academia Matritense de Her\u00e1ldica y Genealog\u00eda, Miembro del Istituto Araldico Genealogico Italiano, Miembro del Institut d\u2019Estudis Nobiliaris, Colaborador del \u201cDiccionario Biogr\u00e1fico Espa\u00f1ol\u201d, patrocinado por la Real Academia de la Historia. Autor de numerosos estudios sobre Historia, Genealog\u00eda y Nobiliaria, especializado en la nobleza de la Corona de Arag\u00f3n, y, particularmente en la Casa ducal de H\u00edjar y sus enlazadas. Destacando su obra \u201cHistoria geneal\u00f3gica de la Casa H\u00edjar. Los descendientes del Rey Don Jaime I el Conquistador (siglos XIII-XXI)\u201d, Barcelona, 2018, Difusi\u00f3n\/Publicaciones y V\u00eddeos. Ha participado as\u00ed mismo en diversos Congresos nacionales e internacionales y ha impartido conferencias y cursos sobre estas materias y especialidades.<\/p>\n\n\n\n<p><strong>Confer\u00e8ncies programades:<\/strong><br>&#8211;<strong>22 d&#8217;abril<\/strong>, Dr. Pedro Moreno-Meyerhoff. <em>La Caballeria: fundamento de la Nobleza<\/em><\/p>\n\n\n\n<p><a rel=\"noreferrer noopener\" href=\"https:\/\/youtu.be\/uBp_OJlUHIE\" target=\"_blank\">https:\/\/youtu.be\/uBp_OJlUHIE<\/a><\/p>\n\n\n\n<p><br>&#8211;<strong>6 de maig<\/strong>, Dr. Josep Maria Palau. <em>Heraldica y Vexilologia Municipal: El caso de Catalunya<\/em><br>&#8211;<strong>20 de maig<\/strong>, Dr. Josep Maria Sans i Trav\u00e9. <em>Els Templers.<\/em><\/p>\n\n\n\n<p>Es poden seguir a:<br><strong>FACEBOOK LIVE<\/strong>: https:\/\/www.facebook.com\/sepepadi\/<\/p>\n","protected":false},"excerpt":{"rendered":"<p>Cicle de videoconfer\u00e8ncies: ICGenHer, Instituci\u00f3 Catalana de Genealogia i Her\u00e0ldica, organitzades amb la UNAM, Universitat Nacional Aut\u00f2noma de M\u00e8xic, Seminario de Paleograf\u00eda y Diplom\u00e1tica de la FES Acatl\u00e1n UNAM, dirigida pel Dr. Miguel \u00c1ngel Cer\u00f3n i coordinades des de Barcelona per Ignasi Ametlla (ICGenHer &#8211; www.icgenher.cat). Es poden seguir a:FACEBOOK LIVE: https:\/\/www.facebook.com\/sepepadi\/ -22 d&#8217;abril, Dr. &#8230;<\/p>\n<p><a href=\"https:\/\/iafgh.cat\/?p=2173\" class=\"more-link\">More <span class=\"meta-nav\">&rarr;<\/span><\/a><\/p>\n","protected":false},"author":1,"featured_media":2174,"comment_status":"closed","ping_status":"closed","sticky":false,"template":"","format":"standard","meta":{"footnotes":""},"categories":[1],"tags":[],"class_list":["post-2173","post","type-post","status-publish","format-standard","has-post-thumbnail","hentry","category-general"],"_links":{"self":[{"href":"https:\/\/iafgh.cat\/index.php?rest_route=\/wp\/v2\/posts\/2173","targetHints":{"allow":["GET"]}}],"collection":[{"href":"https:\/\/iafgh.cat\/index.php?rest_route=\/wp\/v2\/posts"}],"about":[{"href":"https:\/\/iafgh.cat\/index.php?rest_route=\/wp\/v2\/types\/post"}],"author":[{"embeddable":true,"href":"https:\/\/iafgh.cat\/index.php?rest_route=\/wp\/v2\/users\/1"}],"replies":[{"embeddable":true,"href":"https:\/\/iafgh.cat\/index.php?rest_route=%2Fwp%2Fv2%2Fcomments&post=2173"}],"version-history":[{"count":6,"href":"https:\/\/iafgh.cat\/index.php?rest_route=\/wp\/v2\/posts\/2173\/revisions"}],"predecessor-version":[{"id":2188,"href":"https:\/\/iafgh.cat\/index.php?rest_route=\/wp\/v2\/posts\/2173\/revisions\/2188"}],"wp:featuredmedia":[{"embeddable":true,"href":"https:\/\/iafgh.cat\/index.php?rest_route=\/wp\/v2\/media\/2174"}],"wp:attachment":[{"href":"https:\/\/iafgh.cat\/index.php?rest_route=%2Fwp%2Fv2%2Fmedia&parent=2173"}],"wp:term":[{"taxonomy":"category","embeddable":true,"href":"https:\/\/iafgh.cat\/index.php?rest_route=%2Fwp%2Fv2%2Fcategories&post=2173"},{"taxonomy":"post_tag","embeddable":true,"href":"https:\/\/iafgh.cat\/index.php?rest_route=%2Fwp%2Fv2%2Ftags&post=2173"}],"curies":[{"name":"wp","href":"https:\/\/api.w.org\/{rel}","templated":true}]}}