{"id":2104,"date":"2021-10-27T11:00:25","date_gmt":"2021-10-27T11:00:25","guid":{"rendered":"https:\/\/iafgh.cat\/?p=2104"},"modified":"2021-11-08T16:49:46","modified_gmt":"2021-11-08T16:49:46","slug":"90-aniversari-darmand-de-fluvia-i-escorsa","status":"publish","type":"post","link":"https:\/\/iafgh.cat\/?p=2104","title":{"rendered":"90 ANIVERSARI D\u2019ARMAND DE FLUVI\u00c0 I ESCORSA"},"content":{"rendered":"\n<p>Armand de Fluvi\u00e0, el nostre primer especialista en genealogia, her\u00e0ldica, nobili\u00e0ria, fundador i president de la ICGenHer. <\/p>\n\n\n\n<p>\u00c9s un veritable goig poder felicitar-lo en ocasi\u00f3 dels noranta anys, una fita que volem compartir amb tots vosaltres. <\/p>\n\n\n\n<p>La Instituci\u00f3 Catalana de Genealogia i Her\u00e0ldica, us convida a l\u2019acte de celebraci\u00f3 del 90 aniversari d\u2019Armand de Fluvi\u00e0. Dimecres 3 de novembre del 2021, a les 18\u201930 h, a la sala d\u2019actes Oriol Bohigas de l\u2019Ateneu Barcelon\u00e8s (de Barcelona). <\/p>\n\n\n\n<p>Pre\u00e0mbul: <\/p>\n\n\n\n<p>En nom de la presidenta Isona Passola i Vidal, Llu\u00efsa Juli\u00e0 Capdevila, vicepresidenta primera de l&#8217;Ateneu Barcelon\u00e8s. <\/p>\n\n\n\n<p>Participants: <\/p>\n\n\n\n<p>-Jordi Mestres, Dr. en Qu\u00edmica Computacional i membre de la Junta de Govern de la ICGenHer. <\/p>\n\n\n\n<p>-Pedro Moreno i Meyerhoff, Dr. en Dret i membre de la ICGenHer. <\/p>\n\n\n\n<p>-Jordi, Manent i Tom\u00e0s, fil\u00f2leg, historiador i membre de la ICGenHer. <\/p>\n\n\n\n<p>-Josep M. Sans i Trav\u00e9, acad\u00e8mic i exdirector de l&#8217;ANC i membre de la ICGenHer.<\/p>\n\n\n\n<p class=\"has-text-align-left\"><\/p>\n\n\n\n<p class=\"has-text-align-left\">ICGenHer<\/p>\n\n\n\n<p class=\"has-text-align-left\"><a href=\"https:\/\/iafgh.cat\">www.icgenher.cat<\/a><\/p>\n\n\n\n<p class=\"has-text-align-left\"><a href=\"mailto:correu@icgenher.cat\">correu@icgenher.cat<\/a><\/p>\n\n\n\n<p><\/p>\n\n\n\n<p><\/p>\n\n\n\n<figure class=\"wp-block-video\"><video height=\"1080\" style=\"aspect-ratio: 1920 \/ 1080;\" width=\"1920\" controls src=\"https:\/\/iafgh.cat\/wp-content\/uploads\/2021\/11\/Armand_de_Fluvia-1.mp4\"><\/video><\/figure>\n\n\n\n<figure class=\"wp-block-embed is-type-video is-provider-youtube wp-block-embed-youtube wp-embed-aspect-16-9 wp-has-aspect-ratio\"><div class=\"wp-block-embed__wrapper\">\n<iframe loading=\"lazy\" title=\"90 ANIVERSARI D\u2019ARMAND DE FLUVI\u00c0 I ESCORSA\" width=\"660\" height=\"371\" src=\"https:\/\/www.youtube.com\/embed\/Ds__oKrcgtA?feature=oembed\" frameborder=\"0\" allow=\"accelerometer; autoplay; clipboard-write; encrypted-media; gyroscope; picture-in-picture; web-share\" referrerpolicy=\"strict-origin-when-cross-origin\" allowfullscreen><\/iframe>\n<\/div><\/figure>\n","protected":false},"excerpt":{"rendered":"<p>Armand de Fluvi\u00e0, el nostre primer especialista en genealogia, her\u00e0ldica, nobili\u00e0ria, fundador i president de la ICGenHer. \u00c9s un veritable goig poder felicitar-lo en ocasi\u00f3 dels noranta anys, una fita que volem compartir amb tots vosaltres. La Instituci\u00f3 Catalana de Genealogia i Her\u00e0ldica, us convida a l\u2019acte de celebraci\u00f3 del 90 aniversari d\u2019Armand de Fluvi\u00e0. &#8230;<\/p>\n<p><a href=\"https:\/\/iafgh.cat\/?p=2104\" class=\"more-link\">More <span class=\"meta-nav\">&rarr;<\/span><\/a><\/p>\n","protected":false},"author":1,"featured_media":2116,"comment_status":"closed","ping_status":"closed","sticky":false,"template":"","format":"standard","meta":{"footnotes":""},"categories":[1],"tags":[],"class_list":["post-2104","post","type-post","status-publish","format-standard","has-post-thumbnail","hentry","category-general"],"_links":{"self":[{"href":"https:\/\/iafgh.cat\/index.php?rest_route=\/wp\/v2\/posts\/2104","targetHints":{"allow":["GET"]}}],"collection":[{"href":"https:\/\/iafgh.cat\/index.php?rest_route=\/wp\/v2\/posts"}],"about":[{"href":"https:\/\/iafgh.cat\/index.php?rest_route=\/wp\/v2\/types\/post"}],"author":[{"embeddable":true,"href":"https:\/\/iafgh.cat\/index.php?rest_route=\/wp\/v2\/users\/1"}],"replies":[{"embeddable":true,"href":"https:\/\/iafgh.cat\/index.php?rest_route=%2Fwp%2Fv2%2Fcomments&post=2104"}],"version-history":[{"count":6,"href":"https:\/\/iafgh.cat\/index.php?rest_route=\/wp\/v2\/posts\/2104\/revisions"}],"predecessor-version":[{"id":2121,"href":"https:\/\/iafgh.cat\/index.php?rest_route=\/wp\/v2\/posts\/2104\/revisions\/2121"}],"wp:featuredmedia":[{"embeddable":true,"href":"https:\/\/iafgh.cat\/index.php?rest_route=\/wp\/v2\/media\/2116"}],"wp:attachment":[{"href":"https:\/\/iafgh.cat\/index.php?rest_route=%2Fwp%2Fv2%2Fmedia&parent=2104"}],"wp:term":[{"taxonomy":"category","embeddable":true,"href":"https:\/\/iafgh.cat\/index.php?rest_route=%2Fwp%2Fv2%2Fcategories&post=2104"},{"taxonomy":"post_tag","embeddable":true,"href":"https:\/\/iafgh.cat\/index.php?rest_route=%2Fwp%2Fv2%2Ftags&post=2104"}],"curies":[{"name":"wp","href":"https:\/\/api.w.org\/{rel}","templated":true}]}}