{"id":2099,"date":"2021-10-21T17:53:44","date_gmt":"2021-10-21T17:53:44","guid":{"rendered":"https:\/\/iafgh.cat\/?p=2099"},"modified":"2021-10-21T17:56:44","modified_gmt":"2021-10-21T17:56:44","slug":"premi-internacional-don-vicente-de-cadenas-y-vicent","status":"publish","type":"post","link":"https:\/\/iafgh.cat\/?p=2099","title":{"rendered":"Premi internacional Don Vicente de Cadenas y Vicent"},"content":{"rendered":"\n<p>Coincidint amb el seu 90\u00e8 aniversari, l\u2019ofici d\u2019Armand de Fluvi\u00e0 com a Rei d\u2019Armes de Catalunya fou reconegut durant el XXXIV Congr\u00e9s Internacional de Genealogia i Her\u00e0ldica que \u00e9s va celebr\u00e0 a Madrid del 19 al 23 d\u2019octubre d\u2019enguany, on el dimecres dia 20 se li f\u00e9u entrega del Premi de la <em>Conf\u00e9d\u00e9ration Internationale de G\u00e9n\u00e9alogie et d\u2019H\u00e9raldique<\/em>, el m\u00e0xim reconeixement internacional a un Rei d\u2019Armes oficial d\u2019un pa\u00eds.<\/p>\n","protected":false},"excerpt":{"rendered":"<p>Coincidint amb el seu 90\u00e8 aniversari, l\u2019ofici d\u2019Armand de Fluvi\u00e0 com a Rei d\u2019Armes de Catalunya fou reconegut durant el XXXIV Congr\u00e9s Internacional de Genealogia i Her\u00e0ldica que \u00e9s va celebr\u00e0 a Madrid del 19 al 23 d\u2019octubre d\u2019enguany, on el dimecres dia 20 se li f\u00e9u entrega del Premi de la Conf\u00e9d\u00e9ration Internationale de &#8230;<\/p>\n<p><a href=\"https:\/\/iafgh.cat\/?p=2099\" class=\"more-link\">More <span class=\"meta-nav\">&rarr;<\/span><\/a><\/p>\n","protected":false},"author":1,"featured_media":2101,"comment_status":"closed","ping_status":"closed","sticky":false,"template":"","format":"standard","meta":{"footnotes":""},"categories":[1],"tags":[],"class_list":["post-2099","post","type-post","status-publish","format-standard","has-post-thumbnail","hentry","category-general"],"_links":{"self":[{"href":"https:\/\/iafgh.cat\/index.php?rest_route=\/wp\/v2\/posts\/2099","targetHints":{"allow":["GET"]}}],"collection":[{"href":"https:\/\/iafgh.cat\/index.php?rest_route=\/wp\/v2\/posts"}],"about":[{"href":"https:\/\/iafgh.cat\/index.php?rest_route=\/wp\/v2\/types\/post"}],"author":[{"embeddable":true,"href":"https:\/\/iafgh.cat\/index.php?rest_route=\/wp\/v2\/users\/1"}],"replies":[{"embeddable":true,"href":"https:\/\/iafgh.cat\/index.php?rest_route=%2Fwp%2Fv2%2Fcomments&post=2099"}],"version-history":[{"count":1,"href":"https:\/\/iafgh.cat\/index.php?rest_route=\/wp\/v2\/posts\/2099\/revisions"}],"predecessor-version":[{"id":2100,"href":"https:\/\/iafgh.cat\/index.php?rest_route=\/wp\/v2\/posts\/2099\/revisions\/2100"}],"wp:featuredmedia":[{"embeddable":true,"href":"https:\/\/iafgh.cat\/index.php?rest_route=\/wp\/v2\/media\/2101"}],"wp:attachment":[{"href":"https:\/\/iafgh.cat\/index.php?rest_route=%2Fwp%2Fv2%2Fmedia&parent=2099"}],"wp:term":[{"taxonomy":"category","embeddable":true,"href":"https:\/\/iafgh.cat\/index.php?rest_route=%2Fwp%2Fv2%2Fcategories&post=2099"},{"taxonomy":"post_tag","embeddable":true,"href":"https:\/\/iafgh.cat\/index.php?rest_route=%2Fwp%2Fv2%2Ftags&post=2099"}],"curies":[{"name":"wp","href":"https:\/\/api.w.org\/{rel}","templated":true}]}}