{"id":1997,"date":"2021-02-12T09:19:46","date_gmt":"2021-02-12T09:19:46","guid":{"rendered":"https:\/\/iafgh.cat\/?p=1997"},"modified":"2021-06-23T10:03:11","modified_gmt":"2021-06-23T10:03:11","slug":"cicle-de-conferencies-icgenher","status":"publish","type":"post","link":"https:\/\/iafgh.cat\/?p=1997","title":{"rendered":"Cicle de confer\u00e8ncies ICGenHer"},"content":{"rendered":"\n<p>ICGenHer.<\/p>\n\n\n\n<p>Cicle de confer\u00e8ncies&nbsp;ICGenHer, organitzades per a la&nbsp;UNAM&nbsp;de M\u00e8xic. &#8220;<em>Seminario&nbsp;Permanente&nbsp;de Paleografia&nbsp;y&nbsp;Dipolom\u00e1tica<\/em>&#8221; dirigida pel Dr.&nbsp;Miguel&nbsp;\u00c1ngel&nbsp;Cer\u00f3n i coordinades a Barcelona per Ignasi Ametlla (ICGenHer).&nbsp;<br><br>V\u00eddeo&nbsp;confer\u00e8ncies: aquestes&nbsp;confer\u00e8ncies&nbsp;les podreu seguir per Facebook<\/p>\n\n\n\n<p><span class=\"has-inline-color has-light-gray-color\">Jueves 18 de marzo de 2021<\/span><\/p>\n\n\n\n<h2 class=\"wp-block-heading\">La Her\u00e1ldica, arte y ciencia.<\/h2>\n\n\n\n<p>Armand de Fluvi\u00e0 i Escorsa<\/p>\n\n\n\n<p><em>Fundador y presidente de la ICGenHer<\/em><\/p>\n\n\n\n<p>La Her\u00e1ldica es la ciencia que tiene por objeto el estudio de los escudos de armas. Trata del origen de los escudos, de su composici\u00f3n, de las leyes her\u00e1ldicas y de la manera de blasonar.<br>Las armorias se colocaron en los castillos, las casas, las capillas, las l\u00e1pidas sepulcrales etc., a los trajes y en las ropas y en todo tipo de objetos y de joyas.<\/p>\n\n\n\n<p><br>Las primitivas piezas y figuras muy simples se fueron complicando y apareci\u00f3 una terminolog\u00eda exclusivamente her\u00e1ldica. Con el tiempo, la composici\u00f3n de los escudos se fija y fueron surgiendo unas reglas para delimitarlas. Los escudos de armas gentilicias solo pueden ser empleadas por los miembros del linaje o de la familia a quien corresponden por uso inmemorial probado o por los descendentes de la persona a qui\u00e9n fue concedido, y no se transmiten por l\u00ednea femenina, salvo los casos de vinculaciones sucesorias que expresamente lo establezcan, por lo cual no hay escudos de apellidos, sino escudos de linajes de familias.<\/p>\n\n\n\n<figure class=\"wp-block-embed is-type-video is-provider-youtube wp-block-embed-youtube wp-embed-aspect-16-9 wp-has-aspect-ratio\"><div class=\"wp-block-embed__wrapper\">\n<iframe loading=\"lazy\" title=\"LA HER\u00c1LDICA, ARTE O CIENCIA. de Armand de Fluvi\u00e0 i Escorsa. ICGenHer. www.icgenher.cat\" width=\"660\" height=\"371\" src=\"https:\/\/www.youtube.com\/embed\/AbKU_LjwoWQ?feature=oembed\" frameborder=\"0\" allow=\"accelerometer; autoplay; clipboard-write; encrypted-media; gyroscope; picture-in-picture; web-share\" referrerpolicy=\"strict-origin-when-cross-origin\" allowfullscreen><\/iframe>\n<\/div><\/figure>\n\n\n\n<h2 class=\"wp-block-heading\">&nbsp;<\/h2>\n\n\n\n<p><strong><span class=\"has-inline-color has-accent-color\">Jueves 17 de junio de 2021<\/span><\/strong><\/p>\n\n\n\n<h2 class=\"wp-block-heading\">Her\u00e1ldica y vexilolog\u00eda municipal: el caso de Catalunya.<\/h2>\n\n\n\n<p>Josep M. Palau i Baduell<\/p>\n\n\n\n<p><em>Secci\u00f3n de Her\u00e1ldica de la ICGenHer<\/em><\/p>\n\n\n\n<p>En todas las \u00e9pocas y en todas las civilizaciones ha habido firmes distintivos o emblemas, porque responden a una necesidad connatural de los seres humanos, y la her\u00e1ldica es el sistema emblem\u00e1tico por excelencia. Una rama de la her\u00e1ldica es la her\u00e1ldica c\u00edvica y forman parte la her\u00e1ldica nacional, la her\u00e1ldica comarcal o provincial y la her\u00e1ldica municipal. Los escudos y banderas&nbsp; surgen tambi\u00e9n de la necesidad, por parte de las poblaciones, de distinguirse las unas de las otras y de identificarse con una se\u00f1al propio.<\/p>\n\n\n\n<p>Josep M. Palau,<em> licenciado en Humanidades por la Universidad Pompeu Fabra (2002), especialidad Historia del Arte, y en Historia del Arte por la Universidad de Barcelona (2007), especialidad Arte Medieval. El a\u00f1o 2009 obtuvo el M\u00e1ster en Culturas Medievales por la Universidad de Barcelona, con premio extraordinario, y en 2016 el t\u00edtulo de doctor en historia con la tesis titulada El obispado de Urgell al inicio del siglo XIV (a trav\u00e9s de la visita pastoral de 1312 a 1315), dirigida por el Dr. Ignasi J.&nbsp;Baiges.<\/em><br><br><em>Ha trabajado en el Centro de Arte Rom\u00e1nico Catal\u00e1n del Instituto de Estudios Catalanes como becario (2003-2005) y como t\u00e9cnico (2005-2008), donde ha desarrollado varias tareas relacionadas con el arte y la arquitectura rom\u00e1nicas. Actualmente es t\u00e9cnico de la Oficina de Asesoramiento Hist\u00f3rico del Instituto de Estudios Catalanes (IEC) donde, entre otros, se encarga de aspectos con el patrimonio, la her\u00e1ldica y la vexilolog\u00eda.<br><br>Tambi\u00e9n es profesor asociado al Departamento de Humanidades de la Universidad Pompeu Fabra desde el curso 2009-2010, donde imparte asignaturas de arte antiguo y de arte medieval. Miembro de la Junta de Gobierno de la Instituci\u00f3 Catalana de Genealogia i Her\u00e0ldica.<\/em><\/p>\n\n\n\n<figure class=\"wp-block-image size-large\"><a href=\"https:\/\/iafgh.cat\/wp-content\/uploads\/2021\/05\/Folio-55-2-scaled.jpg\"><img loading=\"lazy\" decoding=\"async\" width=\"1024\" height=\"1017\" src=\"https:\/\/iafgh.cat\/wp-content\/uploads\/2021\/05\/Folio-55-2-1024x1017.jpg\" alt=\"\" class=\"wp-image-2049\" srcset=\"https:\/\/iafgh.cat\/wp-content\/uploads\/2021\/05\/Folio-55-2-1024x1017.jpg 1024w, https:\/\/iafgh.cat\/wp-content\/uploads\/2021\/05\/Folio-55-2-300x298.jpg 300w, https:\/\/iafgh.cat\/wp-content\/uploads\/2021\/05\/Folio-55-2-150x150.jpg 150w, https:\/\/iafgh.cat\/wp-content\/uploads\/2021\/05\/Folio-55-2-768x763.jpg 768w, https:\/\/iafgh.cat\/wp-content\/uploads\/2021\/05\/Folio-55-2-1536x1525.jpg 1536w, https:\/\/iafgh.cat\/wp-content\/uploads\/2021\/05\/Folio-55-2-2048x2034.jpg 2048w, https:\/\/iafgh.cat\/wp-content\/uploads\/2021\/05\/Folio-55-2-1240x1231.jpg 1240w, https:\/\/iafgh.cat\/wp-content\/uploads\/2021\/05\/Folio-55-2-508x504.jpg 508w\" sizes=\"auto, (max-width: 1024px) 100vw, 1024px\" \/><\/a><\/figure>\n\n\n\n<figure class=\"wp-block-embed is-type-video is-provider-youtube wp-block-embed-youtube wp-embed-aspect-16-9 wp-has-aspect-ratio\"><div class=\"wp-block-embed__wrapper\">\n<iframe loading=\"lazy\" title=\"HER\u00c1LDICA Y VEXILOLOG\u00cdA MUNICIPAL: EL CASO DE CATALUNYA.\" width=\"660\" height=\"371\" src=\"https:\/\/www.youtube.com\/embed\/JfJ1Tz3ya_M?feature=oembed\" frameborder=\"0\" allow=\"accelerometer; autoplay; clipboard-write; encrypted-media; gyroscope; picture-in-picture; web-share\" referrerpolicy=\"strict-origin-when-cross-origin\" allowfullscreen><\/iframe>\n<\/div><\/figure>\n\n\n\n<p><span class=\"has-inline-color has-light-gray-color\">Jueves 20 de mayo de 2021<\/span><\/p>\n\n\n\n<h2 class=\"wp-block-heading\">La Her\u00e1ldica sepulcral<\/h2>\n\n\n\n<p>Pere F. Puigderrajols i Jarquer<\/p>\n\n\n\n<p><em>Secci\u00f3n de Her\u00e1ldica de la ICGenHer<\/em><\/p>\n\n\n\n<p><em>Dise\u00f1ador gr\u00e1fico, experto en investigaci\u00f3n y dise\u00f1o her\u00e1ldico, diplomado en Her\u00e1ldica. Miembro de la secci\u00f3n de her\u00e1ldica y Secretario de la Junta de Gobierno de la&nbsp;ICGenHer.<\/em><\/p>\n\n\n\n<p>Her\u00e1ldica sepulcral. Con esta denominaci\u00f3n gen\u00e9rica queremos poner de relieve la abundante y significativa informaci\u00f3n, principalmente&nbsp;her\u00e1ldica, que nos proporcionan los monumentos funerarios, ya sean l\u00e1pidas, sarc\u00f3fagos o grandes monumentos.<\/p>\n\n\n\n<p>Es cierto que no solo hay la presencia de escudos de armas, dado que tambi\u00e9n tenemos la epigraf\u00eda y elementos decorativos varios que muestran la gran riqueza art\u00edstica y la habilidad de los picapedreros. El elemento m\u00e1s importante es la inscripci\u00f3n, tambi\u00e9n dicha epitafio que, con un tipo de epigraf\u00eda nos informa de la persona o, a veces, personas que estuvieron enterradas. Desde muy antiguo, y especialmente en la Edad Media, periodo en que empezamos a ver escudos de armas puestos en documentos de la \u00e9poca, de forma que en muchas ocasiones el escudo de armas desplaza y toma m\u00e1s relevancia que propio texto.<\/p>\n\n\n\n<figure class=\"wp-block-embed is-type-video is-provider-youtube wp-block-embed-youtube wp-embed-aspect-16-9 wp-has-aspect-ratio\"><div class=\"wp-block-embed__wrapper\">\n<iframe loading=\"lazy\" title=\"LA HER\u00c1LDICA SEPULCRAL por Pere F. Puigderrajols i Jarquer. Secci\u00f3n de Her\u00e1ldica de la ICGenHer\" width=\"660\" height=\"371\" src=\"https:\/\/www.youtube.com\/embed\/n1nW4eD5uCM?feature=oembed\" frameborder=\"0\" allow=\"accelerometer; autoplay; clipboard-write; encrypted-media; gyroscope; picture-in-picture; web-share\" referrerpolicy=\"strict-origin-when-cross-origin\" allowfullscreen><\/iframe>\n<\/div><\/figure>\n\n\n\n<figure class=\"wp-block-image size-large\"><a href=\"https:\/\/iafgh.cat\/wp-content\/uploads\/2021\/03\/Cartel-La-Heraldica-sepulcral.gif\"><img loading=\"lazy\" decoding=\"async\" width=\"720\" height=\"720\" src=\"https:\/\/iafgh.cat\/wp-content\/uploads\/2021\/03\/Cartel-La-Heraldica-sepulcral.gif\" alt=\"\" class=\"wp-image-2019\"\/><\/a><\/figure>\n\n\n\n<p>\u00a9&nbsp; <strong><em>Il\u00b7lustraci\u00f3 de Juli\u00e0 Mumbr\u00fa, obra Cavalleria catalana medieval<\/em><\/strong>.<\/p>\n","protected":false},"excerpt":{"rendered":"<p>ICGenHer. Cicle de confer\u00e8ncies&nbsp;ICGenHer, organitzades per a la&nbsp;UNAM&nbsp;de M\u00e8xic. &#8220;Seminario&nbsp;Permanente&nbsp;de Paleografia&nbsp;y&nbsp;Dipolom\u00e1tica&#8221; dirigida pel Dr.&nbsp;Miguel&nbsp;\u00c1ngel&nbsp;Cer\u00f3n i coordinades a Barcelona per Ignasi Ametlla (ICGenHer).&nbsp; V\u00eddeo&nbsp;confer\u00e8ncies: aquestes&nbsp;confer\u00e8ncies&nbsp;les podreu seguir per Facebook Jueves 18 de marzo de 2021 La Her\u00e1ldica, arte y ciencia. Armand de Fluvi\u00e0 i Escorsa Fundador y presidente de la ICGenHer La Her\u00e1ldica es la ciencia &#8230;<\/p>\n<p><a href=\"https:\/\/iafgh.cat\/?p=1997\" class=\"more-link\">More <span class=\"meta-nav\">&rarr;<\/span><\/a><\/p>\n","protected":false},"author":1,"featured_media":2012,"comment_status":"closed","ping_status":"closed","sticky":false,"template":"","format":"standard","meta":{"footnotes":""},"categories":[1],"tags":[],"class_list":["post-1997","post","type-post","status-publish","format-standard","has-post-thumbnail","hentry","category-general"],"_links":{"self":[{"href":"https:\/\/iafgh.cat\/index.php?rest_route=\/wp\/v2\/posts\/1997","targetHints":{"allow":["GET"]}}],"collection":[{"href":"https:\/\/iafgh.cat\/index.php?rest_route=\/wp\/v2\/posts"}],"about":[{"href":"https:\/\/iafgh.cat\/index.php?rest_route=\/wp\/v2\/types\/post"}],"author":[{"embeddable":true,"href":"https:\/\/iafgh.cat\/index.php?rest_route=\/wp\/v2\/users\/1"}],"replies":[{"embeddable":true,"href":"https:\/\/iafgh.cat\/index.php?rest_route=%2Fwp%2Fv2%2Fcomments&post=1997"}],"version-history":[{"count":16,"href":"https:\/\/iafgh.cat\/index.php?rest_route=\/wp\/v2\/posts\/1997\/revisions"}],"predecessor-version":[{"id":2061,"href":"https:\/\/iafgh.cat\/index.php?rest_route=\/wp\/v2\/posts\/1997\/revisions\/2061"}],"wp:featuredmedia":[{"embeddable":true,"href":"https:\/\/iafgh.cat\/index.php?rest_route=\/wp\/v2\/media\/2012"}],"wp:attachment":[{"href":"https:\/\/iafgh.cat\/index.php?rest_route=%2Fwp%2Fv2%2Fmedia&parent=1997"}],"wp:term":[{"taxonomy":"category","embeddable":true,"href":"https:\/\/iafgh.cat\/index.php?rest_route=%2Fwp%2Fv2%2Fcategories&post=1997"},{"taxonomy":"post_tag","embeddable":true,"href":"https:\/\/iafgh.cat\/index.php?rest_route=%2Fwp%2Fv2%2Ftags&post=1997"}],"curies":[{"name":"wp","href":"https:\/\/api.w.org\/{rel}","templated":true}]}}