{"id":1911,"date":"2021-01-19T12:47:00","date_gmt":"2021-01-19T12:47:00","guid":{"rendered":"https:\/\/iafgh.cat\/?p=1911"},"modified":"2025-12-05T10:14:21","modified_gmt":"2025-12-05T10:14:21","slug":"nobiliari-general-catala-darmand-de-fluvia","status":"publish","type":"post","link":"https:\/\/iafgh.cat\/?p=1911","title":{"rendered":"NOBILIARI GENERAL CATAL\u00c0"},"content":{"rendered":"\n<h1 class=\"wp-block-heading\" id=\"nobiliari-general-catala-les-families-nobles-catalanes-per-armand-de-fluvia\">&#8220;Nobiliari general catal\u00e0&#8221;, les fam\u00edlies nobles catalanes per Armand de Fluvi\u00e0<\/h1>\n\n\n\n<figure class=\"wp-block-image size-large\"><a href=\"https:\/\/www.youtube.com\/watch?v=f0Dk1wvLLvI\"><img loading=\"lazy\" decoding=\"async\" width=\"1024\" height=\"596\" src=\"https:\/\/iafgh.cat\/wp-content\/uploads\/2020\/07\/imatge1-1024x596.jpg\" alt=\"\" class=\"wp-image-1926\" srcset=\"https:\/\/iafgh.cat\/wp-content\/uploads\/2020\/07\/imatge1-1024x596.jpg 1024w, https:\/\/iafgh.cat\/wp-content\/uploads\/2020\/07\/imatge1-300x174.jpg 300w, https:\/\/iafgh.cat\/wp-content\/uploads\/2020\/07\/imatge1-768x447.jpg 768w, https:\/\/iafgh.cat\/wp-content\/uploads\/2020\/07\/imatge1-1536x893.jpg 1536w, https:\/\/iafgh.cat\/wp-content\/uploads\/2020\/07\/imatge1-1240x721.jpg 1240w, https:\/\/iafgh.cat\/wp-content\/uploads\/2020\/07\/imatge1-508x295.jpg 508w, https:\/\/iafgh.cat\/wp-content\/uploads\/2020\/07\/imatge1.jpg 1857w\" sizes=\"auto, (max-width: 1024px) 100vw, 1024px\" \/><\/a><\/figure>\n\n\n\n<p>El genealogista, heraldista i president de la Instituci\u00f3 Catalana de Genealogia i Her\u00e0ldica \u00e9s una de les persones que m\u00e9s sap de marquesos, ducs i comtes, \u00e9s a dir, de la noblesa. Armand de Fluvi\u00e0 ens ha vingut a presentar la seva opera magna, &#8220;Nobiliari general catal\u00e0&#8221;, una obra sobre les fam\u00edlies catalanes o d&#8217;origen catal\u00e0 que pertanyen a la noblesa.<\/p>\n\n\n\n<figure class=\"wp-block-image size-large\"><a href=\"https:\/\/www.youtube.com\/watch?v=f0Dk1wvLLvI\"><img loading=\"lazy\" decoding=\"async\" width=\"1024\" height=\"595\" src=\"https:\/\/iafgh.cat\/wp-content\/uploads\/2020\/07\/imatge2-1024x595.jpg\" alt=\"\" class=\"wp-image-1928\" srcset=\"https:\/\/iafgh.cat\/wp-content\/uploads\/2020\/07\/imatge2-1024x595.jpg 1024w, https:\/\/iafgh.cat\/wp-content\/uploads\/2020\/07\/imatge2-300x174.jpg 300w, https:\/\/iafgh.cat\/wp-content\/uploads\/2020\/07\/imatge2-768x446.jpg 768w, https:\/\/iafgh.cat\/wp-content\/uploads\/2020\/07\/imatge2-1536x892.jpg 1536w, https:\/\/iafgh.cat\/wp-content\/uploads\/2020\/07\/imatge2-1240x720.jpg 1240w, https:\/\/iafgh.cat\/wp-content\/uploads\/2020\/07\/imatge2-508x295.jpg 508w, https:\/\/iafgh.cat\/wp-content\/uploads\/2020\/07\/imatge2.jpg 1860w\" sizes=\"auto, (max-width: 1024px) 100vw, 1024px\" \/><\/a><\/figure>\n\n\n\n<p class=\"has-accent-color has-text-color\"><strong><em>Nou volum del <\/em><\/strong><\/p>\n\n\n\n<p class=\"has-accent-color has-text-color\"><strong>NOBILIARI GENERAL CATAL\u00c0.<\/strong><\/p>\n\n\n\n<p><strong>Volum&nbsp;II-B<\/strong><br>Llinatges i fam\u00edlies de la noblesa immemorial. Els magnats, nobles i cavallers que apareixen com a tals des del segle X al XIV.<\/p>\n\n\n\n<p>Escrit introductori per Flocel Sabater i Curull<\/p>\n\n\n\n<p>Volum&nbsp;II:<\/p>\n\n\n\n<p><\/p>\n\n\n\n<p><em>Novetat<\/em>&nbsp;(B): Montbr\u00fa, Montcada, Montcorb, Montesquiu, Montferrer, Montoliu, Montpalau, Mosset, Mur, \u00d2dena, Oms, Orioles, Or\u00eds-Manlleu, Palafolls, Palau (Despalau?), Palmerola, Palol (Palou?), Paracolls, Pau, Peguera, Penayfor, Perapertusa, Perell\u00f3s, Plegamans, Porqueres, Queix\u00e0s, Queralt (\u00f2lim Gurb), Queralt (Reard), Requesens, Ribelles, Rocacorba, Rocaverd, Rosanes, Saga, Sagarriga, Sagarriga (de Millars), Sagarriga (de Perpiny\u00e0), Sales, Salses, Samas\u00f3, Sanespleda (Senespleda), Santaeug\u00e8nia, Santapau, Santhip\u00f2lit, Santjuli\u00e0, Santmart\u00ed, Santvicen\u00e7, Saplana, Saportella, Sarri\u00e0, Srroca, Satrilla, Savall, Savassona, Segurioles, Senesterra, Sentmenat (Santmenat), Serrallonga, Sescomes, Sestorres (o Torres), So (abans Llo o Ali\u00f3), Talamanca, Taradell, Termens, Terrades, Timor, Toralla, Tornamira, Torroella (de Santaeug\u00e8nia-Montgr\u00ed), Torroella o Torrella, Torroja, Tost, Tous, Tregur\u00e0, Urtx, Vallgornera, Verg\u00f3s, Vernet, Vilademany, Vilademuls, Vilagelans, Vilagut, Vilanova, Vilaragut, Vilafranca, Voltreg\u00e0, Voltrera, Xetmar (o Xammar).<\/p>\n\n\n\n<p>Autor: Armand de Fluvi\u00e0<br>Pr\u00f2leg: Flocel Sabater i Curull<br>Escuts: Xavier Garcia i Laia Font<br>Relleu portada: Llu\u00eds Filella<br>Direcci\u00f3 i producci\u00f3: Ignasi Ametlla<br>Format: 30 x 42 cm (A3)<br>Presentaci\u00f3: Enquadernat en tela i daurat.<br>Paper: blanc-cru 100 gr.<br>ISBN:\u00a0978-84-941352-9-3 (Obra completa)<br>P\u00e0gines: 248, 88 fam\u00edlies i 56 escuts en color.<br>P.V.P .: 225 euros<\/p>\n\n\n\n<p><a href=\"mailto:armand@armanddefluvia.com\"><\/a>Informaci\u00f3 i compra:&nbsp;<a rel=\"noreferrer noopener\" href=\"mailto:correu@icgenher.cat\" target=\"_blank\">correu@icgenher.cat<\/a> <\/p>\n\n\n\n<p><\/p>\n\n\n\n<p><strong>Volum III i IV-C<\/strong><\/p>\n\n\n\n<p>Fam\u00edlies catalanes ennoblides per privilegi reial, segles XIV i XIX&nbsp;<\/p>\n\n\n\n<p><em>Escrit introductori de<\/em><em>l <\/em><em>Dr. Gaspar Feliu i Montfort<\/em><\/p>\n\n\n\n<p><\/p>\n\n\n\n<p>El <em>Nobiliari<\/em> \u00e9s a la vegada un monument grandi\u00f3s i una eina de servei imprescindible: amb ell, els historiadors podem estalviar gran part del temps que sovint hav\u00edem de dedicar a establir i entendre els lligams entre personatges que apareixen en els nostres estudis. \u00c9s cert que durant molts anys hem disposat de l\u2019ajut dels arbres geneal\u00f2gics que el mateix Armand de Fluvi\u00e0 va tra\u00e7ar per a la <em>Gran Enciclop\u00e8dia Catalana<\/em>, que suposo que va ser per a ell un gran camp de formaci\u00f3, pr\u00e0ctica i domini de l\u2019ofici i tamb\u00e9 segurament en alguns casos d\u2019insatisfacci\u00f3, quan no aconseguia situar amb prou seguretat algun personatge. Si se\u2019m permet ara un s\u00edmbol pag\u00e8s, per aportar tamb\u00e9 la mem\u00f2ria de la gent que no surt a l\u2019obra, per\u00f2 s\u00ed a l\u2019ascend\u00e8ncia tant de moltes de les fam\u00edlies estudiades com de les dels usuaris beneficiaris del Nobiliari, els arbres geneal\u00f2gics de la Gran Enciclop\u00e8dia Catalana eren bon blat, que, tornat a sembrar, ens proporciona ara una collita multiplicada en quantitat i qualitat.<\/p>\n\n\n\n<p>&nbsp;&nbsp;&nbsp;Tornant a l\u2019ascend\u00e8ncia pagesa de la petita noblesa del pa\u00eds (tant si prov\u00e9 de les grans cases pairals com de petits pagesos que progressaren socialment sobretot a trav\u00e9s del comer\u00e7 i el pr\u00e9stec) l\u2019obra n\u2019\u00e9s una demostraci\u00f3 palpable: el pla original, que preveia separar les fam\u00edlies amb privilegi de noblesa segons fossin rurals o urbanes, ha hagut de ser abandonat perqu\u00e8 moltes nissagues, sorgides del camp, acaben a les ciutats, d\u2019altres mantenen llargament rames rurals i urbanes.&nbsp;&nbsp;<\/p>\n\n\n\n<p>Fabra, F\u00e0bregues, F\u00e0bregues-Boixar, Falc\u00f3, Falgars, Falguera, Fal\u00e7, Fares, Fargues, Fel, Felip, Feliu, Feliu de la Penya, Ferran, Ferrer, Ferrer de Bosquets, Ferrera, Ferrer-Noguer, Ferrer\u00f3, Ferreter, Ferriol, Feu, Figueres, Figuerola, Firmat, Fises, Fita, Fiveller, &nbsp;Folc, Folcr\u00e0, Folcr\u00e0s, &nbsp;Font, &nbsp;Fontanella, Fontanelles, Fontanelles-Pradell, Fontaner, Fontanilles, Fontcoberta, Fontdevila, Fonts, Fontsdeviela, Foraster, Forcades Forn, Fornaca-Roure, F\u00f3rnols, Fort, Fortuny,&nbsp; Franc, Francol\u00ed, Franquesa, Freixe, Freixes, Frigola, Fuster, Gai, Gaiol\u00e0, Gallard, Galli, Garb\u00ed, Garcia, Garriga, Garrigoles, Gasc\u00f3, Gasset,&nbsp; Gassi\u00e0, Gassol, Gat, Gabald\u00e0, G\u00e0ver, Gazanyola, Gelcen, Gelp\u00ed, Gendre, Gener, Gener\u00e9s, Genovard, Genover, Genov\u00e8s, Gibell\u00ed, Gibert, Gibl\u00e9, Gifre, Giginta, Gilabert,&nbsp; Gil de Frederic, Gimbernat,&nbsp;&nbsp;&nbsp;&nbsp; Ginebreda, Giner, Ginesta, Girald, Girau, Giron de Rebolledo, Girona, Gironella, Gispert, Gleu, Gl\u00f2ria, Gobert, Golorons, Gomar, Gomis, Gon\u00e7alvo, G\u00f2nima, Gargot,&nbsp; Graell, Gralla, Granollacs, Gras, Grasses,&nbsp; Grassot,&nbsp; Grimau,&nbsp; Grimosacs,&nbsp; Grony, Gros,&nbsp; Grosso, Gualbes, Guanter, Gu\u00e0rdia, Guardiola, Guasc,&nbsp; G\u00fcell,&nbsp; Guerau,&nbsp; Guialmar, Guilla,&nbsp; Guimer\u00e0, Guinard,&nbsp; Guitard, Guiu, Ham, Hereu, Homdedeu, Hortoneda, Hostalric, Huguet, Humbert, Icard, Illa, Imbert, Isern, Ivorra,&nbsp; Jafre,&nbsp; Jaques, Jard\u00ed del Portal, Jaubert, Jaumar, Joan, Joli, Jonquer,&nbsp; Jord\u00e0, Jou, Jover, Juliol, Junyent.<\/p>\n\n\n\n<p>Autor: Armand de Fluvi\u00e0 i Escorsa<br>Format: 30 x 44,5 cm (A3)<br>Presentaci\u00f3:\u00a0Tela<br>ISBN: 978-84-941352-9-3<br>P\u00e0gines: 203<br>P.V.P.: 225\u00a0\u20ac<\/p>\n\n\n\n<p> Informaci\u00f3 i compra:&nbsp;<a rel=\"noreferrer noopener\" href=\"mailto:correu@icgenher.cat\" target=\"_blank\">correu@icgenher.cat<\/a> <\/p>\n\n\n\n<p><\/p>\n\n\n\n<p><strong>Volum&nbsp;III i IV &#8211; B<\/strong><\/p>\n\n\n\n<p>Fam\u00edlies catalanes ennoblides per privilegi reial<br>segles XIV i XIX<\/p>\n\n\n\n<p>Escrit introductori pel Dr. Pedro Moreno i Meyerhoff<\/p>\n\n\n\n<p>Cicer\u00f3 encertadament diu que la hist\u00f2ria \u00e9s \u201ctestis temporum, lux veritatis, magistra vitae, nuntia vetustatis\u201d, testimoni dels temps, llum de la veritat, mestra de la vida, missatgera de l\u2019antiguitat. Aquestes qualitats que posseeix la hist\u00f2ria s\u00f3n tamb\u00e9 les virtuts necess\u00e0ries per a l\u2019historiador i aix\u00ed, la poderosa obra d\u2019Armand de Fluvi\u00e0 les posseeix totes per igual.<br>El Nobiliari General Catal\u00e0 deixar\u00e0 una empremta permanent en la hist\u00f2ria de Catalunya. Ja no ser\u00e0 possible abordar l\u2019estudi d\u2019un per\u00edode concret de la nostra hist\u00f2ria sense comptar amb l\u2019ajuda indispensable d\u2019aquesta eina de treball.  (Dr. Pedro Moreno i Meyerhoff).<\/p>\n\n\n\n<p>(B). Cabanes, Cabanyes, Cabirol, Ca\u00e7ador (d\u2019Alcover), Ca\u00e7ador (de Vic), Calbet, Calb\u00eds, Calb\u00f3, Calcer, Calsina, Calder\u00f3, Call\u00eds, Camats, Camp\u00e0, Campllong, Camprodon, Camps (d\u2019Arles), Camps (de Girona), Canal, Canals (de Barcelona), Canals (de Reus), C\u00e0ncer, Canivell, C\u00e0noves, Canta, Cao de Ben\u00f2s, Caors, Capcir, Capdevila, Capmany (de Barcelona, o Campmany?), Capmany (de Girona, o Campmany), Caralt (abans Queralt), Carbonell, Carcassona, C\u00e0rcer, Cardona (de Barcelona), Cardona (de Manresa), Carles (de Perpiny\u00e0), Carles (de Torroella de Montgr\u00ed), Carmona, Carner, Carrera, Carreres (o Carreras), Carreres (d\u2019Alcover), Casademunt, Casald\u00e0guila, Casals, Casamitjana, Casanova, Casanoves (o Casanova?), Cases, Casetes, Castellarnau, Castellbell, Castellb\u00f2, Castell\u00f3 (de Tortorsa), Castell\u00f3 (de Vilafranca del Pened\u00e8s), Castells, Castellv\u00ed (de Flix), Castellv\u00ed (de Montblanc), Cat\u00e0, Cavaller (d\u2019Illa), Cavaller (de Perpiny\u00e0), Cellers (Sellers o Cellers?), Celles (de Prada de Conflent), Celles (de Prada de Conflent), Cendra, Centena (o La Centena), Cerc\u00f3s, Cerd\u00e0, Cerd\u00e0 (de Tortosa), Cervera,Cerver\u00f3, Cirerols, Cisterer, Civilla (o Sivilla?), Clanet, Claresvalls, Clasquer\u00ed, Claver, Claver (de Tarragona), Climent, Clota, Clua, Codina, Codina (de Vic), C\u00f2dol, Codolosa, Coll (de Barcelona), Coll (de Lli\u00e7a de Vall), Coll (de Rossell\u00f3), 6Coll (de Tu\u00efr), Collferrer, Colom, Colomer, Coma (de Perpiny\u00e0), Comallonga, Comamala, Comes (despr\u00e9s Comas), Comes de Brugar, Compte (de Perpiny\u00e0, Comte), Compte (de Prada de Conflent, Comte?), Compter, Conill, Constant\u00ed, Copons, Corbera, Cordelles, Corder, Cornet, Coromines (\u00f2lim Alb\u00f3), Correu, Corri\u00e0, Cors, Cortada (de Barcelona), Cortada (de Manlleu), Cortada (de Marl\u00e8s), Cortiada, Cortit, Corts, Costa (de Coranques), Costa (de Tortosa), Costa (de St. Lloren\u00e7 de Cerdans), Cremadells, Crosses, Cubells, Curto, Dacs, Dalmases,Dalmau (de Montbri\u00f3), Dalmau (del Bosc), Dams, Dav\u00ed, Del\u00e0s, Delfau, Delp\u00e0s, Deona, Derrocada, Desbosc (de Barcelona), Desbosc (de Lleida), Descamps, Desclergue, Despl\u00e0, Despuig (de Barcelona), Despuig (de Tortosa), Despuny, Destorrent, Desvalls, Deu (d\u2019Angl\u00e8s), Dom\u00e8nec, Dotres, Dou, Duran, Dusai (o Durall, Usall), Eixal\u00e0, Elies, Eloi, Escofet (de Barcelona), Escofet (de Tortosa), Escol\u00e0, Esgl\u00e9sies, Esmandia, Espalter, Espona, Esquerrer, Estanyol, Esteve, Estrabau, Eures, Eva.<\/p>\n\n\n\n<p>Autor: Armand de Fluvi\u00e0 i Escorsa<br>Format: 30 x 44,5 cm (A3)<br>Presentaci\u00f3:\u00a0Tela<br>ISBN: 978-84-941352-9-3<br>P\u00e0gines: 206<br>P.V.P.: 225\u00a0\u20ac<\/p>\n\n\n\n<p>Informaci\u00f3 i compra:&nbsp;<a rel=\"noreferrer noopener\" href=\"mailto:correu@icgenher.cat\" target=\"_blank\">correu@icgenher.cat<\/a><\/p>\n\n\n\n<p><strong>Volum&nbsp;III i IV &#8211; A<\/strong><\/p>\n\n\n<div class=\"wp-block-image\">\n<figure class=\"alignleft\"><a href=\"https:\/\/iafgh.cat\/wp-content\/uploads\/2016\/12\/19.jpg\"><img loading=\"lazy\" decoding=\"async\" width=\"300\" height=\"212\" src=\"https:\/\/iafgh.cat\/wp-content\/uploads\/2016\/12\/19-300x212.jpg\" alt=\"\" class=\"wp-image-975\" srcset=\"https:\/\/iafgh.cat\/wp-content\/uploads\/2016\/12\/19-300x212.jpg 300w, https:\/\/iafgh.cat\/wp-content\/uploads\/2016\/12\/19-768x543.jpg 768w, https:\/\/iafgh.cat\/wp-content\/uploads\/2016\/12\/19-1024x724.jpg 1024w, https:\/\/iafgh.cat\/wp-content\/uploads\/2016\/12\/19-280x198.jpg 280w, https:\/\/iafgh.cat\/wp-content\/uploads\/2016\/12\/19-660x467.jpg 660w\" sizes=\"auto, (max-width: 300px) 100vw, 300px\" \/><\/a><\/figure>\n<\/div>\n\n\n<p>Si el volum 2 del&nbsp;NGC&nbsp;inclou la noblesa catalana immemorial, o sigui, aquella els or\u00edgens de la qual hom desconeix, aquest tercer volum aplega les genealogies de l&#8217;anomenada noblesa de privilegi, o sigui, d&#8217;aquelles persones ennoblides per un privilegi atorgat per un dels nostres sobirans. El primer que coneixem \u2014aix\u00f2 no vol dir que no n&#8217;hi pugui haver d&#8217;anteriors\u2014 \u00e9s del 1317, durant el regnat del comte rei Jaume II.<br>Hi havia distints graus o classes de privilegis nobiliaris. De menor a major eren els de Burg\u00e8s Honrat<br>(de Cervera, Granollers, Olot, Perpiny\u00e0, Vilafranca del Pened\u00e8s), de Ciutad\u00e0 Honrat (de Barcelona, Girona, Lleida, Manresa, Tarragona, Tortosa), de Cavaller del Principat i de Noble del Principat. A un<br>nivell superior ja trobem els anomenats T\u00edtols Nobiliaris (de bar\u00f3, vescomte, comte, marqu\u00e8s i duc). Hi havia tamb\u00e9 els anomenats Privilegis de Generositat \u2014de curta exist\u00e8ncia\u2014 que facultaven \u2014generalment a pagesos\u2014 l&#8217;acc\u00e9s a la cavalleria.<\/p>\n\n\n\n<p>(A): Abadal, , Ab\u00e0ria, Abella, Adroer, \u00c0ger, Aguilar, Aguil\u00f3, Agull\u00f3, Agust\u00ed, Albanell, Alberc, Albert, Albert\u00ed, Albi, Alb\u00f3, Al\u00e7amora, Aldana, Alegre, Alemany (de Barcelona), Alemany (de Reus i Tarragona), Alentorn, Aleny\u00e0, Ali\u00f3, Almar, Almog\u00e0ver, Al\u00f2s, Alsina, Alta-riba, Amarg\u00f3s, Amat, Amb\u00fa, Ametller, Ametller (de Ca\u00e7\u00e0 de Pelr\u00e0s), Ametller (de Granollers), Ametller (de Castellar del Vall\u00e8s), Ametller (de Rupi\u00e0), Amich, Amigant, Amig\u00f3, Amill, Amor\u00f3s, Andreu (de Girona), \u00c0ngel, Angl\u00e8s, Anglesell (de Girona), Anguera (vid Enguera), Antic, Aparici, Aragall, Ardena-Darnius, Ard\u00e8vol, Areny, Argelic, Argemir, Argen\u00e7ola, Argila, Argullol, Arnau, Arquer, Arrufat, Art\u00e9s, Asenjo, Asprer (o Esprer), Astor, Aviny\u00f3, Axandri.<br>(B): Bac, Bacard\u00ed, Balaguer, Balanda, Baldric, Ballar\u00f3, Balle (vid. Batlle), Ballester, Barnola, Bar\u00f3, Barraquer, Barrera, Barril, Bartomeu, Bas, Bassedes, Bassols (de Barcelona), Bassols (d\u2019Olot), Bastero, Bataller, Batlle (d\u2019Alcober), Batlle (de Girona, vid. Balle), Batlle (de Perpiny\u00e0), Baul\u00f3, Bellafila, Bellet, Bell-lloc, Bellsolell, Benages, Benavent, Berard, Berardo, Berenguer, Bertran (de Gelida), Bertran (de Tortosa), Beul\u00f3 (vid. Baul\u00f3), Blai, Blanc, Boatella, Boer, Boet, Bofarull, Bofill, Boix, Boixadors, Bojons, Bolet, Bombes, Bonet, Boneu, Bonhost, Boquet, Bordes (o Bordas), Bordons, B\u00f2ria, Borr\u00e0s, Borrell, Bosc, Bosc (de St Lloren\u00e7 Cerdans), Bosquets, Boter, Bou, Bover, Bras\u00f3, Bret, Bricfeus, Brossa, Bru, Bruguer, Bruguera, Bufal\u00e0, Burg\u00e8s.<\/p>\n\n\n\n<p>Autor: Armand de Fluvi<\/p>\n\n\n\n<p>Pr\u00f2leg: Dr. Agust\u00ed\u00a0Alcoberro\u00a0i\u00a0Pericay<br>Direcci\u00f3 i producci\u00f3: Ignasi Ametlla i Guxens<br><br>Format: 30,5 x 43,5 cm (A3)<br>Presentaci\u00f3: Relligat en tela<br>ISBN: 84-941352-1-7 (obra completa)<br>P\u00e0gines: 205 p\u00e0gines i 52 escuts en color<br><em>P.V.P. : 225 \u20ac<\/em><\/p>\n\n\n\n<p>Informaci\u00f3 i compra:&nbsp;<a rel=\"noreferrer noopener\" href=\"mailto:correu@icgenher.cat\" target=\"_blank\">correu@icgenher.cat<\/a><\/p>\n\n\n\n<p><\/p>\n\n\n\n<p><strong>Volum I<\/strong><\/p>\n\n\n\n<p>Llinatges comtals i vescomtals (els primitius comtats de Barcelona, Besal\u00fa, Cerdanya, Emp\u00faries, Osona, Pallars Sobir\u00e0 i Juss\u00e0, Ribagor\u00e7a, Rossell\u00f3, Tarragona, i Urgell; i les fam\u00edlies que se\u2019n deriven: Castellvell, Castellet, Ayerbe, H\u00edxar, Castre, etc.; i el vescomtats d\u2019\u00c0ger, Barcelona, Bas, Bergued\u00e0, Cabrera, Cardona, Castellb\u00f2, Castellnou, Cerdanya, Conflent, Fenollet, Rocabert\u00ed, Tatz\u00f3, i Vilamur, i fam\u00edlies que n\u2019han sorgit, com els Besora, Ribes, Santmart\u00ed, Vallferrera, etc).<br>\u00c9s una eina de treball fonamental i de gran utilitat per als investigadors i afeccionats, tant nacionals com estrangers, que disposaran d\u2019una obra f\u00e0cil de consultar, d\u2019un material de gran inter\u00e8s per a situar o emmarcar personatges i fam\u00edlies en treballs i estudis hist\u00f2rics i biogr\u00e0fics. \u00c9s palesa tamb\u00e9 la import\u00e0ncia que pot tenir per als ensenyants i els estudiants, per a les biblioteques i els arxius.<\/p>\n\n\n\n<p>Autor: Armand de Fluvi\u00e0<\/p>\n\n\n\n<p>Pr\u00f2leg: Josep M. Salrach<br>Escuts: Xavier Garcia<\/p>\n\n\n\n<p>Direcci\u00f3 i producci\u00f3: Ignasi Ametlla<br><br>Format: 30,5 x 43,5 cm (A3)<br>Presentaci\u00f3: Relligat en tela<br>ISBN: 84-941352-1-7 (obra completa)<br>P\u00e0gines: 160 p\u00e0gines i 27 escuts en color.<br><em>P.V.P. : 225 \u20ac<\/em><\/p>\n\n\n\n<p><\/p>\n\n\n\n<p><a href=\"mailto:armand@armanddefluvia.com\"><\/a>Informaci\u00f3 i compra:&nbsp;<a rel=\"noreferrer noopener\" href=\"mailto:correu@icgenher.cat\" target=\"_blank\">correu@icgenher.cat<\/a><\/p>\n\n\n\n<p><\/p>\n\n\n\n<p><\/p>\n\n\n\n<p><strong>Volum&nbsp;II-A<\/strong><br>Llinatges i fam\u00edlies de la noblesa immemorial. Els magnats, nobles i cavallers que apareixen com a tals des del segle X al XIV.<\/p>\n\n\n\n<p>Escrit introductori per Jaume Sobrequ\u00e9s i Callic\u00f3<\/p>\n\n\n\n<p>Volum&nbsp;II:<\/p>\n\n\n\n<p>(A): Els Abella, \u00c0ger, Aguilar, Aguil\u00f3, Aiguafreda, Aiguaviva i Tamarit (olim Aiguaviva), Albert, Aleny\u00e0, Alta-Riba, Anglesola, Argen\u00e7ola, Argentona, Armany\u00e0, Avellaneda, Balsareny, Bassella, Bastons (Cervi\u00e0 i Llers), Bellera, Bell-lloc, Berga, Biure, Blanes, Boixadors, Caboet, Cabrera (Castlans), Cadell, Camporrells, Canalies, Canet, Capmany (i Saclusa), Cartell\u00e0, Casserres (Estany i Calladrons), Castellcir, Castell-Rossell\u00f3, Centelles, Cervell\u00f3, Cervera, Conesa, Copons, Corbera, Cortsav\u00ed-Serrallonga, Cru\u00eflles, Desbalbs, Desbrull, Descoll, Despalau, Despou, Dosrius, Erill, Espasens, Espitlles, Estanyol, Estopany\u00e0, Farners, Fluvi\u00e0, Foix, Forti\u00e0, Freixenet, Full\u00e0, Gassius, Gelida, Graner, Grevolosa, Gualba, Guardialada, Gurb, Hortaf\u00e0 (Ortaf\u00e0), Hostoles, Jorba, Josa, Lillet, Llorac, Llu\u00e7\u00e0, Llupi\u00e0, Ma\u00e7anet, Madrigal, Mataplana, Mei\u00e0, Merl\u00e8s, Merola, Milany, Montanyans.<\/p>\n\n\n\n<p class=\"has-accent-color has-text-color\"><em>Novetat<\/em>&nbsp;(B): Montbr\u00fa, Montcada, Montcorb, Montesquiu, Montferrer, Montoliu, Montpalau, Mosset, Mur, \u00d2dena, Oms, Orioles, Or\u00eds-Manlleu, Palafolls, Palau (Despalau?), Palmerola, Palol (Palou?), Paracolls, Pau, Peguera, Penayfor, Perapertusa, Perell\u00f3s, Plegamans, Porqueres, Queix\u00e0s, Queralt (\u00f2lim Gurb), Queralt (Reard), Requesens, Ribelles, Rocacorba, Rocaverd, Rosanes, Saga, Sagarriga, Sagarriga (de Millars), Sagarriga (de Perpiny\u00e0), Sales, Salses, Samas\u00f3, Sanespleda (Senespleda), Santaeug\u00e8nia, Santapau, Santhip\u00f2lit, Santjuli\u00e0, Santmart\u00ed, Santvicen\u00e7, Saplana, Saportella, Sarri\u00e0, Srroca, Satrilla, Savall, Savassona, Segurioles, Senesterra, Sentmenat (Santmenat), Serrallonga, Sescomes, Sestorres (o Torres), So (abans Llo o Ali\u00f3), Talamanca, Taradell, Termens, Terrades, Timor, Toralla, Tornamira, Torroella (de Santaeug\u00e8nia-Montgr\u00ed), Torroella o Torrella, Torroja, Tost, Tous, Tregur\u00e0, Urtx, Vallgornera, Verg\u00f3s, Vernet, Vilademany, Vilademuls, Vilagelans, Vilagut, Vilanova, Vilaragut, Vilafranca, Voltreg\u00e0, Voltrera, Xetmar (o Xammar).<\/p>\n\n\n\n<p>Autor: Armand de Fluvi\u00e0<br>Pr\u00f2leg: Jaume Sobrequ\u00e9s<br>Escuts: Xavier Garcia<br><br>Relleu portada: Llu\u00eds Filella<br>Direcci\u00f3 i producci\u00f3: Ignasi Ametlla<br>Format: 30 x 42 cm (A3)<br>Presentaci\u00f3: Enquadernat en tela i daurat.<br>Paper: blanc-cru 100 gr.<br>ISBN:&nbsp;978-84-941352-9-3 (Obra completa)<br>P\u00e0gines: 213, 82 fam\u00edlies i 51 escuts en color.<br>P.V.P .: 215 euros<\/p>\n\n\n\n<p><a href=\"mailto:armand@armanddefluvia.com\"><\/a>Informaci\u00f3 i compra:&nbsp;<a href=\"mailto:correu@icgenher.cat\">correu@icgenher.cat<\/a><\/p>\n\n\n\n<p><\/p>\n\n\n\n<p><strong>Volum&nbsp;V<\/strong><\/p>\n\n\n\n<p>Fam\u00edlies ennoblides per concessi\u00f3 de t\u00edtol nobiliari del Regne, despr\u00e9s de l\u2019anomenada \u00abconfusi\u00f3 d\u2019estats\u00bb (ennoblides entre 1816 i 2013. En cursiva les que s\u00f3n subsistents. S\u00f3n les fam\u00edlies: Agelet 1912, Arruga 1950, Artal 1912,&nbsp;<em>Balaguer<\/em>&nbsp;1930, Balanz\u00f3 (abans Balans\u00f3) 1921,&nbsp;<em>Bar\u00f3<\/em>&nbsp;1875,&nbsp;<em>Bau<\/em>&nbsp;1973, Bonet 1901,&nbsp;<em>Borrell<\/em>&nbsp;1860, Bosch-Labr\u00fas (abans Bosc) 1926, Brunet, 1836 Brusi 1875,&nbsp;<em>Cabrera<\/em>&nbsp;(1840) 1875, Carles (ara Carles-Tolr\u00e0) 1896,&nbsp;<em>Carulla<\/em>&nbsp;1919, Castell\u00f3 1846, Clar\u00f3s 1849, Claveria (1848), Colomb\u00ed 1816,&nbsp;<em>Conde<\/em>&nbsp;1924, Cuss\u00f3 1921, Dal\u00ed 1982, Esteva (abans Esteve) 1831,&nbsp;<em>Fabra<\/em>&nbsp;1889, Falguera 1861, Ferratges 1887, Ferrer 1889, Fleix 1833, Fontanellas (abans Fontanelles) 1849, Forgas (abans Forgues) 1919,&nbsp;<em>Garriga-Nogu\u00e9s<\/em>&nbsp;(abans Garriga) 1921, Gibert (1856), Girona 1893 i 1917,&nbsp;<em>God\u00f3<\/em>&nbsp;1916,&nbsp;<em>Gri\u00f1\u00f3<\/em>&nbsp;(abans Griny\u00f3) 1920, G\u00fcell 1865 i 1877,&nbsp;<em>G\u00fcell<\/em>&nbsp;1908, Jover 1896,&nbsp;<em>Juli\u00e0<\/em>&nbsp;1901,&nbsp;<em>Lacambra<\/em>&nbsp;1927, 1833, Manso 1844,&nbsp;<em>Maristany<\/em>&nbsp;(abans Marestany) 1911 i 1918,&nbsp;<em>Mil\u00e0<\/em>&nbsp;1926, Miquel 1925,&nbsp;<em>Mola<\/em>&nbsp;1948, Mor\u00e9 (abans Morer) 1879, Muntadas (abans Muntades) 1908, Nuet 1871,&nbsp;<em>Or\u00f3<\/em>&nbsp;2003, Pla 1884, Prim 1843, Puig 1848,&nbsp;<em>Quadras<\/em>&nbsp;(abans Quadres) 1900, Rabell 1897, Remisa 1840,&nbsp;<em>Rialp<\/em>&nbsp;(abans Rialb) 1925, Riera 1833, Rius 1871, Rius 1888,&nbsp;<em>Robert<\/em>&nbsp;1891, Roma\u00f1\u00e0 (abans Romany\u00e0) 1913,&nbsp;<em>Romeu<\/em>&nbsp;1888,&nbsp;<em>Romeu<\/em>&nbsp;1922,&nbsp;<em>Rumeu<\/em>&nbsp;(abans Romeu) 1901,&nbsp;<em>Sagnier<\/em>&nbsp;1922,&nbsp;<em>Sala<\/em>&nbsp;1926,&nbsp;<em>Sam\u00e0<\/em>&nbsp;(abans Samar) 1860, 1872, i 1893,&nbsp;<em>Samaranch<\/em>&nbsp;1991,&nbsp;<em>Sanllehy<\/em>&nbsp;1919, Sanpera 1913, Sarri 1897,&nbsp;<em>Sert<\/em>&nbsp;(abans Cert) 1904,&nbsp;<em>Sicart<\/em>&nbsp;1875,&nbsp;<em>Soler<\/em>&nbsp;1880,&nbsp;<em>T\u00e0pies<\/em>&nbsp;(2010),&nbsp;<em>Tarradellas<\/em>&nbsp;(abans Terradelles) 1986,&nbsp;<em>Torroja<\/em>&nbsp;1973,&nbsp;<em>Vilallonga<\/em>&nbsp;1901, Vives 1833.<\/p>\n\n\n\n<p>Autor: Armand de Fluvi\u00e0<br>Direcci\u00f3 i producci\u00f3: Ignasi Ametlla<br>Pr\u00f2leg: Francesc Cabana<br>Escuts: Xavier Garcia<br>Relleu portada: Brian Caffrey<br>Format: 30 x 42 cm (A3)<br>Presentaci\u00f3: Relligat en tela i daurat<br>Paper: blanc-cru 100 gr.<br>ISBN: 84-941352-1-7 (obra completa)<br>P\u00e0gines: 139, 78 fam\u00edlies i 56 escuts en color.<br><em>P.V.P. : 215 euros<\/em><\/p>\n\n\n\n<p>Per a veure el contingut:<\/p>\n\n\n\n<figure class=\"wp-block-embed is-type-video is-provider-youtube wp-block-embed-youtube wp-embed-aspect-4-3 wp-has-aspect-ratio\"><div class=\"wp-block-embed__wrapper\">\n<iframe loading=\"lazy\" title=\"NOBILIARI GENERAL CATAL\u00c0. Volum V\" width=\"660\" height=\"495\" src=\"https:\/\/www.youtube.com\/embed\/1H9UhUcLT9s?feature=oembed\" frameborder=\"0\" allow=\"accelerometer; autoplay; clipboard-write; encrypted-media; gyroscope; picture-in-picture; web-share\" referrerpolicy=\"strict-origin-when-cross-origin\" allowfullscreen><\/iframe>\n<\/div><\/figure>\n\n\n\n<p><\/p>\n\n\n\n<p><\/p>\n\n\n\n<p><a href=\"mailto:armand@armanddefluvia.com\"><\/a>Informaci\u00f3 i compra:&nbsp;<a href=\"mailto:correu@icgenher.cat\">correu@icgenher.cat<\/a><\/p>\n\n\n\n<p><strong>Volums Publicats: El volum I, volum II-A, Volum 3 i 4-A,  <strong>Volum 3 i 4-B<\/strong> <\/strong>,  <strong>Volum 3 i 4-C<\/strong> <strong> i el volum V.<\/strong><\/p>\n","protected":false},"excerpt":{"rendered":"<p>&#8220;Nobiliari general catal\u00e0&#8221;, les fam\u00edlies nobles catalanes per Armand de Fluvi\u00e0 El genealogista, heraldista i president de la Instituci\u00f3 Catalana de Genealogia i Her\u00e0ldica \u00e9s una de les persones que m\u00e9s sap de marquesos, ducs i comtes, \u00e9s a dir, de la noblesa. Armand de Fluvi\u00e0 ens ha vingut a presentar la seva opera magna, &#8230;<\/p>\n<p><a href=\"https:\/\/iafgh.cat\/?p=1911\" class=\"more-link\">More <span class=\"meta-nav\">&rarr;<\/span><\/a><\/p>\n","protected":false},"author":1,"featured_media":991,"comment_status":"closed","ping_status":"closed","sticky":false,"template":"","format":"standard","meta":{"footnotes":""},"categories":[1],"tags":[],"class_list":["post-1911","post","type-post","status-publish","format-standard","has-post-thumbnail","hentry","category-general"],"_links":{"self":[{"href":"https:\/\/iafgh.cat\/index.php?rest_route=\/wp\/v2\/posts\/1911","targetHints":{"allow":["GET"]}}],"collection":[{"href":"https:\/\/iafgh.cat\/index.php?rest_route=\/wp\/v2\/posts"}],"about":[{"href":"https:\/\/iafgh.cat\/index.php?rest_route=\/wp\/v2\/types\/post"}],"author":[{"embeddable":true,"href":"https:\/\/iafgh.cat\/index.php?rest_route=\/wp\/v2\/users\/1"}],"replies":[{"embeddable":true,"href":"https:\/\/iafgh.cat\/index.php?rest_route=%2Fwp%2Fv2%2Fcomments&post=1911"}],"version-history":[{"count":16,"href":"https:\/\/iafgh.cat\/index.php?rest_route=\/wp\/v2\/posts\/1911\/revisions"}],"predecessor-version":[{"id":2881,"href":"https:\/\/iafgh.cat\/index.php?rest_route=\/wp\/v2\/posts\/1911\/revisions\/2881"}],"wp:featuredmedia":[{"embeddable":true,"href":"https:\/\/iafgh.cat\/index.php?rest_route=\/wp\/v2\/media\/991"}],"wp:attachment":[{"href":"https:\/\/iafgh.cat\/index.php?rest_route=%2Fwp%2Fv2%2Fmedia&parent=1911"}],"wp:term":[{"taxonomy":"category","embeddable":true,"href":"https:\/\/iafgh.cat\/index.php?rest_route=%2Fwp%2Fv2%2Fcategories&post=1911"},{"taxonomy":"post_tag","embeddable":true,"href":"https:\/\/iafgh.cat\/index.php?rest_route=%2Fwp%2Fv2%2Ftags&post=1911"}],"curies":[{"name":"wp","href":"https:\/\/api.w.org\/{rel}","templated":true}]}}